{"id":9536,"date":"2025-02-24T11:00:52","date_gmt":"2025-02-24T14:00:52","guid":{"rendered":"https:\/\/focotocantinense.com.br\/?p=9536"},"modified":"2025-02-24T11:01:37","modified_gmt":"2025-02-24T14:01:37","slug":"seminario-cultural-debate-hip-hop-em-escola-de-araguaina","status":"publish","type":"post","link":"https:\/\/focotocantinense.com.br\/?p=9536","title":{"rendered":"Semin\u00e1rio Cultural debate hip hop em escola de Aragua\u00edna"},"content":{"rendered":"\n<p><strong>Por Rodrigo Martins<\/strong><\/p>\n\n\n\n<p>Alunos do Col\u00e9gio Estadual Jorge Amado, em Aragua\u00edna\/TO, participaram do&nbsp;<strong>5\u00ba Semin\u00e1rio de Pol\u00edticas Culturais<\/strong>. O evento foi promovido no dia 21 pelo Comit\u00ea de Cultura no Tocantins, por meio da Federa\u00e7\u00e3o Tocantinense de Artes C\u00eanicas (FETAC). Os estudantes e convidados puderam conhecer mais sobre o impacto social e art\u00edstico do hip hop e do grafite, com uma programa\u00e7\u00e3o recheada de palestras, apresenta\u00e7\u00f5es de dan\u00e7a, rap e batalhas de rima.<\/p>\n\n\n\n<p>Fernando Amorim, presidente da Associa\u00e7\u00e3o de Hip Hop de Aragua\u00edna, foi um dos respons\u00e1veis por conduzir as discuss\u00f5es. Ele aproveitou a oportunidade para conversar com os alunos sobre a hist\u00f3ria e a import\u00e2ncia do hip hop como ferramenta de combate ao preconceito e de empoderamento para a juventude. \u201cO hip hop vem crescendo cada vez mais, ganhando mais espa\u00e7o. Ver o&nbsp;<em>breaking dance&nbsp;<\/em>nas Olimp\u00edadas \u00e9 s\u00f3 um exemplo do qu\u00e3o longe essa cultura pode chegar\u201d, comentou .&nbsp;<\/p>\n\n\n\n<p>A energia dos jovens durante o evento foi algo que Vit\u00f3ria Louren\u00e7o, MC de batalha de rimas e agente territorial de cultura, destacou com entusiasmo. \u201c\u00c9 sempre incr\u00edvel ver a anima\u00e7\u00e3o da galera e a forma como eles se entregam \u00e0s atividades culturais. Esse tipo de investimento \u00e9 essencial, pois d\u00e1 visibilidade para as v\u00e1rias formas de express\u00e3o art\u00edstica\u201d, comentou. Ela tamb\u00e9m ressaltou como o hip hop se torna ferramenta importante para empoderar a juventude, ajudando a fortalecer sua conex\u00e3o com a cultura e a identidade.<\/p>\n\n\n\n<p>Para L\u00facia Helena, coordenadora pedag\u00f3gica do Col\u00e9gio Jorge Amado, o evento foi uma grande oportunidade para a escola. \u201cEstamos muito felizes de poder compartilhar esses saberes com nossos alunos. A cultura precisa ser valorizada, e \u00e9 muito bom ver o Governo Federal investindo em a\u00e7\u00f5es como os Comit\u00eas de Cultura, e os editais como Aldir Blanc e Paulo Gustavo\u201d, afirmou L\u00facia, que tamb\u00e9m ressaltou a import\u00e2ncia de combater o preconceito. &#8220;Cultura \u00e9 vida e conviv\u00eancia&#8221;, completou, destacando a necessidade de se valorizar as manifesta\u00e7\u00f5es culturais locais.<\/p>\n\n\n\n<p>\u201cEstamos vivendo um momento de muita difus\u00e3o cultural e fortalecimento das atividades art\u00edsticas regionais\u201d, comemorou o presidente do Comit\u00ea de Cultura no Tocantins, Kak\u00e1 Nogueira. \u201cOs semin\u00e1rios de cultura, realizados de Norte a Sul do Estado, contribuem para que a sociedade conhe\u00e7a e aprecie o que \u00e9 produzido pelos artistas, em suas mais diversas vertentes. Isso valoriza quem produz e promove a cultura\u201d, completou.<\/p>\n\n\n\n<p>A organiza\u00e7\u00e3o do evento contou com a parceria do Minist\u00e9rio da Cultura (MinC), da&nbsp;<strong>Associa\u00e7\u00e3o Gurupiense de Artes\u00e3os (AGA)<\/strong>&nbsp;e do&nbsp;<strong>Instituto Social e Cultural Araguaia (ISCA)<\/strong>. Essas institui\u00e7\u00f5es t\u00eam trabalhado juntas por meio de um termo de colabora\u00e7\u00e3o de dois anos firmado com o MinC, buscando implementar o PNCC em diferentes regi\u00f5es do estado.<\/p>\n\n\n\n<p><\/p>\n","protected":false},"excerpt":{"rendered":"<p>Por Rodrigo Martins Alunos do Col\u00e9gio Estadual Jorge Amado, em Aragua\u00edna\/TO, participaram do&nbsp;5\u00ba Semin\u00e1rio de Pol\u00edticas Culturais. O evento foi promovido no dia 21 pelo Comit\u00ea de Cultura no Tocantins, por meio da Federa\u00e7\u00e3o Tocantinense de Artes C\u00eanicas (FETAC). Os estudantes e convidados puderam conhecer mais sobre o impacto social e art\u00edstico do hip hop &hellip;<\/p>\n","protected":false},"author":5,"featured_media":9538,"comment_status":"open","ping_status":"open","sticky":false,"template":"","format":"standard","meta":{"footnotes":""},"categories":[1],"tags":[],"class_list":["post-9536","post","type-post","status-publish","format-standard","has-post-thumbnail","","category-sem-categoria"],"_links":{"self":[{"href":"https:\/\/focotocantinense.com.br\/index.php?rest_route=\/wp\/v2\/posts\/9536","targetHints":{"allow":["GET"]}}],"collection":[{"href":"https:\/\/focotocantinense.com.br\/index.php?rest_route=\/wp\/v2\/posts"}],"about":[{"href":"https:\/\/focotocantinense.com.br\/index.php?rest_route=\/wp\/v2\/types\/post"}],"author":[{"embeddable":true,"href":"https:\/\/focotocantinense.com.br\/index.php?rest_route=\/wp\/v2\/users\/5"}],"replies":[{"embeddable":true,"href":"https:\/\/focotocantinense.com.br\/index.php?rest_route=%2Fwp%2Fv2%2Fcomments&post=9536"}],"version-history":[{"count":2,"href":"https:\/\/focotocantinense.com.br\/index.php?rest_route=\/wp\/v2\/posts\/9536\/revisions"}],"predecessor-version":[{"id":9541,"href":"https:\/\/focotocantinense.com.br\/index.php?rest_route=\/wp\/v2\/posts\/9536\/revisions\/9541"}],"wp:featuredmedia":[{"embeddable":true,"href":"https:\/\/focotocantinense.com.br\/index.php?rest_route=\/wp\/v2\/media\/9538"}],"wp:attachment":[{"href":"https:\/\/focotocantinense.com.br\/index.php?rest_route=%2Fwp%2Fv2%2Fmedia&parent=9536"}],"wp:term":[{"taxonomy":"category","embeddable":true,"href":"https:\/\/focotocantinense.com.br\/index.php?rest_route=%2Fwp%2Fv2%2Fcategories&post=9536"},{"taxonomy":"post_tag","embeddable":true,"href":"https:\/\/focotocantinense.com.br\/index.php?rest_route=%2Fwp%2Fv2%2Ftags&post=9536"}],"curies":[{"name":"wp","href":"https:\/\/api.w.org\/{rel}","templated":true}]}}