{"id":953,"date":"2021-03-17T13:33:53","date_gmt":"2021-03-17T16:33:53","guid":{"rendered":"http:\/\/focotocantinense.com.br\/?p=953"},"modified":"2021-03-17T13:35:36","modified_gmt":"2021-03-17T16:35:36","slug":"projeto-de-lei-que-ratifica-intencao-de-compra-de-vacinas-contra-a-covid-19-e-protocolado-na-camara-de-gurupi","status":"publish","type":"post","link":"https:\/\/focotocantinense.com.br\/?p=953","title":{"rendered":"Projeto de Lei que ratifica inten\u00e7\u00e3o de compra de vacinas contra a Covid-19 \u00e9 protocolado na C\u00e2mara de Gurupi"},"content":{"rendered":"\n<figure class=\"wp-block-image\"><img decoding=\"async\" src=\"http:\/\/gurupi.to.gov.br\/intranet3\/source\/mods\/cads\/nots\/photos\/slider\/20210317115216.jpg\" alt=\"\"\/><\/figure>\n\n\n\n<p>Foi protocolado na C\u00e2mara de Vereadores de Gurupi, nesta ter\u00e7a-feira, 16, em car\u00e1ter de urg\u00eancia urgent\u00edssima, o Projeto de Lei n\u00ba 005\/2021, cujo objetivo \u00e9 assinar o protocolo de inten\u00e7\u00f5es, firmado entre munic\u00edpios brasileiros e dirigido pela Frente Nacional de Prefeitos \u2013 FNP, para a compra de vacinas, medicamentos, insumos e equipamentos na \u00e1rea da sa\u00fade para o combate \u00e0 Covid-19.<\/p>\n\n\n\n<p>Segundo a Procuradora-geral do munic\u00edpio, Celma Milhomem, \u201ca prefeitura de Gurupi fez esse protocolo de inten\u00e7\u00f5es pedindo autoriza\u00e7\u00e3o para a C\u00e2mara junto \u00e0 frente nacional dos munic\u00edpios, que \u00e9 uma institui\u00e7\u00e3o federal, para viabilizar a compra de vacinas juntamente com outros munic\u00edpios da federa\u00e7\u00e3o, por meio de cons\u00f3rcio, para isso a lei federal que trata de cons\u00f3rcios municipais exige autoriza\u00e7\u00e3o legislativa para ades\u00e3o ao cons\u00f3rcio\u201d, explicou.<\/p>\n\n\n\n<p>A medida foi tomada em raz\u00e3o do aumento de casos da doen\u00e7a em todo o territ\u00f3rio nacional e da necessidade de vacina\u00e7\u00e3o em massa da popula\u00e7\u00e3o, n\u00e3o s\u00f3 para frear o iminente colapso generalizado na \u00e1rea da sa\u00fade, como tamb\u00e9m para retomar a atividade econ\u00f4mica, a gera\u00e7\u00e3o de emprego e renda e o conv\u00edvio social.<\/p>\n\n\n\n<p>O executivo municipal agora aguarda aprova\u00e7\u00e3o do Projeto de Lei para dar andamento a efetiva\u00e7\u00e3o da ades\u00e3o ao cons\u00f3rcio.<\/p>\n\n\n\n<p>A primeira assembleia do cons\u00f3rcio ser\u00e1 realizada no dia 22 de mar\u00e7o para deliberar sobre as futuras aquisi\u00e7\u00f5es das vacinas.<\/p>\n","protected":false},"excerpt":{"rendered":"<p>Foi protocolado na C\u00e2mara de Vereadores de Gurupi, nesta ter\u00e7a-feira, 16, em car\u00e1ter de urg\u00eancia urgent\u00edssima, o Projeto de Lei n\u00ba 005\/2021, cujo objetivo \u00e9 assinar o protocolo de inten\u00e7\u00f5es, firmado entre munic\u00edpios brasileiros e dirigido pela Frente Nacional de Prefeitos \u2013 FNP, para a compra de vacinas, medicamentos, insumos e equipamentos na \u00e1rea da &hellip;<\/p>\n","protected":false},"author":5,"featured_media":955,"comment_status":"open","ping_status":"open","sticky":true,"template":"","format":"standard","meta":{"footnotes":""},"categories":[38,1],"tags":[],"class_list":["post-953","post","type-post","status-publish","format-standard","has-post-thumbnail","","category-gurupi","category-sem-categoria"],"_links":{"self":[{"href":"https:\/\/focotocantinense.com.br\/index.php?rest_route=\/wp\/v2\/posts\/953","targetHints":{"allow":["GET"]}}],"collection":[{"href":"https:\/\/focotocantinense.com.br\/index.php?rest_route=\/wp\/v2\/posts"}],"about":[{"href":"https:\/\/focotocantinense.com.br\/index.php?rest_route=\/wp\/v2\/types\/post"}],"author":[{"embeddable":true,"href":"https:\/\/focotocantinense.com.br\/index.php?rest_route=\/wp\/v2\/users\/5"}],"replies":[{"embeddable":true,"href":"https:\/\/focotocantinense.com.br\/index.php?rest_route=%2Fwp%2Fv2%2Fcomments&post=953"}],"version-history":[{"count":1,"href":"https:\/\/focotocantinense.com.br\/index.php?rest_route=\/wp\/v2\/posts\/953\/revisions"}],"predecessor-version":[{"id":954,"href":"https:\/\/focotocantinense.com.br\/index.php?rest_route=\/wp\/v2\/posts\/953\/revisions\/954"}],"wp:featuredmedia":[{"embeddable":true,"href":"https:\/\/focotocantinense.com.br\/index.php?rest_route=\/wp\/v2\/media\/955"}],"wp:attachment":[{"href":"https:\/\/focotocantinense.com.br\/index.php?rest_route=%2Fwp%2Fv2%2Fmedia&parent=953"}],"wp:term":[{"taxonomy":"category","embeddable":true,"href":"https:\/\/focotocantinense.com.br\/index.php?rest_route=%2Fwp%2Fv2%2Fcategories&post=953"},{"taxonomy":"post_tag","embeddable":true,"href":"https:\/\/focotocantinense.com.br\/index.php?rest_route=%2Fwp%2Fv2%2Ftags&post=953"}],"curies":[{"name":"wp","href":"https:\/\/api.w.org\/{rel}","templated":true}]}}