{"id":9529,"date":"2025-02-19T08:18:45","date_gmt":"2025-02-19T11:18:45","guid":{"rendered":"https:\/\/focotocantinense.com.br\/?p=9529"},"modified":"2025-02-19T08:19:43","modified_gmt":"2025-02-19T11:19:43","slug":"representantes-das-artes-cenicas-no-tocantins-definem-presidencia-e-diretoria-para-os-proximos-cinco-anos","status":"publish","type":"post","link":"https:\/\/focotocantinense.com.br\/?p=9529","title":{"rendered":"Representantes das artes c\u00eanicas no Tocantins definem presid\u00eancia e diretoria para os pr\u00f3ximos cinco anos"},"content":{"rendered":"\n<p>A chapa \u201cUma Federa\u00e7\u00e3o Cada Vez Mais Forte\u201d foi eleita por aclama\u00e7\u00e3o para conduzir a Federa\u00e7\u00e3o Tocantinense de Artes C\u00eanicas (Fetac) pelos pr\u00f3ximos cinco anos. A nova diretoria ter\u00e1 \u00e0 frente Kak\u00e1 Nogueira (Cenaberta Produ\u00e7\u00f5es Culturais Ltda.) como presidente e Cinthia Gomes de Abreu (A Barraca \u2013 Instituto Experimental de Forma\u00e7\u00e3o e Produ\u00e7\u00e3o Ltda.) como vice-presidente.<\/p>\n\n\n\n<p>A composi\u00e7\u00e3o tamb\u00e9m conta com Bell Barbosa Gama como Secret\u00e1ria-Geral, al\u00e9m dos diretores regionais George Henrique Silva (Norte), Nival Correia de Ara\u00fajo (Central) e Fernando Fran\u00e7a Naves (Sul). O Conselho Fiscal tamb\u00e9m foi renovado, com representantes de diversas regi\u00f5es do estado.<\/p>\n\n\n\n<figure class=\"wp-block-image size-large is-resized\"><img loading=\"lazy\" decoding=\"async\" width=\"1024\" height=\"639\" src=\"https:\/\/focotocantinense.com.br\/wp-content\/uploads\/2025\/02\/Eleicao-Fetac-1024x639.jpeg\" alt=\"\" class=\"wp-image-9530\" style=\"width:365px;height:auto\" srcset=\"https:\/\/focotocantinense.com.br\/wp-content\/uploads\/2025\/02\/Eleicao-Fetac-1024x639.jpeg 1024w, https:\/\/focotocantinense.com.br\/wp-content\/uploads\/2025\/02\/Eleicao-Fetac-300x187.jpeg 300w, https:\/\/focotocantinense.com.br\/wp-content\/uploads\/2025\/02\/Eleicao-Fetac-768x479.jpeg 768w, https:\/\/focotocantinense.com.br\/wp-content\/uploads\/2025\/02\/Eleicao-Fetac.jpeg 1280w\" sizes=\"auto, (max-width: 1024px) 100vw, 1024px\" \/><\/figure>\n\n\n\n<p><\/p>\n\n\n\n<p>A elei\u00e7\u00e3o aconteceu durante Assembleia Geral da Fetac, realizada no \u00faltimo s\u00e1bado, 15, de forma online. Dentre as principais propostas da gest\u00e3o eleita, destaca-se a cria\u00e7\u00e3o do Centro Cultural da Fetac, um espa\u00e7o dedicado \u00e0 produ\u00e7\u00e3o, forma\u00e7\u00e3o e difus\u00e3o das artes c\u00eanicas no Tocantins. O projeto t\u00e9cnico j\u00e1 conta com parcerias estrat\u00e9gicas e apoios institucionais, visando oferecer uma estrutura completa para atender artistas, grupos e t\u00e9cnicos do setor.<\/p>\n\n\n\n<p>O presidente eleito da Fetac, Kak\u00e1 Nogueira, ressaltou a import\u00e2ncia do momento para a entidade e o setor cultural do estado: \u201cEssa elei\u00e7\u00e3o representa a continuidade do trabalho que temos realizado e um passo fundamental para fortalecer ainda mais a atua\u00e7\u00e3o da Fetac. Nosso compromisso \u00e9 garantir melhores condi\u00e7\u00f5es para os profissionais das artes c\u00eanicas e consolidar o Centro Cultural como um espa\u00e7o de refer\u00eancia para a cultura tocantinense\u201d, disse.<\/p>\n\n\n\n<p>Nos \u00faltimos anos, a Fetac se destacou por diversas iniciativas em prol do fortalecimento do setor cultural. Entre as principais realiza\u00e7\u00f5es est\u00e3o a regulamenta\u00e7\u00e3o jur\u00eddica da entidade, a cria\u00e7\u00e3o de canais institucionais de comunica\u00e7\u00e3o e a lideran\u00e7a no Movimento Mobiliza Tocantins. A gest\u00e3o tamb\u00e9m foi respons\u00e1vel por projetos como o \u201cCircuito de Forma\u00e7\u00e3o C\u00eanica da Fetac\u201d e a implanta\u00e7\u00e3o do Programa de Forma\u00e7\u00e3o Art\u00edstica (Profoart), al\u00e9m da participa\u00e7\u00e3o ativa nos debates sobre as Leis Aldir Blanc e Paulo Gustavo.<\/p>\n\n\n\n<p>Outro avan\u00e7o significativo foi tornar-se Comit\u00ea de Cultura, via sele\u00e7\u00e3o p\u00fablica do Minist\u00e9rio da Cultura (MinC), al\u00e9m de amplia\u00e7\u00e3o de sua atua\u00e7\u00e3o para todas as regi\u00f5es do estado, por meio de programas de capacita\u00e7\u00e3o e fomento.<\/p>\n\n\n\n<p><strong>Chapa \u201cUma Federa\u00e7\u00e3o Cada Vez Mais Forte\u201d<\/strong><\/p>\n\n\n\n<p>Kak\u00e1 Nogueira \u2013 Presidente<\/p>\n\n\n\n<p>Cinthia Abreu \u2013 Vice-presidente<\/p>\n\n\n\n<p>Bell Gama &#8211; Secret\u00e1ria-Geral<\/p>\n\n\n\n<p>Diretores-regionais &#8211; George Henrique Silva (Norte), Nival Correia (Central) e Fernando Fran\u00e7a (Sul).<\/p>\n\n\n\n<p>Conselho Fiscal &#8211; Guilherme Vieira (Norte), Marcela Pultrini (Central) e Vin\u00edcius Martins (Sul).<\/p>\n\n\n\n<figure class=\"wp-block-image size-full\"><img loading=\"lazy\" decoding=\"async\" width=\"843\" height=\"251\" src=\"https:\/\/focotocantinense.com.br\/wp-content\/uploads\/2025\/02\/midia-vinicius-3.jpg\" alt=\"\" class=\"wp-image-9517\" srcset=\"https:\/\/focotocantinense.com.br\/wp-content\/uploads\/2025\/02\/midia-vinicius-3.jpg 843w, https:\/\/focotocantinense.com.br\/wp-content\/uploads\/2025\/02\/midia-vinicius-3-300x89.jpg 300w, https:\/\/focotocantinense.com.br\/wp-content\/uploads\/2025\/02\/midia-vinicius-3-768x229.jpg 768w\" sizes=\"auto, (max-width: 843px) 100vw, 843px\" \/><\/figure>\n\n\n\n<p><\/p>\n","protected":false},"excerpt":{"rendered":"<p>A chapa \u201cUma Federa\u00e7\u00e3o Cada Vez Mais Forte\u201d foi eleita por aclama\u00e7\u00e3o para conduzir a Federa\u00e7\u00e3o Tocantinense de Artes C\u00eanicas (Fetac) pelos pr\u00f3ximos cinco anos. A nova diretoria ter\u00e1 \u00e0 frente Kak\u00e1 Nogueira (Cenaberta Produ\u00e7\u00f5es Culturais Ltda.) como presidente e Cinthia Gomes de Abreu (A Barraca \u2013 Instituto Experimental de Forma\u00e7\u00e3o e Produ\u00e7\u00e3o Ltda.) como &hellip;<\/p>\n","protected":false},"author":5,"featured_media":9530,"comment_status":"open","ping_status":"open","sticky":false,"template":"","format":"standard","meta":{"footnotes":""},"categories":[104],"tags":[],"class_list":["post-9529","post","type-post","status-publish","format-standard","has-post-thumbnail","","category-cultura"],"_links":{"self":[{"href":"https:\/\/focotocantinense.com.br\/index.php?rest_route=\/wp\/v2\/posts\/9529","targetHints":{"allow":["GET"]}}],"collection":[{"href":"https:\/\/focotocantinense.com.br\/index.php?rest_route=\/wp\/v2\/posts"}],"about":[{"href":"https:\/\/focotocantinense.com.br\/index.php?rest_route=\/wp\/v2\/types\/post"}],"author":[{"embeddable":true,"href":"https:\/\/focotocantinense.com.br\/index.php?rest_route=\/wp\/v2\/users\/5"}],"replies":[{"embeddable":true,"href":"https:\/\/focotocantinense.com.br\/index.php?rest_route=%2Fwp%2Fv2%2Fcomments&post=9529"}],"version-history":[{"count":3,"href":"https:\/\/focotocantinense.com.br\/index.php?rest_route=\/wp\/v2\/posts\/9529\/revisions"}],"predecessor-version":[{"id":9534,"href":"https:\/\/focotocantinense.com.br\/index.php?rest_route=\/wp\/v2\/posts\/9529\/revisions\/9534"}],"wp:featuredmedia":[{"embeddable":true,"href":"https:\/\/focotocantinense.com.br\/index.php?rest_route=\/wp\/v2\/media\/9530"}],"wp:attachment":[{"href":"https:\/\/focotocantinense.com.br\/index.php?rest_route=%2Fwp%2Fv2%2Fmedia&parent=9529"}],"wp:term":[{"taxonomy":"category","embeddable":true,"href":"https:\/\/focotocantinense.com.br\/index.php?rest_route=%2Fwp%2Fv2%2Fcategories&post=9529"},{"taxonomy":"post_tag","embeddable":true,"href":"https:\/\/focotocantinense.com.br\/index.php?rest_route=%2Fwp%2Fv2%2Ftags&post=9529"}],"curies":[{"name":"wp","href":"https:\/\/api.w.org\/{rel}","templated":true}]}}