{"id":9522,"date":"2025-02-18T20:33:08","date_gmt":"2025-02-18T23:33:08","guid":{"rendered":"https:\/\/focotocantinense.com.br\/?p=9522"},"modified":"2025-02-18T20:44:17","modified_gmt":"2025-02-18T23:44:17","slug":"prefeito-elton-moreira-firma-parceria-para-garantir-bolsas-universitarias-a-estudantes-de-cariri","status":"publish","type":"post","link":"https:\/\/focotocantinense.com.br\/?p=9522","title":{"rendered":"Prefeito Elton Moreira firma parceria para garantir bolsas universit\u00e1rias a estudantes de Cariri"},"content":{"rendered":"\n<p><strong>Por Jonas Amaral<\/strong><\/p>\n\n\n\n<p>Na manh\u00e3 desta ter\u00e7a-feira (18), o prefeito de Cariri do Tocantins, Elton Moreira, reafirmou seu compromisso com a educa\u00e7\u00e3o ao firmar uma parceria importante com as institui\u00e7\u00f5es de ensino superior UNIPLAN e UNIGRANDE. O encontro, realizado no gabinete do prefeito, contou com a presen\u00e7a da Coordenadora Geral das faculdades, Patr\u00edcia Melo.<\/p>\n\n\n\n<figure class=\"wp-block-image size-large is-resized\"><img loading=\"lazy\" decoding=\"async\" width=\"1024\" height=\"576\" src=\"https:\/\/focotocantinense.com.br\/wp-content\/uploads\/2025\/02\/Elton-Moreia-1-1536x864-1-1024x576.jpeg\" alt=\"\" class=\"wp-image-9523\" style=\"width:374px;height:auto\" srcset=\"https:\/\/focotocantinense.com.br\/wp-content\/uploads\/2025\/02\/Elton-Moreia-1-1536x864-1-1024x576.jpeg 1024w, https:\/\/focotocantinense.com.br\/wp-content\/uploads\/2025\/02\/Elton-Moreia-1-1536x864-1-300x169.jpeg 300w, https:\/\/focotocantinense.com.br\/wp-content\/uploads\/2025\/02\/Elton-Moreia-1-1536x864-1-768x432.jpeg 768w, https:\/\/focotocantinense.com.br\/wp-content\/uploads\/2025\/02\/Elton-Moreia-1-1536x864-1.jpeg 1536w\" sizes=\"auto, (max-width: 1024px) 100vw, 1024px\" \/><\/figure>\n\n\n\n<p><strong><em>Bolsas universit\u00e1rias para os acad\u00eamicos de Cariri<\/em><\/strong><\/p>\n\n\n\n<p>O conv\u00eanio estabelecido garantir\u00e1 bolsas universit\u00e1rias para os estudantes do munic\u00edpio, ampliando as oportunidades de acesso ao ensino superior. A iniciativa tem como objetivo principal facilitar a forma\u00e7\u00e3o acad\u00eamica dos jovens caririenses, abrindo portas para um futuro mais promissor.<\/p>\n\n\n\n<p><strong><em>Educa\u00e7\u00e3o como prioridade<\/em><\/strong><\/p>\n\n\n\n<p>Para o prefeito Elton Moreira, investir na educa\u00e7\u00e3o \u00e9 um dos pilares fundamentais para o crescimento de Cariri do Tocantins. A oferta de bolsas universit\u00e1rias representa um passo significativo na constru\u00e7\u00e3o de um munic\u00edpio mais desenvolvido, capacitando sua popula\u00e7\u00e3o e preparando os jovens para o mercado de trabalho.<\/p>\n\n\n\n<p><strong><em>Compromisso com o desenvolvimento de Cariri<\/em><\/strong><\/p>\n\n\n\n<p>A gest\u00e3o municipal segue focada em criar oportunidades que impactem positivamente a vida da popula\u00e7\u00e3o. A parceria com a UNIPLAN e UNIGRANDE refor\u00e7a a busca por uma educa\u00e7\u00e3o de qualidade e acess\u00edvel para todos, garantindo que mais jovens possam realizar o sonho da gradua\u00e7\u00e3o e contribuir com o progresso do munic\u00edpio.<\/p>\n\n\n\n<figure class=\"wp-block-image size-large is-resized\"><img loading=\"lazy\" decoding=\"async\" width=\"576\" height=\"1024\" src=\"https:\/\/focotocantinense.com.br\/wp-content\/uploads\/2025\/02\/Elton-Moreia-2-scaled-1-576x1024.jpeg\" alt=\"\" class=\"wp-image-9527\" style=\"width:840px;height:auto\" srcset=\"https:\/\/focotocantinense.com.br\/wp-content\/uploads\/2025\/02\/Elton-Moreia-2-scaled-1-576x1024.jpeg 576w, https:\/\/focotocantinense.com.br\/wp-content\/uploads\/2025\/02\/Elton-Moreia-2-scaled-1-169x300.jpeg 169w, https:\/\/focotocantinense.com.br\/wp-content\/uploads\/2025\/02\/Elton-Moreia-2-scaled-1-768x1365.jpeg 768w, https:\/\/focotocantinense.com.br\/wp-content\/uploads\/2025\/02\/Elton-Moreia-2-scaled-1-864x1536.jpeg 864w, https:\/\/focotocantinense.com.br\/wp-content\/uploads\/2025\/02\/Elton-Moreia-2-scaled-1-1152x2048.jpeg 1152w, https:\/\/focotocantinense.com.br\/wp-content\/uploads\/2025\/02\/Elton-Moreia-2-scaled-1.jpeg 1440w\" sizes=\"auto, (max-width: 576px) 100vw, 576px\" \/><\/figure>\n\n\n\n<p><\/p>\n\n\n\n<figure class=\"wp-block-image size-full\"><img loading=\"lazy\" decoding=\"async\" width=\"843\" height=\"251\" src=\"https:\/\/focotocantinense.com.br\/wp-content\/uploads\/2025\/02\/midia-vinicius-3.jpg\" alt=\"\" class=\"wp-image-9517\" srcset=\"https:\/\/focotocantinense.com.br\/wp-content\/uploads\/2025\/02\/midia-vinicius-3.jpg 843w, https:\/\/focotocantinense.com.br\/wp-content\/uploads\/2025\/02\/midia-vinicius-3-300x89.jpg 300w, https:\/\/focotocantinense.com.br\/wp-content\/uploads\/2025\/02\/midia-vinicius-3-768x229.jpg 768w\" sizes=\"auto, (max-width: 843px) 100vw, 843px\" \/><\/figure>\n","protected":false},"excerpt":{"rendered":"<p>Por Jonas Amaral Na manh\u00e3 desta ter\u00e7a-feira (18), o prefeito de Cariri do Tocantins, Elton Moreira, reafirmou seu compromisso com a educa\u00e7\u00e3o ao firmar uma parceria importante com as institui\u00e7\u00f5es de ensino superior UNIPLAN e UNIGRANDE. O encontro, realizado no gabinete do prefeito, contou com a presen\u00e7a da Coordenadora Geral das faculdades, Patr\u00edcia Melo. Bolsas &hellip;<\/p>\n","protected":false},"author":5,"featured_media":9523,"comment_status":"open","ping_status":"open","sticky":false,"template":"","format":"standard","meta":{"footnotes":""},"categories":[65],"tags":[],"class_list":["post-9522","post","type-post","status-publish","format-standard","has-post-thumbnail","","category-cariri"],"_links":{"self":[{"href":"https:\/\/focotocantinense.com.br\/index.php?rest_route=\/wp\/v2\/posts\/9522","targetHints":{"allow":["GET"]}}],"collection":[{"href":"https:\/\/focotocantinense.com.br\/index.php?rest_route=\/wp\/v2\/posts"}],"about":[{"href":"https:\/\/focotocantinense.com.br\/index.php?rest_route=\/wp\/v2\/types\/post"}],"author":[{"embeddable":true,"href":"https:\/\/focotocantinense.com.br\/index.php?rest_route=\/wp\/v2\/users\/5"}],"replies":[{"embeddable":true,"href":"https:\/\/focotocantinense.com.br\/index.php?rest_route=%2Fwp%2Fv2%2Fcomments&post=9522"}],"version-history":[{"count":3,"href":"https:\/\/focotocantinense.com.br\/index.php?rest_route=\/wp\/v2\/posts\/9522\/revisions"}],"predecessor-version":[{"id":9528,"href":"https:\/\/focotocantinense.com.br\/index.php?rest_route=\/wp\/v2\/posts\/9522\/revisions\/9528"}],"wp:featuredmedia":[{"embeddable":true,"href":"https:\/\/focotocantinense.com.br\/index.php?rest_route=\/wp\/v2\/media\/9523"}],"wp:attachment":[{"href":"https:\/\/focotocantinense.com.br\/index.php?rest_route=%2Fwp%2Fv2%2Fmedia&parent=9522"}],"wp:term":[{"taxonomy":"category","embeddable":true,"href":"https:\/\/focotocantinense.com.br\/index.php?rest_route=%2Fwp%2Fv2%2Fcategories&post=9522"},{"taxonomy":"post_tag","embeddable":true,"href":"https:\/\/focotocantinense.com.br\/index.php?rest_route=%2Fwp%2Fv2%2Ftags&post=9522"}],"curies":[{"name":"wp","href":"https:\/\/api.w.org\/{rel}","templated":true}]}}