{"id":9519,"date":"2025-02-18T17:59:45","date_gmt":"2025-02-18T20:59:45","guid":{"rendered":"https:\/\/focotocantinense.com.br\/?p=9519"},"modified":"2025-02-18T17:59:45","modified_gmt":"2025-02-18T20:59:45","slug":"deputado-antonio-andrade-recebe-moeda-institucional-da-prf","status":"publish","type":"post","link":"https:\/\/focotocantinense.com.br\/?p=9519","title":{"rendered":"Deputado Antonio Andrade recebe moeda institucional da PRF"},"content":{"rendered":"\n<p>Na \u00faltima semana, o deputado federal tocantinense Antonio Andrade, foi agraciado com a moeda institucional da Pol\u00edcia Rodovi\u00e1ria Federal (PRF).<\/p>\n\n\n\n<figure class=\"wp-block-image size-full is-resized\"><img loading=\"lazy\" decoding=\"async\" width=\"1000\" height=\"1000\" src=\"https:\/\/focotocantinense.com.br\/wp-content\/uploads\/2025\/02\/WhatsApp-Image-2025-02-17-at-09.44.06.jpeg\" alt=\"\" class=\"wp-image-9520\" style=\"width:377px;height:auto\" srcset=\"https:\/\/focotocantinense.com.br\/wp-content\/uploads\/2025\/02\/WhatsApp-Image-2025-02-17-at-09.44.06.jpeg 1000w, https:\/\/focotocantinense.com.br\/wp-content\/uploads\/2025\/02\/WhatsApp-Image-2025-02-17-at-09.44.06-300x300.jpeg 300w, https:\/\/focotocantinense.com.br\/wp-content\/uploads\/2025\/02\/WhatsApp-Image-2025-02-17-at-09.44.06-150x150.jpeg 150w, https:\/\/focotocantinense.com.br\/wp-content\/uploads\/2025\/02\/WhatsApp-Image-2025-02-17-at-09.44.06-768x768.jpeg 768w\" sizes=\"auto, (max-width: 1000px) 100vw, 1000px\" \/><\/figure>\n\n\n\n<p>A moeda faz parte das atividades comemorativas do Centen\u00e1rio da PRF \u2013 criada em 28 de julho de 1928. \u00c9 uma honraria concedida aos servidores, autoridades e membros da sociedade em raz\u00e3o da gratid\u00e3o pelo empenho e pela parceria com a institui\u00e7\u00e3o.<\/p>\n\n\n\n<p>Durante a visita, o inspetor-chefe da PRF no Tocantins, Alonso Mata Trindade, destacou a atua\u00e7\u00e3o do deputado na busca de solu\u00e7\u00f5es para as demandas institucionais, enfatizando o aprimoramento da coopera\u00e7\u00e3o entre os \u00f3rg\u00e3os p\u00fablicos.<\/p>\n\n\n\n<p>O parlamentar agradeceu a moeda e destacou a atua\u00e7\u00e3o do Poder Legislativo no apoio aos \u00f3rg\u00e3os de Seguran\u00e7a P\u00fablica, por meio de seus relevantes servi\u00e7os prestados \u00e0 seguran\u00e7a vi\u00e1ria da regi\u00e3o.<\/p>\n\n\n\n<p>A entrega tamb\u00e9m contou a presen\u00e7a de Jorge Ricardo, Chefe da Delegacia de Aragua\u00edna e Almir Eust\u00e1quio, presidente do sindicato da PRF no Tocantins.<\/p>\n\n\n\n<p>Assessoria de Comunica\u00e7\u00e3o &#8211; Deputado Federal Antonio Andrade<\/p>\n","protected":false},"excerpt":{"rendered":"<p>Na \u00faltima semana, o deputado federal tocantinense Antonio Andrade, foi agraciado com a moeda institucional da Pol\u00edcia Rodovi\u00e1ria Federal (PRF). A moeda faz parte das atividades comemorativas do Centen\u00e1rio da PRF \u2013 criada em 28 de julho de 1928. \u00c9 uma honraria concedida aos servidores, autoridades e membros da sociedade em raz\u00e3o da gratid\u00e3o pelo &hellip;<\/p>\n","protected":false},"author":5,"featured_media":9520,"comment_status":"open","ping_status":"open","sticky":false,"template":"","format":"standard","meta":{"footnotes":""},"categories":[1],"tags":[],"class_list":["post-9519","post","type-post","status-publish","format-standard","has-post-thumbnail","","category-sem-categoria"],"_links":{"self":[{"href":"https:\/\/focotocantinense.com.br\/index.php?rest_route=\/wp\/v2\/posts\/9519","targetHints":{"allow":["GET"]}}],"collection":[{"href":"https:\/\/focotocantinense.com.br\/index.php?rest_route=\/wp\/v2\/posts"}],"about":[{"href":"https:\/\/focotocantinense.com.br\/index.php?rest_route=\/wp\/v2\/types\/post"}],"author":[{"embeddable":true,"href":"https:\/\/focotocantinense.com.br\/index.php?rest_route=\/wp\/v2\/users\/5"}],"replies":[{"embeddable":true,"href":"https:\/\/focotocantinense.com.br\/index.php?rest_route=%2Fwp%2Fv2%2Fcomments&post=9519"}],"version-history":[{"count":1,"href":"https:\/\/focotocantinense.com.br\/index.php?rest_route=\/wp\/v2\/posts\/9519\/revisions"}],"predecessor-version":[{"id":9521,"href":"https:\/\/focotocantinense.com.br\/index.php?rest_route=\/wp\/v2\/posts\/9519\/revisions\/9521"}],"wp:featuredmedia":[{"embeddable":true,"href":"https:\/\/focotocantinense.com.br\/index.php?rest_route=\/wp\/v2\/media\/9520"}],"wp:attachment":[{"href":"https:\/\/focotocantinense.com.br\/index.php?rest_route=%2Fwp%2Fv2%2Fmedia&parent=9519"}],"wp:term":[{"taxonomy":"category","embeddable":true,"href":"https:\/\/focotocantinense.com.br\/index.php?rest_route=%2Fwp%2Fv2%2Fcategories&post=9519"},{"taxonomy":"post_tag","embeddable":true,"href":"https:\/\/focotocantinense.com.br\/index.php?rest_route=%2Fwp%2Fv2%2Ftags&post=9519"}],"curies":[{"name":"wp","href":"https:\/\/api.w.org\/{rel}","templated":true}]}}