{"id":9512,"date":"2025-02-18T16:04:41","date_gmt":"2025-02-18T19:04:41","guid":{"rendered":"https:\/\/focotocantinense.com.br\/?p=9512"},"modified":"2025-02-18T16:05:43","modified_gmt":"2025-02-18T19:05:43","slug":"5o-seminario-de-politicas-culturais-sera-realizado-em-araguaina-nesta-sexta-feira","status":"publish","type":"post","link":"https:\/\/focotocantinense.com.br\/?p=9512","title":{"rendered":"5\u00ba Semin\u00e1rio de Pol\u00edticas Culturais ser\u00e1 realizado em Aragua\u00edna nesta sexta-feira"},"content":{"rendered":"\n<p><strong>Por Rodrigo Martins<\/strong><\/p>\n\n\n\n<p>O Comit\u00ea de Cultura no Tocantins, por meio da Federa\u00e7\u00e3o Tocantinense de Artes C\u00eanicas (FETAC), realizar\u00e1, no dia 21 de fevereiro, em Aragua\u00edna, o&nbsp;5\u00ba Semin\u00e1rio de Pol\u00edticas Culturais. Nesta edi\u00e7\u00e3o, a tem\u00e1tica \u00e9 voltada para o impacto da cultura hip hop e do grafite no cen\u00e1rio art\u00edstico e social da cidade, destacando sua relev\u00e2ncia na constru\u00e7\u00e3o da identidade cultural e no fortalecimento das pol\u00edticas p\u00fablicas para a arte urbana. O evento acontecer\u00e1 a partir das 19h, no Col\u00e9gio Estadual Jorge Amado, localizado no setor Noroeste.<\/p>\n\n\n\n<figure class=\"wp-block-image size-large is-resized\"><img loading=\"lazy\" decoding=\"async\" width=\"1024\" height=\"683\" src=\"https:\/\/focotocantinense.com.br\/wp-content\/uploads\/2025\/02\/Comite-de-Cultura-Foto-Augusto-Rocha-1-1024x683.jpeg\" alt=\"\" class=\"wp-image-9515\" style=\"width:372px;height:auto\" srcset=\"https:\/\/focotocantinense.com.br\/wp-content\/uploads\/2025\/02\/Comite-de-Cultura-Foto-Augusto-Rocha-1-1024x683.jpeg 1024w, https:\/\/focotocantinense.com.br\/wp-content\/uploads\/2025\/02\/Comite-de-Cultura-Foto-Augusto-Rocha-1-300x200.jpeg 300w, https:\/\/focotocantinense.com.br\/wp-content\/uploads\/2025\/02\/Comite-de-Cultura-Foto-Augusto-Rocha-1-768x512.jpeg 768w, https:\/\/focotocantinense.com.br\/wp-content\/uploads\/2025\/02\/Comite-de-Cultura-Foto-Augusto-Rocha-1.jpeg 1204w\" sizes=\"auto, (max-width: 1024px) 100vw, 1024px\" \/><\/figure>\n\n\n\n<p><\/p>\n\n\n\n<p>Felipe Amorim, presidente da Associa\u00e7\u00e3o de Hip Hop de Aragua\u00edna comemora a realiza\u00e7\u00e3o do evento. \u201cVai ser um prazer fazer parte deste semin\u00e1rio, tendo em vista que o foco vai ser a cultura hip-hop e o grafite. Isso para a cidade de Aragua\u00edna \u00e9 como se fosse uma janela, uma vitrine para dar visibilidade \u00e0 nossa cultura\u201d, destacou.<\/p>\n\n\n\n<p>O semin\u00e1rio integra as a\u00e7\u00f5es do Comit\u00ea de Cultura no Tocantins, que faz parte do Programa Nacional dos Comit\u00eas de Cultura (PNCC). por meio da Secretaria dos Comit\u00eas de Cultura &#8211; Minist\u00e9rio da Cultura (Minc), as a\u00e7\u00f5es buscam promover a coopera\u00e7\u00e3o federativa, ampliar o acesso \u00e0s pol\u00edticas p\u00fablicas de cultura, fortalecendo a democracia e a participa\u00e7\u00e3o cidad\u00e3.&nbsp;<\/p>\n\n\n\n<p>\u201cNossa miss\u00e3o \u00e9 criar um ambiente prop\u00edcio para a troca de experi\u00eancias e constru\u00e7\u00e3o de pol\u00edticas culturais mais inclusivas, garantindo que todas as comunidades do Tocantins tenham acesso a iniciativas culturais, com a clareza de que a cultura \u00e9 um direito\u201d, destacou, Kak\u00e1 Nogueira, Coordenador Geral do Comit\u00ea de Cultura no Tocantins e Presidente da FETAC.<\/p>\n\n\n\n<p>A organiza\u00e7\u00e3o do evento conta com a parceria do Minist\u00e9rio da Cultura (MinC), da&nbsp;Associa\u00e7\u00e3o Gurupiense de Artes\u00e3os (AGA)&nbsp;e do&nbsp;Instituto Social e Cultural Araguaia (ISCA). Essas institui\u00e7\u00f5es t\u00eam trabalhado juntas por meio de um termo de colabora\u00e7\u00e3o de dois anos firmado com o MinC, buscando implementar o PNCC em diferentes regi\u00f5es do estado.<\/p>\n\n\n\n<p><strong>O Comit\u00ea<\/strong><\/p>\n\n\n\n<p>Com sede em Palmas, o Comit\u00ea de Cultura no Tocantins \u00e9 coordenado por Kak\u00e1 Nogueira e Wanderson Ramos, contando ainda com uma equipe gestora e representa\u00e7\u00f5es regionais em Gurupi e Aragua\u00edna. A atua\u00e7\u00e3o em Aragua\u00edna refor\u00e7a o compromisso de ampliar as a\u00e7\u00f5es culturais no norte do estado.<\/p>\n\n\n\n<figure class=\"wp-block-image size-full\"><img loading=\"lazy\" decoding=\"async\" width=\"843\" height=\"251\" src=\"https:\/\/focotocantinense.com.br\/wp-content\/uploads\/2025\/02\/midia-vinicius-3.jpg\" alt=\"\" class=\"wp-image-9517\" srcset=\"https:\/\/focotocantinense.com.br\/wp-content\/uploads\/2025\/02\/midia-vinicius-3.jpg 843w, https:\/\/focotocantinense.com.br\/wp-content\/uploads\/2025\/02\/midia-vinicius-3-300x89.jpg 300w, https:\/\/focotocantinense.com.br\/wp-content\/uploads\/2025\/02\/midia-vinicius-3-768x229.jpg 768w\" sizes=\"auto, (max-width: 843px) 100vw, 843px\" \/><\/figure>\n","protected":false},"excerpt":{"rendered":"<p>Por Rodrigo Martins O Comit\u00ea de Cultura no Tocantins, por meio da Federa\u00e7\u00e3o Tocantinense de Artes C\u00eanicas (FETAC), realizar\u00e1, no dia 21 de fevereiro, em Aragua\u00edna, o&nbsp;5\u00ba Semin\u00e1rio de Pol\u00edticas Culturais. Nesta edi\u00e7\u00e3o, a tem\u00e1tica \u00e9 voltada para o impacto da cultura hip hop e do grafite no cen\u00e1rio art\u00edstico e social da cidade, destacando &hellip;<\/p>\n","protected":false},"author":5,"featured_media":9513,"comment_status":"open","ping_status":"open","sticky":false,"template":"","format":"standard","meta":{"footnotes":""},"categories":[45],"tags":[],"class_list":["post-9512","post","type-post","status-publish","format-standard","has-post-thumbnail","","category-araguaina"],"_links":{"self":[{"href":"https:\/\/focotocantinense.com.br\/index.php?rest_route=\/wp\/v2\/posts\/9512","targetHints":{"allow":["GET"]}}],"collection":[{"href":"https:\/\/focotocantinense.com.br\/index.php?rest_route=\/wp\/v2\/posts"}],"about":[{"href":"https:\/\/focotocantinense.com.br\/index.php?rest_route=\/wp\/v2\/types\/post"}],"author":[{"embeddable":true,"href":"https:\/\/focotocantinense.com.br\/index.php?rest_route=\/wp\/v2\/users\/5"}],"replies":[{"embeddable":true,"href":"https:\/\/focotocantinense.com.br\/index.php?rest_route=%2Fwp%2Fv2%2Fcomments&post=9512"}],"version-history":[{"count":3,"href":"https:\/\/focotocantinense.com.br\/index.php?rest_route=\/wp\/v2\/posts\/9512\/revisions"}],"predecessor-version":[{"id":9518,"href":"https:\/\/focotocantinense.com.br\/index.php?rest_route=\/wp\/v2\/posts\/9512\/revisions\/9518"}],"wp:featuredmedia":[{"embeddable":true,"href":"https:\/\/focotocantinense.com.br\/index.php?rest_route=\/wp\/v2\/media\/9513"}],"wp:attachment":[{"href":"https:\/\/focotocantinense.com.br\/index.php?rest_route=%2Fwp%2Fv2%2Fmedia&parent=9512"}],"wp:term":[{"taxonomy":"category","embeddable":true,"href":"https:\/\/focotocantinense.com.br\/index.php?rest_route=%2Fwp%2Fv2%2Fcategories&post=9512"},{"taxonomy":"post_tag","embeddable":true,"href":"https:\/\/focotocantinense.com.br\/index.php?rest_route=%2Fwp%2Fv2%2Ftags&post=9512"}],"curies":[{"name":"wp","href":"https:\/\/api.w.org\/{rel}","templated":true}]}}