{"id":9498,"date":"2025-02-17T17:39:43","date_gmt":"2025-02-17T20:39:43","guid":{"rendered":"https:\/\/focotocantinense.com.br\/?p=9498"},"modified":"2025-02-17T17:43:08","modified_gmt":"2025-02-17T20:43:08","slug":"prefeita-josi-nunes-e-governador-wanderlei-barbosa-prestigiam-final-da-copa-do-craque-e-destacam-apoio-ao-esporte","status":"publish","type":"post","link":"https:\/\/focotocantinense.com.br\/?p=9498","title":{"rendered":"Prefeita Josi Nunes e governador Wanderlei Barbosa prestigiam final da Copa do Craque e destacam apoio ao esporte"},"content":{"rendered":"\n<p><\/p>\n\n\n\n<p>A prefeita de Gurupi, Josi Nunes, e o vice-prefeito Adailton Fonseca, recepcionaram neste domingo, 16, o governador do Tocantins, Wanderlei Barbosa, e a primeira-dama Karynne Sotero, para prestigiarem a grande final da 38\u00aa edi\u00e7\u00e3o da Copa do Craque de Futebol Amador de Gurupi. A competi\u00e7\u00e3o, considerada a maior de futebol de terr\u00e3o do Estado, reuniu milhares de espectadores na Arena Nova Fronteira, que presenciaram o Vila Nova, de Gurupi, ser campe\u00e3o pela s\u00e9tima vez.<\/p>\n\n\n\n<p>Na disputa pelo t\u00edtulo, a equipe do Vila Nova, de Gurupi, enfrentou o time de Ja\u00fa do Tocantins. No tempo normal, o jogo terminou empatado em 1 a 1, com gols de Mateus (Ja\u00fa) e Caio (Vila Nova). Nos p\u00eanaltis, o Vila Nova levou a melhor e venceu por 4 a 2, sagrando-se bi-campe\u00e3o consecutivo e hepta campe\u00e3o da Copa do Craque.<\/p>\n\n\n\n<figure class=\"wp-block-image size-full is-resized\"><img loading=\"lazy\" decoding=\"async\" width=\"1024\" height=\"670\" src=\"https:\/\/focotocantinense.com.br\/wp-content\/uploads\/2025\/02\/image.jpeg\" alt=\"O atributo alt desta imagem est\u00e1 vazio. O nome do arquivo \u00e9 aaaaaaaaaa-1024x670.jpg\" class=\"wp-image-9502\" style=\"width:389px;height:auto\" srcset=\"https:\/\/focotocantinense.com.br\/wp-content\/uploads\/2025\/02\/image.jpeg 1024w, https:\/\/focotocantinense.com.br\/wp-content\/uploads\/2025\/02\/image-300x196.jpeg 300w, https:\/\/focotocantinense.com.br\/wp-content\/uploads\/2025\/02\/image-768x503.jpeg 768w\" sizes=\"auto, (max-width: 1024px) 100vw, 1024px\" \/><\/figure>\n\n\n\n<p><\/p>\n\n\n\n<p>A prefeita Josi Nunes destacou a import\u00e2ncia da Copa do Craque para Gurupi e toda a regi\u00e3o Sul do Tocantins. \u201cEssa competi\u00e7\u00e3o j\u00e1 \u00e9 tradi\u00e7\u00e3o e atrai pessoas de toda a regi\u00e3o. Al\u00e9m de consolidar Gurupi como refer\u00eancia no esporte, a Copa do Craque tamb\u00e9m une as pessoas, que gostam de prestigiar e se divertir durante os jogos. E a Prefeitura de Gurupi apoia integralmente essa grande festa do futebol amador\u201d, afirmou.<\/p>\n\n\n\n<figure class=\"wp-block-image size-large\"><img loading=\"lazy\" decoding=\"async\" width=\"1024\" height=\"546\" src=\"https:\/\/focotocantinense.com.br\/wp-content\/uploads\/2025\/02\/IMG-20250216-WA0094-1220x650-1-1024x546.jpg\" alt=\"\" class=\"wp-image-9501\" srcset=\"https:\/\/focotocantinense.com.br\/wp-content\/uploads\/2025\/02\/IMG-20250216-WA0094-1220x650-1-1024x546.jpg 1024w, https:\/\/focotocantinense.com.br\/wp-content\/uploads\/2025\/02\/IMG-20250216-WA0094-1220x650-1-300x160.jpg 300w, https:\/\/focotocantinense.com.br\/wp-content\/uploads\/2025\/02\/IMG-20250216-WA0094-1220x650-1-768x409.jpg 768w, https:\/\/focotocantinense.com.br\/wp-content\/uploads\/2025\/02\/IMG-20250216-WA0094-1220x650-1-310x165.jpg 310w, https:\/\/focotocantinense.com.br\/wp-content\/uploads\/2025\/02\/IMG-20250216-WA0094-1220x650-1.jpg 1220w\" sizes=\"auto, (max-width: 1024px) 100vw, 1024px\" \/><\/figure>\n\n\n\n<p><\/p>\n\n\n\n<p>O governador Wanderlei Barbosa tamb\u00e9m ressaltou a import\u00e2ncia do evento e o incentivo do Estado ao esporte. \u201cParabenizo Gurupi pela grandeza desta competi\u00e7\u00e3o, que mobiliza a comunidade esportiva e movimenta a economia local. Quero tamb\u00e9m cumprimentar todos os organizadores e colaboradores que tornam esse evento poss\u00edvel. O Governo do Estado sempre contribuir\u00e1 com parcerias para fortalecer o esporte no Tocantins\u201d, declarou.<\/p>\n\n\n\n<figure class=\"wp-block-image size-large\"><img loading=\"lazy\" decoding=\"async\" width=\"1024\" height=\"684\" src=\"https:\/\/focotocantinense.com.br\/wp-content\/uploads\/2025\/02\/bbbbbbbbbbbbbbbbb-1024x684.jpg\" alt=\"\" class=\"wp-image-9506\" srcset=\"https:\/\/focotocantinense.com.br\/wp-content\/uploads\/2025\/02\/bbbbbbbbbbbbbbbbb-1024x684.jpg 1024w, https:\/\/focotocantinense.com.br\/wp-content\/uploads\/2025\/02\/bbbbbbbbbbbbbbbbb-300x200.jpg 300w, https:\/\/focotocantinense.com.br\/wp-content\/uploads\/2025\/02\/bbbbbbbbbbbbbbbbb-768x513.jpg 768w, https:\/\/focotocantinense.com.br\/wp-content\/uploads\/2025\/02\/bbbbbbbbbbbbbbbbb-1536x1026.jpg 1536w, https:\/\/focotocantinense.com.br\/wp-content\/uploads\/2025\/02\/bbbbbbbbbbbbbbbbb.jpg 1600w\" sizes=\"auto, (max-width: 1024px) 100vw, 1024px\" \/><\/figure>\n\n\n\n<p><\/p>\n\n\n\n<p>O presidente da Liga Esportiva Tocantins Araguaia (LETA), Wilson Castilho, agradeceu o apoio recebido. \u201cA prefeita Josi Nunes tem sido uma grande parceira do esporte e n\u00e3o tem medido esfor\u00e7os para apoiar essa competi\u00e7\u00e3o e colocado as Secretarias \u00e0 disposi\u00e7\u00e3o. Tamb\u00e9m agradecemos ao Governo do Estado e a todos os patrocinadores e apoiadores que contribuem para o sucesso da Copa do Craque e para a realiza\u00e7\u00e3o de mais uma edi\u00e7\u00e3o\u201d, agradeceu.&nbsp;<\/p>\n\n\n\n<p><strong>Presen\u00e7as<\/strong><\/p>\n\n\n\n<p>Tamb\u00e9m prestigiaram a final o vice-governador Laurez Moreira, o deputado federal Alexandre Guimar\u00e3es, os deputados estaduais Am\u00e9lio Cayres (presidente da Aleto), Janad Valcari, Nilton Franco, Eduardo Fortes e Gutierres Torquato, o secret\u00e1rio de Estado dos Esportes e Juventude, Atos Gomes, al\u00e9m de prefeitos e vereadores da regi\u00e3o.<\/p>\n\n\n\n<figure class=\"wp-block-image size-full\"><img loading=\"lazy\" decoding=\"async\" width=\"843\" height=\"251\" src=\"https:\/\/focotocantinense.com.br\/wp-content\/uploads\/2025\/02\/midia-vinicius-2.jpg\" alt=\"\" class=\"wp-image-9492\" srcset=\"https:\/\/focotocantinense.com.br\/wp-content\/uploads\/2025\/02\/midia-vinicius-2.jpg 843w, https:\/\/focotocantinense.com.br\/wp-content\/uploads\/2025\/02\/midia-vinicius-2-300x89.jpg 300w, https:\/\/focotocantinense.com.br\/wp-content\/uploads\/2025\/02\/midia-vinicius-2-768x229.jpg 768w\" sizes=\"auto, (max-width: 843px) 100vw, 843px\" \/><\/figure>\n","protected":false},"excerpt":{"rendered":"<p>A prefeita de Gurupi, Josi Nunes, e o vice-prefeito Adailton Fonseca, recepcionaram neste domingo, 16, o governador do Tocantins, Wanderlei Barbosa, e a primeira-dama Karynne Sotero, para prestigiarem a grande final da 38\u00aa edi\u00e7\u00e3o da Copa do Craque de Futebol Amador de Gurupi. A competi\u00e7\u00e3o, considerada a maior de futebol de terr\u00e3o do Estado, reuniu &hellip;<\/p>\n","protected":false},"author":5,"featured_media":9501,"comment_status":"open","ping_status":"open","sticky":false,"template":"","format":"standard","meta":{"footnotes":""},"categories":[38],"tags":[],"class_list":["post-9498","post","type-post","status-publish","format-standard","has-post-thumbnail","","category-gurupi"],"_links":{"self":[{"href":"https:\/\/focotocantinense.com.br\/index.php?rest_route=\/wp\/v2\/posts\/9498","targetHints":{"allow":["GET"]}}],"collection":[{"href":"https:\/\/focotocantinense.com.br\/index.php?rest_route=\/wp\/v2\/posts"}],"about":[{"href":"https:\/\/focotocantinense.com.br\/index.php?rest_route=\/wp\/v2\/types\/post"}],"author":[{"embeddable":true,"href":"https:\/\/focotocantinense.com.br\/index.php?rest_route=\/wp\/v2\/users\/5"}],"replies":[{"embeddable":true,"href":"https:\/\/focotocantinense.com.br\/index.php?rest_route=%2Fwp%2Fv2%2Fcomments&post=9498"}],"version-history":[{"count":5,"href":"https:\/\/focotocantinense.com.br\/index.php?rest_route=\/wp\/v2\/posts\/9498\/revisions"}],"predecessor-version":[{"id":9508,"href":"https:\/\/focotocantinense.com.br\/index.php?rest_route=\/wp\/v2\/posts\/9498\/revisions\/9508"}],"wp:featuredmedia":[{"embeddable":true,"href":"https:\/\/focotocantinense.com.br\/index.php?rest_route=\/wp\/v2\/media\/9501"}],"wp:attachment":[{"href":"https:\/\/focotocantinense.com.br\/index.php?rest_route=%2Fwp%2Fv2%2Fmedia&parent=9498"}],"wp:term":[{"taxonomy":"category","embeddable":true,"href":"https:\/\/focotocantinense.com.br\/index.php?rest_route=%2Fwp%2Fv2%2Fcategories&post=9498"},{"taxonomy":"post_tag","embeddable":true,"href":"https:\/\/focotocantinense.com.br\/index.php?rest_route=%2Fwp%2Fv2%2Ftags&post=9498"}],"curies":[{"name":"wp","href":"https:\/\/api.w.org\/{rel}","templated":true}]}}