{"id":9487,"date":"2025-02-16T20:29:28","date_gmt":"2025-02-16T23:29:28","guid":{"rendered":"https:\/\/focotocantinense.com.br\/?p=9487"},"modified":"2025-02-16T20:37:22","modified_gmt":"2025-02-16T23:37:22","slug":"m-acao-historica-no-jalapao-governador-wanderlei-barbosa-lanca-cursos-superiores-e-projeto-de-qualificacao-para-o-turismo-do-tocantins","status":"publish","type":"post","link":"https:\/\/focotocantinense.com.br\/?p=9487","title":{"rendered":"Em a\u00e7\u00e3o hist\u00f3rica no Jalap\u00e3o, governador Wanderlei Barbosa lan\u00e7a cursos superiores e projeto de qualifica\u00e7\u00e3o para o turismo do Tocantins"},"content":{"rendered":"\n<p>O governador do Tocantins, Wanderlei Barbosa, realizou nesta sexta-feira, 14, em S\u00e3o F\u00e9lix do Tocantins, na regi\u00e3o do Jalap\u00e3o, o lan\u00e7amento da Jornada de Qualifica\u00e7\u00e3o T\u00e9cnica &#8211;&nbsp;<em>Turismo na Estrada<\/em>, projeto itinerante que visa \u00e0 promo\u00e7\u00e3o de capacita\u00e7\u00e3o para gestores municipais, empres\u00e1rios e t\u00e9cnicos do setor de turismo nas sete regi\u00f5es tur\u00edsticas do estado. Tamb\u00e9m no local, foi assinado pelo chefe do Executivo um termo de conv\u00eanio com a Universidade Federal do Tocantins (UFT) para a implementa\u00e7\u00e3o in\u00e9dita de cursos superiores na regi\u00e3o.<\/p>\n\n\n\n<p>O evento, realizado no Centro de Conven\u00e7\u00f5es do munic\u00edpio, contou com a presen\u00e7a da primeira-dama e secret\u00e1ria extraordin\u00e1ria de Participa\u00e7\u00f5es Sociais, Karynne Sotero; do secret\u00e1rio de Estado do Turismo, Hercy Filho; al\u00e9m de diversas autoridades.<\/p>\n\n\n\n<p><strong>Turismo na Estrada<\/strong><\/p>\n\n\n\n<p>Coordenado pela Secretaria de Estado do Turismo (Setur), em parceria com as prefeituras, o projeto oferecer\u00e1&nbsp;<em>workshops<\/em>, palestras e atividades interativas, abordando temas como regionaliza\u00e7\u00e3o do turismo, gest\u00e3o do setor, governan\u00e7a tur\u00edstica e planejamento estrat\u00e9gico. Ser\u00e3o debatidas diretrizes como Pol\u00edtica Nacional de Turismo; Programa de Regionaliza\u00e7\u00e3o do Turismo; eixos, diretrizes e estrat\u00e9gias; inst\u00e2ncias de governan\u00e7a regional; Plataforma de Inventaria\u00e7\u00e3o Tur\u00edstica (PIT); e Cadastro de Prestadores de Servi\u00e7os Tur\u00edsticos (Cadastur).<\/p>\n\n\n\n<p>O governador Wanderlei Barbosa destacou que o lan\u00e7amento do programa de capacita\u00e7\u00e3o representa um grande avan\u00e7o para o turismo jalapoeiro. \u201cPromover a qualifica\u00e7\u00e3o dos profissionais do setor \u00e9 essencial para fortalecer a atividade tur\u00edstica, gerar mais oportunidades e garantir um desenvolvimento para a regi\u00e3o\u201d, evidenciou o governador.<\/p>\n\n\n\n<p>Para o secret\u00e1rio de Estado do Turismo, Hercy Filho, o projeto reflete a preocupa\u00e7\u00e3o do Governo do Tocantins em garantir um setor cada vez mais estruturado e competitivo. \u201cO turismo \u00e9 um dos pilares do desenvolvimento do nosso estado e essa jornada de qualifica\u00e7\u00e3o \u00e9 um marco no fortalecimento do setor. Percorreremos todo o Tocantins, levando conhecimento e promovendo a integra\u00e7\u00e3o das regi\u00f5es tur\u00edsticas. Nossos objetivos s\u00e3o capacitar os profissionais, alinhar estrat\u00e9gias e garantir que o turismo local se torne cada vez mais eficiente e sustent\u00e1vel\u201d, afirmou.<\/p>\n\n\n\n<p>O&nbsp;<em>Turismo na Estrada<\/em>&nbsp;objetiva fortalecer a governan\u00e7a e a articula\u00e7\u00e3o regional para impulsionar o turismo no Tocantins, promovendo maior integra\u00e7\u00e3o das regi\u00f5es no cen\u00e1rio nacional, al\u00e9m de aprimorar a qualidade dos servi\u00e7os oferecidos aos visitantes e implementar pr\u00e1ticas que minimizem os impactos ambientais nos roteiros.<\/p>\n\n\n\n<p><strong>Treinamento focado na temporada de praia<\/strong><\/p>\n\n\n\n<p>A iniciativa tamb\u00e9m contar\u00e1 com um treinamento direcionado \u00e0 temporada de praia 2025, baseado em um diagn\u00f3stico realizado em 2024, que mapeou os principais desafios enfrentados no per\u00edodo anterior. O objetivo \u00e9 aplicar estrat\u00e9gias sustent\u00e1veis para garantir uma temporada bem-estruturada em 2025.<\/p>\n\n\n\n<p><strong>Conv\u00eanio com a UFT<\/strong><\/p>\n\n\n\n<p>Na ocasi\u00e3o, o governador Wanderlei Barbosa assinou o termo de conv\u00eanio com a Universidade Federal do Tocantins (UFT) que, em parceria com a Funda\u00e7\u00e3o de Apoio Cient\u00edfico e Tecnol\u00f3gico do Tocantins (Fapto), garantir\u00e1 a implementa\u00e7\u00e3o do curso superior em Turismo Patrimonial e Socioambiental e do Curso de Guia de Turismo no Jalap\u00e3o. Os cursos superiores, que ser\u00e3o implementados pela primeira vez de forma presencial fora dos c\u00e2mpus da institui\u00e7\u00e3o, ir\u00e3o capacitar os profissionais para atuarem na gest\u00e3o e na opera\u00e7\u00e3o do turismo, promovendo o desenvolvimento econ\u00f4mico e social sustent\u00e1vel.<\/p>\n\n\n\n<p>\u201cQueremos descentralizar o conhecimento, lev\u00e1-lo \u00e0s comunidades para que elas n\u00e3o precisem se deslocar para estudar. O que n\u00f3s estamos realizando aqui \u00e9 algo extraordin\u00e1rio, a forma\u00e7\u00e3o e a qualifica\u00e7\u00e3o do povo. Al\u00e9m da infraestrutura, investimos na qualifica\u00e7\u00e3o das pessoas, pensando nos estudantes da regi\u00e3o. Precisamos capacitar n\u00e3o s\u00f3 para o turismo, mas tamb\u00e9m para o agroneg\u00f3cio, o com\u00e9rcio, o empreendedorismo e a educa\u00e7\u00e3o como um todo\u201d, enfatizou o governador Wanderlei Barbosa.<\/p>\n\n\n\n<figure class=\"wp-block-gallery has-nested-images columns-default is-cropped wp-block-gallery-1 is-layout-flex wp-block-gallery-is-layout-flex\">\n<figure class=\"wp-block-image size-large\"><img loading=\"lazy\" decoding=\"async\" width=\"883\" height=\"546\" data-id=\"9494\" src=\"https:\/\/focotocantinense.com.br\/wp-content\/uploads\/2025\/02\/413214-1.jpg\" alt=\"\" class=\"wp-image-9494\" srcset=\"https:\/\/focotocantinense.com.br\/wp-content\/uploads\/2025\/02\/413214-1.jpg 883w, https:\/\/focotocantinense.com.br\/wp-content\/uploads\/2025\/02\/413214-1-300x186.jpg 300w, https:\/\/focotocantinense.com.br\/wp-content\/uploads\/2025\/02\/413214-1-768x475.jpg 768w\" sizes=\"auto, (max-width: 883px) 100vw, 883px\" \/><\/figure>\n<\/figure>\n\n\n\n<p><\/p>\n\n\n\n<p>O reitor da UFT, Lu\u00eds Eduardo Bovolato, reiterou a import\u00e2ncia da presen\u00e7a da universidade na transforma\u00e7\u00e3o local, evidenciando a parceria com o Governo do Tocantins. \u201cEsse \u00e9 um marco para a universidade e um passo importante para o desenvolvimento regional, gra\u00e7as \u00e0 parceria do Governo do Tocantins, por meio da Secretaria de Turismo do Tocantins, e da Prefeitura de S\u00e3o F\u00e9lix, que acreditaram na proposta e investiram em infraestrutura para reduzir o isolamento da regi\u00e3o. Com as obras anunciadas pelo Governo do Tocantins, a forma\u00e7\u00e3o de profissionais qualificados, incluindo guias, ganha um novo impulso. Esse \u00e9 um momento hist\u00f3rico para a universidade e um avan\u00e7o significativo para a educa\u00e7\u00e3o e o desenvolvimento local\u201d, acrescentou o gestor.<\/p>\n\n\n\n<figure class=\"wp-block-image\"><img decoding=\"async\" src=\"https:\/\/central.to.gov.br\/image\/413211?w=670&amp;h=414\" alt=\"\"\/><\/figure>\n\n\n\n<p><strong><em>Secret\u00e1rio de Estado do Turismo, Hercy Filho, destaca a import\u00e2ncia do projeto Turismo na Estrada para fortalecer o setor e impulsionar a economia das regi\u00f5es tur\u00edsticas do Tocantins &#8211; M\u00e1rcio Vieira\/Governo do Tocantins<\/em><\/strong><\/p>\n\n\n\n<p><\/p>\n\n\n\n<p>Moradora de S\u00e3o F\u00e9lix desde 1989, Delzuite Pereira Rocha, de 53 anos, montou a&nbsp;<em>Pousada da Del<\/em>&nbsp;em 2020 e comemorou tanto as capacita\u00e7\u00f5es para os comerciantes quanto a oferta de cursos profissionalizantes. \u201cQuando eu cheguei aqui em 1989, era muito dif\u00edcil, as coisas foram melhorando com o tempo. Em 2020, eu montei minha pousadinha, ela \u00e9 bem simples, mas tem me ajudado muito e eu espero poder participar dessa capacita\u00e7\u00e3o sobre o turismo daqui, porque acredito que vai engrandecer muito o nosso com\u00e9rcio e a nossa cidade. Depois do Wanderlei, as coisas melhoraram bastante e espero que melhorem cada vez mais\u201d, expressou.<\/p>\n\n\n\n<p><strong>Presen\u00e7as<\/strong><\/p>\n\n\n\n<p>Tamb\u00e9m estiveram presentes no lan\u00e7amento o deputado estadual e presidente da Assembleia Legislativa do Tocantins (Aleto), Am\u00e9lio Cayres; deputados; o presidente da Ag\u00eancia de Fomento, Portilho Prado; o comandante-geral da Pol\u00edcia Militar do Tocantins, coronel M\u00e1rcio Ant\u00f4nio Barbosa; presidentes de autarquias; secret\u00e1rios de Estado; al\u00e9m de vereadores e demais lideran\u00e7as locais.<\/p>\n\n\n\n<figure class=\"wp-block-image size-full\"><img loading=\"lazy\" decoding=\"async\" width=\"843\" height=\"251\" src=\"https:\/\/focotocantinense.com.br\/wp-content\/uploads\/2025\/02\/midia-vinicius-2.jpg\" alt=\"\" class=\"wp-image-9492\" srcset=\"https:\/\/focotocantinense.com.br\/wp-content\/uploads\/2025\/02\/midia-vinicius-2.jpg 843w, https:\/\/focotocantinense.com.br\/wp-content\/uploads\/2025\/02\/midia-vinicius-2-300x89.jpg 300w, https:\/\/focotocantinense.com.br\/wp-content\/uploads\/2025\/02\/midia-vinicius-2-768x229.jpg 768w\" sizes=\"auto, (max-width: 843px) 100vw, 843px\" \/><\/figure>\n","protected":false},"excerpt":{"rendered":"<p>O governador do Tocantins, Wanderlei Barbosa, realizou nesta sexta-feira, 14, em S\u00e3o F\u00e9lix do Tocantins, na regi\u00e3o do Jalap\u00e3o, o lan\u00e7amento da Jornada de Qualifica\u00e7\u00e3o T\u00e9cnica &#8211;&nbsp;Turismo na Estrada, projeto itinerante que visa \u00e0 promo\u00e7\u00e3o de capacita\u00e7\u00e3o para gestores municipais, empres\u00e1rios e t\u00e9cnicos do setor de turismo nas sete regi\u00f5es tur\u00edsticas do estado. Tamb\u00e9m no &hellip;<\/p>\n","protected":false},"author":5,"featured_media":9488,"comment_status":"open","ping_status":"open","sticky":false,"template":"","format":"standard","meta":{"footnotes":""},"categories":[1],"tags":[],"class_list":["post-9487","post","type-post","status-publish","format-standard","has-post-thumbnail","","category-sem-categoria"],"_links":{"self":[{"href":"https:\/\/focotocantinense.com.br\/index.php?rest_route=\/wp\/v2\/posts\/9487","targetHints":{"allow":["GET"]}}],"collection":[{"href":"https:\/\/focotocantinense.com.br\/index.php?rest_route=\/wp\/v2\/posts"}],"about":[{"href":"https:\/\/focotocantinense.com.br\/index.php?rest_route=\/wp\/v2\/types\/post"}],"author":[{"embeddable":true,"href":"https:\/\/focotocantinense.com.br\/index.php?rest_route=\/wp\/v2\/users\/5"}],"replies":[{"embeddable":true,"href":"https:\/\/focotocantinense.com.br\/index.php?rest_route=%2Fwp%2Fv2%2Fcomments&post=9487"}],"version-history":[{"count":6,"href":"https:\/\/focotocantinense.com.br\/index.php?rest_route=\/wp\/v2\/posts\/9487\/revisions"}],"predecessor-version":[{"id":9497,"href":"https:\/\/focotocantinense.com.br\/index.php?rest_route=\/wp\/v2\/posts\/9487\/revisions\/9497"}],"wp:featuredmedia":[{"embeddable":true,"href":"https:\/\/focotocantinense.com.br\/index.php?rest_route=\/wp\/v2\/media\/9488"}],"wp:attachment":[{"href":"https:\/\/focotocantinense.com.br\/index.php?rest_route=%2Fwp%2Fv2%2Fmedia&parent=9487"}],"wp:term":[{"taxonomy":"category","embeddable":true,"href":"https:\/\/focotocantinense.com.br\/index.php?rest_route=%2Fwp%2Fv2%2Fcategories&post=9487"},{"taxonomy":"post_tag","embeddable":true,"href":"https:\/\/focotocantinense.com.br\/index.php?rest_route=%2Fwp%2Fv2%2Ftags&post=9487"}],"curies":[{"name":"wp","href":"https:\/\/api.w.org\/{rel}","templated":true}]}}