{"id":9477,"date":"2025-02-13T17:44:19","date_gmt":"2025-02-13T20:44:19","guid":{"rendered":"https:\/\/focotocantinense.com.br\/?p=9477"},"modified":"2025-02-13T17:52:17","modified_gmt":"2025-02-13T20:52:17","slug":"prefeitura-de-gurupi-promove-treinamento-em-primeiros-socorros-para-servidores-da-instituicao-de-acolhimento-crianca-cidada","status":"publish","type":"post","link":"https:\/\/focotocantinense.com.br\/?p=9477","title":{"rendered":"Prefeitura de Gurupi promove treinamento em Primeiros Socorros para servidores da Institui\u00e7\u00e3o de Acolhimento Crian\u00e7a Cidad\u00e3"},"content":{"rendered":"\n<p><strong>Por Vin\u00edcius Martins \u2013 Ascom\/Semas<\/strong><\/p>\n\n\n\n<p>Nesta quinta-feira, 13, os servidores da Institui\u00e7\u00e3o de Acolhimento Crian\u00e7a Cidad\u00e3, participaram de uma capacita\u00e7\u00e3o em No\u00e7\u00f5es B\u00e1sicas de Primeiros Socorros, ministrada pelo Instrutor de Primeiros Socorros Jailson Andrade, da JA Cursos e Treinamentos. A a\u00e7\u00e3o foi promovida pela Prefeitura de Gurupi, por meio da Secretaria Municipal de Assist\u00eancia Social.&nbsp;<\/p>\n\n\n\n<figure class=\"wp-block-image size-full is-resized\"><img loading=\"lazy\" decoding=\"async\" width=\"768\" height=\"432\" src=\"https:\/\/focotocantinense.com.br\/wp-content\/uploads\/2025\/02\/IMG-20250213-WA0176-768x432-1.jpg\" alt=\"\" class=\"wp-image-9480\" style=\"width:383px;height:auto\" srcset=\"https:\/\/focotocantinense.com.br\/wp-content\/uploads\/2025\/02\/IMG-20250213-WA0176-768x432-1.jpg 768w, https:\/\/focotocantinense.com.br\/wp-content\/uploads\/2025\/02\/IMG-20250213-WA0176-768x432-1-300x169.jpg 300w\" sizes=\"auto, (max-width: 768px) 100vw, 768px\" \/><\/figure>\n\n\n\n<p><\/p>\n\n\n\n<p>Na ocasi\u00e3o, foram ensinados procedimentos de primeiros socorros em situa\u00e7\u00f5es de obstru\u00e7\u00e3o de vias a\u00e9reas por corpos estranhos (engasgos), parada cardiorrespirat\u00f3ria e parada respirat\u00f3ria.<\/p>\n\n\n\n<p>O treinamento foi de grande import\u00e2ncia para os servidores, principalmente para prepar\u00e1-los em situa\u00e7\u00f5es de emerg\u00eancia, que podem envolver risco de vida ou agravamento de les\u00f5es. Os primeiros socorros s\u00e3o medidas simples e r\u00e1pidas que visam estabilizar o estado da v\u00edtima at\u00e9 a chegada do atendimento especializado.<\/p>\n\n\n\n<figure class=\"wp-block-image size-large is-resized\"><img loading=\"lazy\" decoding=\"async\" width=\"1024\" height=\"576\" src=\"https:\/\/focotocantinense.com.br\/wp-content\/uploads\/2025\/02\/aaaaaaaaaaaaaaaa-1024x576.jpg\" alt=\"\" class=\"wp-image-9478\" style=\"width:368px;height:auto\" srcset=\"https:\/\/focotocantinense.com.br\/wp-content\/uploads\/2025\/02\/aaaaaaaaaaaaaaaa-1024x576.jpg 1024w, https:\/\/focotocantinense.com.br\/wp-content\/uploads\/2025\/02\/aaaaaaaaaaaaaaaa-300x169.jpg 300w, https:\/\/focotocantinense.com.br\/wp-content\/uploads\/2025\/02\/aaaaaaaaaaaaaaaa-768x432.jpg 768w, https:\/\/focotocantinense.com.br\/wp-content\/uploads\/2025\/02\/aaaaaaaaaaaaaaaa-1536x864.jpg 1536w, https:\/\/focotocantinense.com.br\/wp-content\/uploads\/2025\/02\/aaaaaaaaaaaaaaaa-2048x1152.jpg 2048w\" sizes=\"auto, (max-width: 1024px) 100vw, 1024px\" \/><\/figure>\n\n\n\n<p><\/p>\n\n\n\n<p>O Instrutor de Primeiros Socorros, Jailson Andrade, ressaltou ser um defensor dos primeiros socorros. \u201c\u00c9 gratificante ver a equipe estar disposta a aprender, n\u00e3o h\u00e1 coisa melhor do que voc\u00ea querer ensinar e do outro lado a pessoa querendo aprender, fico feliz pela disposi\u00e7\u00e3o de toda equipe em querer aprender, por que a emerg\u00eancia pode acontecer em qualquer lugar, seja na institui\u00e7\u00e3o, na rua, ou em casa, e precisamos estar preparados\u201d, finalizou.<\/p>\n\n\n\n<p>Segundo Licemara Cardoso, coordenadora da institui\u00e7\u00e3o, a iniciativa \u00e9 de extrema import\u00e2ncia. \u201c\u00c9 muito importante o treinamento para que cada vez mais nossa equipe possa estar preparada para realizar qualquer interven\u00e7\u00e3o no primeiro momento caso aconte\u00e7a alguma intercorr\u00eancia com os assistidos pelo equipamento\u201d, destacou.<\/p>\n\n\n\n<figure class=\"wp-block-image size-full is-resized\"><img loading=\"lazy\" decoding=\"async\" width=\"768\" height=\"432\" src=\"https:\/\/focotocantinense.com.br\/wp-content\/uploads\/2025\/02\/ccccccccccccccccc.jpg\" alt=\"\" class=\"wp-image-9485\" style=\"width:840px;height:auto\" srcset=\"https:\/\/focotocantinense.com.br\/wp-content\/uploads\/2025\/02\/ccccccccccccccccc.jpg 768w, https:\/\/focotocantinense.com.br\/wp-content\/uploads\/2025\/02\/ccccccccccccccccc-300x169.jpg 300w\" sizes=\"auto, (max-width: 768px) 100vw, 768px\" \/><\/figure>\n\n\n\n<p><\/p>\n\n\n\n<p>A secret\u00e1ria Municipal de Assist\u00eancia Social, Rayanne Nascimento, destaca a import\u00e2ncia de saber o que fazer em situa\u00e7\u00f5es de iminente risco \u00e0 vida. &#8220;Este treinamento tem o objetivo de orientar os profissionais da Assist\u00eancia Social sobre como realizar o primeiro atendimento em situa\u00e7\u00f5es de urg\u00eancia e emerg\u00eancia. A maneira como esses casos s\u00e3o tratados pode influenciar os resultados, e at\u00e9 mesmo ajudar a salvar vidas. Por isso, quero destacar a import\u00e2ncia do conhecimento que est\u00e1 sendo compartilhado, especialmente no que diz respeito ao atendimento de crian\u00e7as&#8221;, comentou.<\/p>\n\n\n\n<figure class=\"wp-block-image size-full\"><img loading=\"lazy\" decoding=\"async\" width=\"843\" height=\"251\" src=\"https:\/\/focotocantinense.com.br\/wp-content\/uploads\/2025\/02\/midia-vinicius-1.jpg\" alt=\"\" class=\"wp-image-9470\" srcset=\"https:\/\/focotocantinense.com.br\/wp-content\/uploads\/2025\/02\/midia-vinicius-1.jpg 843w, https:\/\/focotocantinense.com.br\/wp-content\/uploads\/2025\/02\/midia-vinicius-1-300x89.jpg 300w, https:\/\/focotocantinense.com.br\/wp-content\/uploads\/2025\/02\/midia-vinicius-1-768x229.jpg 768w\" sizes=\"auto, (max-width: 843px) 100vw, 843px\" \/><\/figure>\n","protected":false},"excerpt":{"rendered":"<p>Por Vin\u00edcius Martins \u2013 Ascom\/Semas Nesta quinta-feira, 13, os servidores da Institui\u00e7\u00e3o de Acolhimento Crian\u00e7a Cidad\u00e3, participaram de uma capacita\u00e7\u00e3o em No\u00e7\u00f5es B\u00e1sicas de Primeiros Socorros, ministrada pelo Instrutor de Primeiros Socorros Jailson Andrade, da JA Cursos e Treinamentos. A a\u00e7\u00e3o foi promovida pela Prefeitura de Gurupi, por meio da Secretaria Municipal de Assist\u00eancia Social.&nbsp; &hellip;<\/p>\n","protected":false},"author":5,"featured_media":9478,"comment_status":"open","ping_status":"open","sticky":false,"template":"","format":"standard","meta":{"footnotes":""},"categories":[1],"tags":[],"class_list":["post-9477","post","type-post","status-publish","format-standard","has-post-thumbnail","","category-sem-categoria"],"_links":{"self":[{"href":"https:\/\/focotocantinense.com.br\/index.php?rest_route=\/wp\/v2\/posts\/9477","targetHints":{"allow":["GET"]}}],"collection":[{"href":"https:\/\/focotocantinense.com.br\/index.php?rest_route=\/wp\/v2\/posts"}],"about":[{"href":"https:\/\/focotocantinense.com.br\/index.php?rest_route=\/wp\/v2\/types\/post"}],"author":[{"embeddable":true,"href":"https:\/\/focotocantinense.com.br\/index.php?rest_route=\/wp\/v2\/users\/5"}],"replies":[{"embeddable":true,"href":"https:\/\/focotocantinense.com.br\/index.php?rest_route=%2Fwp%2Fv2%2Fcomments&post=9477"}],"version-history":[{"count":6,"href":"https:\/\/focotocantinense.com.br\/index.php?rest_route=\/wp\/v2\/posts\/9477\/revisions"}],"predecessor-version":[{"id":9486,"href":"https:\/\/focotocantinense.com.br\/index.php?rest_route=\/wp\/v2\/posts\/9477\/revisions\/9486"}],"wp:featuredmedia":[{"embeddable":true,"href":"https:\/\/focotocantinense.com.br\/index.php?rest_route=\/wp\/v2\/media\/9478"}],"wp:attachment":[{"href":"https:\/\/focotocantinense.com.br\/index.php?rest_route=%2Fwp%2Fv2%2Fmedia&parent=9477"}],"wp:term":[{"taxonomy":"category","embeddable":true,"href":"https:\/\/focotocantinense.com.br\/index.php?rest_route=%2Fwp%2Fv2%2Fcategories&post=9477"},{"taxonomy":"post_tag","embeddable":true,"href":"https:\/\/focotocantinense.com.br\/index.php?rest_route=%2Fwp%2Fv2%2Ftags&post=9477"}],"curies":[{"name":"wp","href":"https:\/\/api.w.org\/{rel}","templated":true}]}}