{"id":9467,"date":"2025-02-12T20:31:39","date_gmt":"2025-02-12T23:31:39","guid":{"rendered":"https:\/\/focotocantinense.com.br\/?p=9467"},"modified":"2025-02-12T21:04:54","modified_gmt":"2025-02-13T00:04:54","slug":"comite-de-cultura-no-tocantins-faz-parceria-com-grupo-de-hip-hop-para-realizacao-de-eventos-em-gurupi","status":"publish","type":"post","link":"https:\/\/focotocantinense.com.br\/?p=9467","title":{"rendered":"Comit\u00ea de Cultura no Tocantins faz parceria com grupo de hip hop para realiza\u00e7\u00e3o de eventos em Gurupi"},"content":{"rendered":"\n<p><strong>Por Zacarias Martins<\/strong><\/p>\n\n\n\n<p><strong>Foto: Lett\u00edcia Japiass\u00fa<\/strong><\/p>\n\n\n\n<p>Na noite de ter\u00e7a-feira(11), representantes da regional sul e sudeste do Comit\u00ea de Cultura no Tocantins, estiveram reunidos em Gurupi com os representantes do grupo de hip hop A Batalha da Norte para delinear as parcerias para algumas a\u00e7\u00f5es desse grupo e&nbsp; que ser\u00e3o colocadas em pr\u00e1tica no decorrer deste ano.nas escolas do munic\u00edpio, conforme proposta do Comit\u00ea.<\/p>\n\n\n\n<p>Em nome do Comit\u00ea de Cultura, a coordenadora do Comit\u00ea e presidente da Associa\u00e7\u00e3o Gurupiense de Artes\u00e3os (AGA), Maria do Socorro, falou sobre a disposi\u00e7\u00e3o\u00a0 de apoio do Comit\u00ea tamb\u00e9m\u00a0 para a realiza\u00e7\u00e3o de outros eventos, como o denominado de\u00a0 \u00a0A Batalha da Norte,\u00a0 tradicionalmente organizado pelo grupo que \u00e9 coordenado por\u00a0 Lucas Reset. Ele\u00a0 explicou que esse evento \u00e9\u00a0 realizado com disputas de rimas a cada 15 dias, al\u00e9m da modalidade de Slam Po\u00e9tico, que\u00a0 \u00e9 uma competi\u00e7\u00e3o de poesia falada, onde os poetas se apresentam em batalhas. O termo vem do ingl\u00eas e significa &#8220;batida&#8221;.<\/p>\n\n\n\n<p>\u00a0O Slam surgiu nos anos 1980,\u00a0 em Chicago, nos Estados Unidos, com o poeta Marc Smith, sendo que\u00a0 foi introduzido no Brasil em 2008 pela artista Roberta Estrela D&#8217;Alva, atrav\u00e9s do ZAP! (Zona Aut\u00f4noma da Palavra).\u00a0 \u00a0A proposta apresentada pelo Comit\u00ea prev\u00ea exposi\u00e7\u00e3o dos artistas, palco aberto e descentraliza\u00e7\u00e3o\u00a0 dos eventos da pista da pista de skate, levando para as pra\u00e7as nos setores da cidade.\u00a0\u00a0<\/p>\n\n\n\n<p><strong>Sobre a batalha<\/strong><\/p>\n\n\n\n<p>A Batalha da Norte&nbsp; &nbsp;\u00e9 um evento que acontece em Gurupi h\u00e1 12 anos, e j\u00e1 trouxe v\u00e1rios MCs que se destacam no cen\u00e1rio nacional.&nbsp; MC \u00e9 a abrevia\u00e7\u00e3o de &#8220;Mestre de Cerim\u00f4nias&#8221;, que \u00e9 uma pessoa que se encarrega de entreter o p\u00fablico em um evento. A sigla \u00e9 muito usada no \u00e2mbito musical, principalmente nos g\u00eaneros. Hoje,o grupo busca a&nbsp; cria\u00e7\u00e3o da Liga Tocantinense de Freestyle, que&nbsp; \u00e9 uma forma de dan\u00e7ar sem uma coreografia pr\u00e9-estabelecida.&nbsp; &nbsp;<\/p>\n\n\n\n<p><strong>Maior integra\u00e7\u00e3o<\/strong><\/p>\n\n\n\n<p>De acordo com o coordenador do grupo de hip hop A&nbsp; Batalha da Norte, Lucas Reset, os praticantes desse movimento&nbsp; cultural est\u00e3o em busca de mecanismos que possibilitem&nbsp; uma maior&nbsp; integra\u00e7\u00e3o com os outros grupos do estado, fortalecendo, assim,&nbsp; o movimento, hip hop tocantinense.&nbsp; Por isso, Reset v\u00ea com bons olhos a parceria com o Comit\u00ea de Cultura no Tocantins.&nbsp; &nbsp;<\/p>\n\n\n\n<p>&nbsp;A coordenadora do Comit\u00ea de Cultura, Maria do Socorro,&nbsp; destaca o papel fundamental do hip hop para a inclus\u00e3o social de muitos jovens que \u201cpodem ter um futuro melhor, que podem se inspirar a ter uma vida melhor com a arte&#8221;, ressaltou a coordenadora.<\/p>\n\n\n\n<figure class=\"wp-block-image size-large\"><img loading=\"lazy\" decoding=\"async\" width=\"1024\" height=\"576\" src=\"https:\/\/focotocantinense.com.br\/wp-content\/uploads\/2025\/02\/1-Reuniao-com-o-pessoal-do-Hip-Hop-e-o-Comite-de-Cultura-Goto-Letticia-Japiassu-2-1024x576.jpg\" alt=\"\" class=\"wp-image-9469\" srcset=\"https:\/\/focotocantinense.com.br\/wp-content\/uploads\/2025\/02\/1-Reuniao-com-o-pessoal-do-Hip-Hop-e-o-Comite-de-Cultura-Goto-Letticia-Japiassu-2-1024x576.jpg 1024w, https:\/\/focotocantinense.com.br\/wp-content\/uploads\/2025\/02\/1-Reuniao-com-o-pessoal-do-Hip-Hop-e-o-Comite-de-Cultura-Goto-Letticia-Japiassu-2-300x169.jpg 300w, https:\/\/focotocantinense.com.br\/wp-content\/uploads\/2025\/02\/1-Reuniao-com-o-pessoal-do-Hip-Hop-e-o-Comite-de-Cultura-Goto-Letticia-Japiassu-2-768x432.jpg 768w, https:\/\/focotocantinense.com.br\/wp-content\/uploads\/2025\/02\/1-Reuniao-com-o-pessoal-do-Hip-Hop-e-o-Comite-de-Cultura-Goto-Letticia-Japiassu-2-1536x864.jpg 1536w, https:\/\/focotocantinense.com.br\/wp-content\/uploads\/2025\/02\/1-Reuniao-com-o-pessoal-do-Hip-Hop-e-o-Comite-de-Cultura-Goto-Letticia-Japiassu-2-2048x1152.jpg 2048w\" sizes=\"auto, (max-width: 1024px) 100vw, 1024px\" \/><\/figure>\n\n\n\n<p><\/p>\n\n\n\n<p><strong>Colabora\u00e7\u00e3o<\/strong><\/p>\n\n\n\n<p>O Comit\u00ea de Cultura no Tocantins \u00e9 coordenado por Kak\u00e1 Nogueira por meio da&nbsp; Federa\u00e7\u00e3o Tocantinense de Artes C\u00eanicas (FETAC) da qual \u00e9 presidente, em parceria com a Associa\u00e7\u00e3o Gurupiense de Artes\u00e3os (AGA) e o Instituto Cultural e Social Araguaia (ISCA). Essas organiza\u00e7\u00f5es est\u00e3o unidas por um termo de colabora\u00e7\u00e3o, com dura\u00e7\u00e3o de dois anos, firmado com o Minist\u00e9rio da Cultura (MinC). Juntas, elas trabalham para implementar o Programa Nacional de Comit\u00eas de Cultura (PNCC) em diversas regi\u00f5es do Estado.<\/p>\n\n\n\n<figure class=\"wp-block-image size-full\"><img loading=\"lazy\" decoding=\"async\" width=\"843\" height=\"251\" src=\"https:\/\/focotocantinense.com.br\/wp-content\/uploads\/2025\/02\/midia-vinicius-1.jpg\" alt=\"\" class=\"wp-image-9470\" srcset=\"https:\/\/focotocantinense.com.br\/wp-content\/uploads\/2025\/02\/midia-vinicius-1.jpg 843w, https:\/\/focotocantinense.com.br\/wp-content\/uploads\/2025\/02\/midia-vinicius-1-300x89.jpg 300w, https:\/\/focotocantinense.com.br\/wp-content\/uploads\/2025\/02\/midia-vinicius-1-768x229.jpg 768w\" sizes=\"auto, (max-width: 843px) 100vw, 843px\" \/><\/figure>\n","protected":false},"excerpt":{"rendered":"<p>Por Zacarias Martins Foto: Lett\u00edcia Japiass\u00fa Na noite de ter\u00e7a-feira(11), representantes da regional sul e sudeste do Comit\u00ea de Cultura no Tocantins, estiveram reunidos em Gurupi com os representantes do grupo de hip hop A Batalha da Norte para delinear as parcerias para algumas a\u00e7\u00f5es desse grupo e&nbsp; que ser\u00e3o colocadas em pr\u00e1tica no decorrer &hellip;<\/p>\n","protected":false},"author":5,"featured_media":9463,"comment_status":"open","ping_status":"open","sticky":false,"template":"","format":"standard","meta":{"footnotes":""},"categories":[38],"tags":[],"class_list":["post-9467","post","type-post","status-publish","format-standard","has-post-thumbnail","","category-gurupi"],"_links":{"self":[{"href":"https:\/\/focotocantinense.com.br\/index.php?rest_route=\/wp\/v2\/posts\/9467","targetHints":{"allow":["GET"]}}],"collection":[{"href":"https:\/\/focotocantinense.com.br\/index.php?rest_route=\/wp\/v2\/posts"}],"about":[{"href":"https:\/\/focotocantinense.com.br\/index.php?rest_route=\/wp\/v2\/types\/post"}],"author":[{"embeddable":true,"href":"https:\/\/focotocantinense.com.br\/index.php?rest_route=\/wp\/v2\/users\/5"}],"replies":[{"embeddable":true,"href":"https:\/\/focotocantinense.com.br\/index.php?rest_route=%2Fwp%2Fv2%2Fcomments&post=9467"}],"version-history":[{"count":4,"href":"https:\/\/focotocantinense.com.br\/index.php?rest_route=\/wp\/v2\/posts\/9467\/revisions"}],"predecessor-version":[{"id":9475,"href":"https:\/\/focotocantinense.com.br\/index.php?rest_route=\/wp\/v2\/posts\/9467\/revisions\/9475"}],"wp:featuredmedia":[{"embeddable":true,"href":"https:\/\/focotocantinense.com.br\/index.php?rest_route=\/wp\/v2\/media\/9463"}],"wp:attachment":[{"href":"https:\/\/focotocantinense.com.br\/index.php?rest_route=%2Fwp%2Fv2%2Fmedia&parent=9467"}],"wp:term":[{"taxonomy":"category","embeddable":true,"href":"https:\/\/focotocantinense.com.br\/index.php?rest_route=%2Fwp%2Fv2%2Fcategories&post=9467"},{"taxonomy":"post_tag","embeddable":true,"href":"https:\/\/focotocantinense.com.br\/index.php?rest_route=%2Fwp%2Fv2%2Ftags&post=9467"}],"curies":[{"name":"wp","href":"https:\/\/api.w.org\/{rel}","templated":true}]}}