{"id":9454,"date":"2025-02-11T17:18:24","date_gmt":"2025-02-11T20:18:24","guid":{"rendered":"https:\/\/focotocantinense.com.br\/?p=9454"},"modified":"2025-02-11T17:18:50","modified_gmt":"2025-02-11T20:18:50","slug":"idosos-do-cras-vila-nova-recebem-palestra-sobre-prevencao-ao-uso-de-substancias-psicoativas","status":"publish","type":"post","link":"https:\/\/focotocantinense.com.br\/?p=9454","title":{"rendered":"Idosos do CRAS Vila Nova recebem palestra sobre preven\u00e7\u00e3o ao uso de subst\u00e2ncias psicoativas"},"content":{"rendered":"\n<p><strong>Por Vinicius Martins \u2013 Ascom\/Semas<\/strong><\/p>\n\n\n\n<p>Para promover a preven\u00e7\u00e3o acerca do uso de subst\u00e2ncias l\u00edcitas e il\u00edcitas os idosos atendidos pela Secretaria de Assist\u00eancia Social do munic\u00edpio, a Prefeitura de Gurupi em parceria com o 4\u00ba BPMTO por meio do Programa de Resist\u00eancias \u00e0s Drogas e \u00e0 Viol\u00eancia \u2013 PROERD, promoveu nesta ter\u00e7a-feira, 11, no Centro Assist\u00eancia e Refer\u00eancia Social (CRAS) Vila Nova, uma palestra sobre preven\u00e7\u00e3o ao uso de subst\u00e2ncias psicoativas.<\/p>\n\n\n\n<p>A palestra foi ministrada pelo Sargento Wagner Aguiar da Silva e Sargento Carlos Alberto Teles. A equipe da sa\u00fade da PMTO tamb\u00e9m esteve presente realizando aferi\u00e7\u00e3o de press\u00e3o e satura\u00e7\u00e3o.<\/p>\n\n\n\n<p>A secret\u00e1ria Municipal de Assist\u00eancia Social, Rayanne Nascimento, ressaltou a import\u00e2ncia dessa a\u00e7\u00e3o para o bem estar dos idosos atendidos no equipamento. \u201c\u00c9 de suma import\u00e2ncia orientar e auxiliar os idosos a fazerem escolhas seguras e saud\u00e1veis, longe das drogas e do \u00e1lcool. \u00c9 por meio dessa conscientiza\u00e7\u00e3o \u00e9 que a gente v\u00ea o resultado, contribuindo com a promo\u00e7\u00e3o da cidadania e na indu\u00e7\u00e3o de pol\u00edticas p\u00fablicas, destacou.<\/p>\n\n\n\n<figure class=\"wp-block-image size-large\"><img loading=\"lazy\" decoding=\"async\" width=\"1024\" height=\"576\" src=\"https:\/\/focotocantinense.com.br\/wp-content\/uploads\/2025\/02\/bbbbbbbbb-1024x576.jpg\" alt=\"\" class=\"wp-image-9457\" srcset=\"https:\/\/focotocantinense.com.br\/wp-content\/uploads\/2025\/02\/bbbbbbbbb-1024x576.jpg 1024w, https:\/\/focotocantinense.com.br\/wp-content\/uploads\/2025\/02\/bbbbbbbbb-300x169.jpg 300w, https:\/\/focotocantinense.com.br\/wp-content\/uploads\/2025\/02\/bbbbbbbbb-768x432.jpg 768w, https:\/\/focotocantinense.com.br\/wp-content\/uploads\/2025\/02\/bbbbbbbbb-1536x864.jpg 1536w, https:\/\/focotocantinense.com.br\/wp-content\/uploads\/2025\/02\/bbbbbbbbb.jpg 1600w\" sizes=\"auto, (max-width: 1024px) 100vw, 1024px\" \/><\/figure>\n","protected":false},"excerpt":{"rendered":"<p>Por Vinicius Martins \u2013 Ascom\/Semas Para promover a preven\u00e7\u00e3o acerca do uso de subst\u00e2ncias l\u00edcitas e il\u00edcitas os idosos atendidos pela Secretaria de Assist\u00eancia Social do munic\u00edpio, a Prefeitura de Gurupi em parceria com o 4\u00ba BPMTO por meio do Programa de Resist\u00eancias \u00e0s Drogas e \u00e0 Viol\u00eancia \u2013 PROERD, promoveu nesta ter\u00e7a-feira, 11, no &hellip;<\/p>\n","protected":false},"author":5,"featured_media":9455,"comment_status":"open","ping_status":"open","sticky":false,"template":"","format":"standard","meta":{"footnotes":""},"categories":[38],"tags":[],"class_list":["post-9454","post","type-post","status-publish","format-standard","has-post-thumbnail","","category-gurupi"],"_links":{"self":[{"href":"https:\/\/focotocantinense.com.br\/index.php?rest_route=\/wp\/v2\/posts\/9454","targetHints":{"allow":["GET"]}}],"collection":[{"href":"https:\/\/focotocantinense.com.br\/index.php?rest_route=\/wp\/v2\/posts"}],"about":[{"href":"https:\/\/focotocantinense.com.br\/index.php?rest_route=\/wp\/v2\/types\/post"}],"author":[{"embeddable":true,"href":"https:\/\/focotocantinense.com.br\/index.php?rest_route=\/wp\/v2\/users\/5"}],"replies":[{"embeddable":true,"href":"https:\/\/focotocantinense.com.br\/index.php?rest_route=%2Fwp%2Fv2%2Fcomments&post=9454"}],"version-history":[{"count":2,"href":"https:\/\/focotocantinense.com.br\/index.php?rest_route=\/wp\/v2\/posts\/9454\/revisions"}],"predecessor-version":[{"id":9459,"href":"https:\/\/focotocantinense.com.br\/index.php?rest_route=\/wp\/v2\/posts\/9454\/revisions\/9459"}],"wp:featuredmedia":[{"embeddable":true,"href":"https:\/\/focotocantinense.com.br\/index.php?rest_route=\/wp\/v2\/media\/9455"}],"wp:attachment":[{"href":"https:\/\/focotocantinense.com.br\/index.php?rest_route=%2Fwp%2Fv2%2Fmedia&parent=9454"}],"wp:term":[{"taxonomy":"category","embeddable":true,"href":"https:\/\/focotocantinense.com.br\/index.php?rest_route=%2Fwp%2Fv2%2Fcategories&post=9454"},{"taxonomy":"post_tag","embeddable":true,"href":"https:\/\/focotocantinense.com.br\/index.php?rest_route=%2Fwp%2Fv2%2Ftags&post=9454"}],"curies":[{"name":"wp","href":"https:\/\/api.w.org\/{rel}","templated":true}]}}