{"id":9452,"date":"2025-02-11T16:08:30","date_gmt":"2025-02-11T19:08:30","guid":{"rendered":"https:\/\/focotocantinense.com.br\/?p=9452"},"modified":"2025-02-11T16:08:31","modified_gmt":"2025-02-11T19:08:31","slug":"em-brasilia-tocantins-recebe-selo-ouro-em-reconhecimento-a-politicas-educacionais-do-governo-do-estado-na-alfabetizacao-de-criancas","status":"publish","type":"post","link":"https:\/\/focotocantinense.com.br\/?p=9452","title":{"rendered":"Em Bras\u00edlia, Tocantins recebe Selo Ouro em reconhecimento a pol\u00edticas educacionais do Governo do Estado na alfabetiza\u00e7\u00e3o de crian\u00e7as"},"content":{"rendered":"\n<p><em>Investimentos na educa\u00e7\u00e3o do estado, beneficiam 56 mil estudantes do ensino fundamental e 22 mil crian\u00e7as da educa\u00e7\u00e3o infantil, al\u00e9m de mais de 4 mil professores<\/em><\/p>\n\n\n\n<p><strong>Lidieth Sanchez\/Governo do Tocantins<\/strong><\/p>\n\n\n\n<p>O governador Wanderlei Barbosa participou nesta segunda-feira, 10, no Centro Internacional de Conven\u00e7\u00f5es do Brasil (CICB), em Bras\u00edlia\/DF, da cerim\u00f4nia de entrega do pr\u00eamio Selo Nacional Compromisso com a Alfabetiza\u00e7\u00e3o, acompanhado da primeira-dama e secret\u00e1ria extraordin\u00e1ria de Participa\u00e7\u00f5es Sociais, Karynne Sotero e do secret\u00e1rio de Estado da Educa\u00e7\u00e3o, F\u00e1bio Vaz. A premia\u00e7\u00e3o reconhece os esfor\u00e7os empreendidos pelos estados e munic\u00edpios na busca pela alfabetiza\u00e7\u00e3o das crian\u00e7as na idade certa.<\/p>\n\n\n\n<figure class=\"wp-block-image size-large is-resized\"><img loading=\"lazy\" decoding=\"async\" width=\"1024\" height=\"586\" src=\"https:\/\/focotocantinense.com.br\/wp-content\/uploads\/2025\/02\/F2-Governador-Wanderlei-Barbosa-e-secretario-da-Seduc-Fabio-Vaz-com-o-Selo-Ouro-do-Tocantins.-Foto-Vinicius-Santa-Rosa-Governo-do-Tocantins-1024x586.jpg\" alt=\"\" class=\"wp-image-9450\" style=\"width:352px;height:auto\" srcset=\"https:\/\/focotocantinense.com.br\/wp-content\/uploads\/2025\/02\/F2-Governador-Wanderlei-Barbosa-e-secretario-da-Seduc-Fabio-Vaz-com-o-Selo-Ouro-do-Tocantins.-Foto-Vinicius-Santa-Rosa-Governo-do-Tocantins-1024x586.jpg 1024w, https:\/\/focotocantinense.com.br\/wp-content\/uploads\/2025\/02\/F2-Governador-Wanderlei-Barbosa-e-secretario-da-Seduc-Fabio-Vaz-com-o-Selo-Ouro-do-Tocantins.-Foto-Vinicius-Santa-Rosa-Governo-do-Tocantins-300x172.jpg 300w, https:\/\/focotocantinense.com.br\/wp-content\/uploads\/2025\/02\/F2-Governador-Wanderlei-Barbosa-e-secretario-da-Seduc-Fabio-Vaz-com-o-Selo-Ouro-do-Tocantins.-Foto-Vinicius-Santa-Rosa-Governo-do-Tocantins-768x439.jpg 768w, https:\/\/focotocantinense.com.br\/wp-content\/uploads\/2025\/02\/F2-Governador-Wanderlei-Barbosa-e-secretario-da-Seduc-Fabio-Vaz-com-o-Selo-Ouro-do-Tocantins.-Foto-Vinicius-Santa-Rosa-Governo-do-Tocantins-1536x878.jpg 1536w, https:\/\/focotocantinense.com.br\/wp-content\/uploads\/2025\/02\/F2-Governador-Wanderlei-Barbosa-e-secretario-da-Seduc-Fabio-Vaz-com-o-Selo-Ouro-do-Tocantins.-Foto-Vinicius-Santa-Rosa-Governo-do-Tocantins.jpg 2048w\" sizes=\"auto, (max-width: 1024px) 100vw, 1024px\" \/><\/figure>\n\n\n\n<p>Na solenidade, o Tocantins foi um dos estados premiados com o Selo Ouro. O governador Wanderlei Barbosa destacou o empenho do Governo do Estado, aliado aos munic\u00edpios, em avan\u00e7ar na qualidade da educa\u00e7\u00e3o b\u00e1sica. \u201cO Tocantins foi destaque na alfabetiza\u00e7\u00e3o, com 35 munic\u00edpios recebendo o Selo Ouro. Parabenizo todos os prefeitos e prefeitas pelo excelente desempenho e pelo compromisso com a educa\u00e7\u00e3o. Fico muito feliz que nosso estado tenha conquistado esse reconhecimento t\u00e3o importante. Seguiremos trabalhando juntos para ampliar ainda mais a alfabetiza\u00e7\u00e3o no tempo certo, garantindo uma educa\u00e7\u00e3o de qualidade para nossas crian\u00e7as. Essa \u00e9 uma prioridade minha e sei que tamb\u00e9m \u00e9 de cada gestor municipal. Minha gratid\u00e3o e parab\u00e9ns a todos os premiados\u201d, expressou o governador.<\/p>\n\n\n\n<figure class=\"wp-block-image size-large\"><img loading=\"lazy\" decoding=\"async\" width=\"1024\" height=\"585\" src=\"https:\/\/focotocantinense.com.br\/wp-content\/uploads\/2025\/02\/F4-Governador-Wanderlei-Barbosa-e-a-primeira-Dama-Karynne-Sotero-participam-da-cerimonia-do-Selo-Nacional-reafirmando-o-compromisso-do-Tocantins-com-a-alfabetizacao.-Foto-Vinicius-Santa-Rosa-1024x585.jpg\" alt=\"\" class=\"wp-image-9451\" srcset=\"https:\/\/focotocantinense.com.br\/wp-content\/uploads\/2025\/02\/F4-Governador-Wanderlei-Barbosa-e-a-primeira-Dama-Karynne-Sotero-participam-da-cerimonia-do-Selo-Nacional-reafirmando-o-compromisso-do-Tocantins-com-a-alfabetizacao.-Foto-Vinicius-Santa-Rosa-1024x585.jpg 1024w, https:\/\/focotocantinense.com.br\/wp-content\/uploads\/2025\/02\/F4-Governador-Wanderlei-Barbosa-e-a-primeira-Dama-Karynne-Sotero-participam-da-cerimonia-do-Selo-Nacional-reafirmando-o-compromisso-do-Tocantins-com-a-alfabetizacao.-Foto-Vinicius-Santa-Rosa-300x171.jpg 300w, https:\/\/focotocantinense.com.br\/wp-content\/uploads\/2025\/02\/F4-Governador-Wanderlei-Barbosa-e-a-primeira-Dama-Karynne-Sotero-participam-da-cerimonia-do-Selo-Nacional-reafirmando-o-compromisso-do-Tocantins-com-a-alfabetizacao.-Foto-Vinicius-Santa-Rosa-768x439.jpg 768w, https:\/\/focotocantinense.com.br\/wp-content\/uploads\/2025\/02\/F4-Governador-Wanderlei-Barbosa-e-a-primeira-Dama-Karynne-Sotero-participam-da-cerimonia-do-Selo-Nacional-reafirmando-o-compromisso-do-Tocantins-com-a-alfabetizacao.-Foto-Vinicius-Santa-Rosa.jpg 1033w\" sizes=\"auto, (max-width: 1024px) 100vw, 1024px\" \/><\/figure>\n\n\n\n<p>O Tocantins ainda se destacou no cen\u00e1rio nacional ao ser prestigiado, em maio de 2023, pelo Minist\u00e9rio da Educa\u00e7\u00e3o (MEC) como o que mais evoluiu ao atingir o patamar de 44% das crian\u00e7as das redes p\u00fablicas alfabetizadas. Em compara\u00e7\u00e3o com avalia\u00e7\u00f5es anteriores, o resultado do Sistema de Avalia\u00e7\u00e3o da Educa\u00e7\u00e3o B\u00e1sica (Saeb), em 2021, foi de 30 pontos percentuais abaixo do de 2023, e o de 2019 ficou 6 pontos percentuais abaixo (38%). Esse reconhecimento destaca os avan\u00e7os na alfabetiza\u00e7\u00e3o infantil no estado, integrando o programa Compromisso Nacional Crian\u00e7a Alfabetizada (CNCA).<\/p>\n\n\n\n<p>Na primeira edi\u00e7\u00e3o do Selo, foram contemplados 2.592 munic\u00edpios, 13 estados e o Distrito Federal, &nbsp;com o Selo Ouro. A iniciativa faz parte do Compromisso Nacional Crian\u00e7a Alfabetizada, lan\u00e7ado em 2023 pelo MEC, e a meta nacional \u00e9 assegurar que, at\u00e9 2030, 80% das crian\u00e7as sejam alfabetizadas ao fim do 2\u00ba ano do ensino fundamental. Durante o evento, foram homenageados os munic\u00edpios que conquistaram o selo na categoria Ouro, al\u00e9m dos estados reconhecidos nas categorias Ouro, Prata e Bronze.Entre os munic\u00edpios tocantinenses reconhecidos com o Selo Ouro est\u00e3o: Almas; Aragua\u00e7u; Aragua\u00edna; Araguatins; Bandeirantes do Tocantins; Bom Jesus do Tocantins; Centen\u00e1rio; Concei\u00e7\u00e3o do Tocantins; Crix\u00e1s do Tocantins; Dian\u00f3polis; Duer\u00e9; Formoso do Araguaia; Guara\u00ed; Itaguatins; Itapor\u00e3 do Tocantins; Ja\u00fa do Tocantins; Oliveira de F\u00e1tima; Para\u00edso do Tocantins; Paran\u00e3; Pedro Afonso; Peixe; Piraqu\u00ea; Ponte Alta do Bom Jesus; Porto Nacional; Presidente Kennedy; Recursol\u00e2ndia; Riachinho; Sandol\u00e2ndia; Santa Maria do Tocantins; Santa Terezinha do Tocantins; S\u00e3o Sebasti\u00e3o do Tocantins; Taboc\u00e3o; Tocantin\u00f3polis; Tupirama e Xambio\u00e1.<\/p>\n\n\n\n<p>O secret\u00e1rio de Educa\u00e7\u00e3o, F\u00e1bio Vaz, ressaltou a import\u00e2ncia do Selo Nacional para o Tocantins. \u201cHoje colhemos os frutos dessa integra\u00e7\u00e3o e dessa pol\u00edtica territorial. Estado e munic\u00edpios, de forma colaborativa, trabalham juntos para garantir que todas as nossas crian\u00e7as sejam alfabetizadas at\u00e9 o final do 2\u00ba ano. Parab\u00e9ns ao governador, aos prefeitos e a toda a comunidade escolar do Tocantins por esse compromisso com a educa\u00e7\u00e3o\u201d, finalizou o secret\u00e1rio.&nbsp;&nbsp;<\/p>\n\n\n\n<p><strong>Programa Alfabetiza Mais Tocantins<\/strong><\/p>\n\n\n\n<p>No Tocantins, as pol\u00edticas p\u00fablicas de alfabetiza\u00e7\u00e3o s\u00e3o implementadas pelo programa Alfabetiza Mais Tocantins, que tem como meta atender 78 mil estudantes dos 139 munic\u00edpios. O investimento total destinado ao programa \u00e9 de R$ 8 milh\u00f5es, beneficiando 56 mil estudantes do 1\u00ba e 2\u00ba ano do ensino fundamental, 22 mil crian\u00e7as da educa\u00e7\u00e3o infantil (pr\u00e9-escola), 2 mil professores do ensino fundamental e 2,3 mil professores da educa\u00e7\u00e3o infantil. As principais a\u00e7\u00f5es incluem forma\u00e7\u00e3o continuada de profissionais, concess\u00e3o de bolsas para articuladores e formadores, entrega de materiais estruturados para professores e estudantes e premia\u00e7\u00e3o de boas pr\u00e1ticas.<br><strong><br>&nbsp;Compromisso Nacional Crian\u00e7a Alfabetizada&nbsp;<\/strong><\/p>\n\n\n\n<p>O Compromisso Nacional Crian\u00e7a Alfabetizada \u00e9 um programa federal voltado \u00e0 recomposi\u00e7\u00e3o da alfabetiza\u00e7\u00e3o nos anos iniciais. Suas estrat\u00e9gias incluem a organiza\u00e7\u00e3o de um regime de colabora\u00e7\u00e3o entre Uni\u00e3o, estados e munic\u00edpios, o monitoramento e acompanhamento de metas, o apoio t\u00e9cnico e financeiro para a infraestrutura das escolas p\u00fablicas, a oferta de materiais did\u00e1ticos para estudantes e pedag\u00f3gicos para professores, a implementa\u00e7\u00e3o de sistemas de avalia\u00e7\u00e3o da alfabetiza\u00e7\u00e3o e estrat\u00e9gias formativas com orienta\u00e7\u00f5es curriculares. Com esses avan\u00e7os, o Tocantins refor\u00e7a seu compromisso com a alfabetiza\u00e7\u00e3o infantil, garantindo que cada vez mais crian\u00e7as tenham acesso a uma educa\u00e7\u00e3o de qualidade e oportunidades para um futuro melhor.<\/p>\n","protected":false},"excerpt":{"rendered":"<p>Investimentos na educa\u00e7\u00e3o do estado, beneficiam 56 mil estudantes do ensino fundamental e 22 mil crian\u00e7as da educa\u00e7\u00e3o infantil, al\u00e9m de mais de 4 mil professores Lidieth Sanchez\/Governo do Tocantins O governador Wanderlei Barbosa participou nesta segunda-feira, 10, no Centro Internacional de Conven\u00e7\u00f5es do Brasil (CICB), em Bras\u00edlia\/DF, da cerim\u00f4nia de entrega do pr\u00eamio Selo &hellip;<\/p>\n","protected":false},"author":5,"featured_media":9449,"comment_status":"open","ping_status":"open","sticky":false,"template":"","format":"standard","meta":{"footnotes":""},"categories":[1],"tags":[],"class_list":["post-9452","post","type-post","status-publish","format-standard","has-post-thumbnail","","category-sem-categoria"],"_links":{"self":[{"href":"https:\/\/focotocantinense.com.br\/index.php?rest_route=\/wp\/v2\/posts\/9452","targetHints":{"allow":["GET"]}}],"collection":[{"href":"https:\/\/focotocantinense.com.br\/index.php?rest_route=\/wp\/v2\/posts"}],"about":[{"href":"https:\/\/focotocantinense.com.br\/index.php?rest_route=\/wp\/v2\/types\/post"}],"author":[{"embeddable":true,"href":"https:\/\/focotocantinense.com.br\/index.php?rest_route=\/wp\/v2\/users\/5"}],"replies":[{"embeddable":true,"href":"https:\/\/focotocantinense.com.br\/index.php?rest_route=%2Fwp%2Fv2%2Fcomments&post=9452"}],"version-history":[{"count":1,"href":"https:\/\/focotocantinense.com.br\/index.php?rest_route=\/wp\/v2\/posts\/9452\/revisions"}],"predecessor-version":[{"id":9453,"href":"https:\/\/focotocantinense.com.br\/index.php?rest_route=\/wp\/v2\/posts\/9452\/revisions\/9453"}],"wp:featuredmedia":[{"embeddable":true,"href":"https:\/\/focotocantinense.com.br\/index.php?rest_route=\/wp\/v2\/media\/9449"}],"wp:attachment":[{"href":"https:\/\/focotocantinense.com.br\/index.php?rest_route=%2Fwp%2Fv2%2Fmedia&parent=9452"}],"wp:term":[{"taxonomy":"category","embeddable":true,"href":"https:\/\/focotocantinense.com.br\/index.php?rest_route=%2Fwp%2Fv2%2Fcategories&post=9452"},{"taxonomy":"post_tag","embeddable":true,"href":"https:\/\/focotocantinense.com.br\/index.php?rest_route=%2Fwp%2Fv2%2Ftags&post=9452"}],"curies":[{"name":"wp","href":"https:\/\/api.w.org\/{rel}","templated":true}]}}