{"id":9442,"date":"2025-02-11T09:49:44","date_gmt":"2025-02-11T12:49:44","guid":{"rendered":"https:\/\/focotocantinense.com.br\/?p=9442"},"modified":"2025-02-11T09:50:05","modified_gmt":"2025-02-11T12:50:05","slug":"camara-municipal-realiza-cafe-da-manha-para-a-imprensa-e-anuncia-contratacao-de-agencia-de-comunicacao","status":"publish","type":"post","link":"https:\/\/focotocantinense.com.br\/?p=9442","title":{"rendered":"C\u00e2mara Municipal realiza caf\u00e9 da manh\u00e3 para a imprensa e anuncia contrata\u00e7\u00e3o de ag\u00eancia de comunica\u00e7\u00e3o"},"content":{"rendered":"\n<p>Por: Geovana Penha\/Ascom C\u00e2mara<\/p>\n\n\n\n<p>Na manh\u00e3 da \u00faltima segunda-feira (10), a C\u00e2mara Municipal de Gurupi ofereceu um caf\u00e9 da manh\u00e3 especial para a imprensa local, com o objetivo de estreitar la\u00e7os e promover uma maior aproxima\u00e7\u00e3o entre os representantes do Poder Legislativo e os jornalistas. O evento, realizado no plen\u00e1rio Salom\u00e3o Lustosa, proporcionou um espa\u00e7o para a troca de ideias e o fortalecimento das rela\u00e7\u00f5es institucionais.<\/p>\n\n\n\n<figure class=\"wp-block-image size-large is-resized\"><img loading=\"lazy\" decoding=\"async\" width=\"1024\" height=\"575\" src=\"https:\/\/focotocantinense.com.br\/wp-content\/uploads\/2025\/02\/CAFE-DA-MANHA-FOTO-1536x862-1-1024x575.jpeg\" alt=\"\" class=\"wp-image-9444\" style=\"width:380px;height:auto\" srcset=\"https:\/\/focotocantinense.com.br\/wp-content\/uploads\/2025\/02\/CAFE-DA-MANHA-FOTO-1536x862-1-1024x575.jpeg 1024w, https:\/\/focotocantinense.com.br\/wp-content\/uploads\/2025\/02\/CAFE-DA-MANHA-FOTO-1536x862-1-300x168.jpeg 300w, https:\/\/focotocantinense.com.br\/wp-content\/uploads\/2025\/02\/CAFE-DA-MANHA-FOTO-1536x862-1-768x431.jpeg 768w, https:\/\/focotocantinense.com.br\/wp-content\/uploads\/2025\/02\/CAFE-DA-MANHA-FOTO-1536x862-1.jpeg 1536w\" sizes=\"auto, (max-width: 1024px) 100vw, 1024px\" \/><\/figure>\n\n\n\n<p>Durante o encontro, os vereadores destacaram a import\u00e2ncia da transpar\u00eancia e da colabora\u00e7\u00e3o m\u00fatua entre o Parlamento e a m\u00eddia, reconhecendo o papel fundamental dos jornalistas na constru\u00e7\u00e3o de uma sociedade bem informada. O presidente da C\u00e2mara, Ivanilson Marinho (PL), enfatizou que, ao longo de seus mandatos, sempre defendeu a necessidade desse contato com os profissionais que disseminam as not\u00edcias.<\/p>\n\n\n\n<p>\u201cDurante meus quatro mandatos, sempre lutei pela aproxima\u00e7\u00e3o entre a C\u00e2mara e a imprensa, porque, se h\u00e1 um profissional capaz de aproximar o Parlamento do povo, \u00e9 o jornalista. A maneira mais justa e coerente com o meu posicionamento foi propor esse momento de di\u00e1logo e intera\u00e7\u00e3o, para juntos informarmos a popula\u00e7\u00e3o que nos elegeu e confiou no nosso trabalho no Legislativo\u201d, declarou.<\/p>\n\n\n\n<p>O caf\u00e9 da manh\u00e3 contou com a presen\u00e7a de diversos profissionais da comunica\u00e7\u00e3o, que puderam interagir diretamente com os vereadores e assessores, al\u00e9m de esclarecer d\u00favidas sobre projetos e a\u00e7\u00f5es em andamento. A iniciativa refor\u00e7ou o compromisso da C\u00e2mara Municipal em manter uma comunica\u00e7\u00e3o aberta e fluida com a imprensa, buscando, assim, um melhor entendimento das demandas da comunidade e a divulga\u00e7\u00e3o das a\u00e7\u00f5es p\u00fablicas de maneira clara e acess\u00edvel.<\/p>\n\n\n\n<p>\u201cEssa aproxima\u00e7\u00e3o \u00e9 extremamente importante, pois a imprensa faz o papel de ponte entre o povo e o Poder Legislativo. \u00c9 por meio de n\u00f3s que a popula\u00e7\u00e3o fica sabendo o que est\u00e1 sendo feito. Como muitos n\u00e3o acompanham as sess\u00f5es, cabe ao jornalista transmitir e levar a informa\u00e7\u00e3o aos mais variados segmentos da sociedade, de forma que todos compreendam e percebam o trabalho realizado\u201d, destacou o jornalista Jairo Santos.<\/p>\n\n\n\n<p>A a\u00e7\u00e3o evidenciou, ainda, a import\u00e2ncia de cultivar um relacionamento pr\u00f3ximo e respeitoso entre os vereadores e a imprensa, criando um ambiente favor\u00e1vel \u00e0 constru\u00e7\u00e3o de uma parceria s\u00f3lida para o desenvolvimento da cidade. O secret\u00e1rio de Comunica\u00e7\u00e3o do munic\u00edpio, Paulo Albuquerque, tamb\u00e9m ressaltou a relev\u00e2ncia de eventos como esse.<\/p>\n\n\n\n<p>\u201cEsse \u00e9 um momento positivo para as tr\u00eas partes envolvidas: C\u00e2mara, imprensa e popula\u00e7\u00e3o. N\u00e3o h\u00e1 como fazer um trabalho institucional eficiente sem garantir que as informa\u00e7\u00f5es cheguem \u00e0s pessoas. A imprensa \u00e9 o canal ideal para a transpar\u00eancia e a boa comunica\u00e7\u00e3o, permitindo que a sociedade acompanhe o que est\u00e1 sendo feito pelos nossos vereadores\u201d, afirmou.<\/p>\n\n\n\n<p>Ao final do encontro, o presidente da Casa de Leis anunciou a contrata\u00e7\u00e3o de uma ag\u00eancia de publicidade, como forma de valorizar esses profissionais e aprimorar ainda mais a comunica\u00e7\u00e3o e a divulga\u00e7\u00e3o das a\u00e7\u00f5es do Legislativo. O objetivo \u00e9 garantir mais agilidade e cobertura completa de tudo o que est\u00e1 sendo realizado pela C\u00e2mara Municipal.<\/p>\n\n\n\n<figure class=\"wp-block-image size-large\"><img loading=\"lazy\" decoding=\"async\" width=\"1024\" height=\"575\" src=\"https:\/\/focotocantinense.com.br\/wp-content\/uploads\/2025\/02\/CAFE-DA-MANHA-FOTO-1536x862-2-1024x575.jpeg\" alt=\"\" class=\"wp-image-9445\" srcset=\"https:\/\/focotocantinense.com.br\/wp-content\/uploads\/2025\/02\/CAFE-DA-MANHA-FOTO-1536x862-2-1024x575.jpeg 1024w, https:\/\/focotocantinense.com.br\/wp-content\/uploads\/2025\/02\/CAFE-DA-MANHA-FOTO-1536x862-2-300x168.jpeg 300w, https:\/\/focotocantinense.com.br\/wp-content\/uploads\/2025\/02\/CAFE-DA-MANHA-FOTO-1536x862-2-768x431.jpeg 768w, https:\/\/focotocantinense.com.br\/wp-content\/uploads\/2025\/02\/CAFE-DA-MANHA-FOTO-1536x862-2.jpeg 1536w\" sizes=\"auto, (max-width: 1024px) 100vw, 1024px\" \/><\/figure>\n\n\n\n<p>O evento reafirmou que o di\u00e1logo entre os parlamentares e a imprensa \u00e9 essencial para o fortalecimento das institui\u00e7\u00f5es e para a melhoria cont\u00ednua da comunica\u00e7\u00e3o p\u00fablica.<\/p>\n","protected":false},"excerpt":{"rendered":"<p>Por: Geovana Penha\/Ascom C\u00e2mara Na manh\u00e3 da \u00faltima segunda-feira (10), a C\u00e2mara Municipal de Gurupi ofereceu um caf\u00e9 da manh\u00e3 especial para a imprensa local, com o objetivo de estreitar la\u00e7os e promover uma maior aproxima\u00e7\u00e3o entre os representantes do Poder Legislativo e os jornalistas. O evento, realizado no plen\u00e1rio Salom\u00e3o Lustosa, proporcionou um espa\u00e7o &hellip;<\/p>\n","protected":false},"author":5,"featured_media":9443,"comment_status":"open","ping_status":"open","sticky":false,"template":"","format":"standard","meta":{"footnotes":""},"categories":[1],"tags":[],"class_list":["post-9442","post","type-post","status-publish","format-standard","has-post-thumbnail","","category-sem-categoria"],"_links":{"self":[{"href":"https:\/\/focotocantinense.com.br\/index.php?rest_route=\/wp\/v2\/posts\/9442","targetHints":{"allow":["GET"]}}],"collection":[{"href":"https:\/\/focotocantinense.com.br\/index.php?rest_route=\/wp\/v2\/posts"}],"about":[{"href":"https:\/\/focotocantinense.com.br\/index.php?rest_route=\/wp\/v2\/types\/post"}],"author":[{"embeddable":true,"href":"https:\/\/focotocantinense.com.br\/index.php?rest_route=\/wp\/v2\/users\/5"}],"replies":[{"embeddable":true,"href":"https:\/\/focotocantinense.com.br\/index.php?rest_route=%2Fwp%2Fv2%2Fcomments&post=9442"}],"version-history":[{"count":2,"href":"https:\/\/focotocantinense.com.br\/index.php?rest_route=\/wp\/v2\/posts\/9442\/revisions"}],"predecessor-version":[{"id":9447,"href":"https:\/\/focotocantinense.com.br\/index.php?rest_route=\/wp\/v2\/posts\/9442\/revisions\/9447"}],"wp:featuredmedia":[{"embeddable":true,"href":"https:\/\/focotocantinense.com.br\/index.php?rest_route=\/wp\/v2\/media\/9443"}],"wp:attachment":[{"href":"https:\/\/focotocantinense.com.br\/index.php?rest_route=%2Fwp%2Fv2%2Fmedia&parent=9442"}],"wp:term":[{"taxonomy":"category","embeddable":true,"href":"https:\/\/focotocantinense.com.br\/index.php?rest_route=%2Fwp%2Fv2%2Fcategories&post=9442"},{"taxonomy":"post_tag","embeddable":true,"href":"https:\/\/focotocantinense.com.br\/index.php?rest_route=%2Fwp%2Fv2%2Ftags&post=9442"}],"curies":[{"name":"wp","href":"https:\/\/api.w.org\/{rel}","templated":true}]}}