{"id":9438,"date":"2025-02-08T20:36:46","date_gmt":"2025-02-08T23:36:46","guid":{"rendered":"https:\/\/focotocantinense.com.br\/?p=9438"},"modified":"2025-02-08T20:36:47","modified_gmt":"2025-02-08T23:36:47","slug":"governador-wanderlei-barbosa-anuncia-construcao-de-escola-estadual-de-tempo-integral-em-gurupi-e-fortalece-educacao-na-regiao-sul-do-estado","status":"publish","type":"post","link":"https:\/\/focotocantinense.com.br\/?p=9438","title":{"rendered":"Governador Wanderlei Barbosa anuncia constru\u00e7\u00e3o de Escola Estadual de Tempo Integral em Gurupi e fortalece educa\u00e7\u00e3o na regi\u00e3o sul do estado"},"content":{"rendered":"\n<p>O governador do Tocantins, Wanderlei Barbosa, acompanhado do secret\u00e1rio de Estado da Educa\u00e7\u00e3o, F\u00e1bio Vaz, anunciou nesta sexta-feira, 7, em Gurupi, a constru\u00e7\u00e3o da Escola Estadual de Tempo Integral padr\u00e3o no munic\u00edpio. Or\u00e7ada em R$ 11.113.854,22, a obra ser\u00e1 constru\u00edda em um terreno de 30 mil m\u00b2, doado pela prefeitura municipal durante cerim\u00f4nia que ocorreu no Centro de Ensino M\u00e9dio (CEM) de Gurupi.<\/p>\n\n\n\n<p>Os recursos s\u00e3o oriundos de conv\u00eanio com o Fundo Nacional de Desenvolvimento da Educa\u00e7\u00e3o (FNDE), por meio da Caixa Econ\u00f4mica Federal, resultado de um projeto elaborado pela Secretaria de Estado da Educa\u00e7\u00e3o (Seduc) e aprovado pelo Programa de Acelera\u00e7\u00e3o do Crescimento (PAC), que destinou os recursos para a expans\u00e3o do ensino em tempo integral no Tocantins.<\/p>\n\n\n\n<p>Na ocasi\u00e3o, o governador Wanderlei Barbosa reafirmou o compromisso com a educa\u00e7\u00e3o e a melhoria da estrutura f\u00edsica das unidades de ensino. \u201cCom essa parceria na \u00e1rea da educa\u00e7\u00e3o aqui em Gurupi, vamos construir uma escola completa, que vai atender mais de 1,2 mil estudantes gurupienses\u201d, pontuou o chefe do Executivo, que tamb\u00e9m agradeceu ao governo federal por atender as demandas do estado, assim como a bancada federal, pela parceria e pelo empenho nas a\u00e7\u00f5es.&nbsp;<\/p>\n\n\n\n<p>Presente no evento, o titular da Seduc, F\u00e1bio Vaz, classificou a assinatura do termo de doa\u00e7\u00e3o do terreno e o an\u00fancio da constru\u00e7\u00e3o da escola como um momento hist\u00f3rico para Gurupi. &#8220;Ser\u00e1 uma unidade modelo, bem aparelhada e inclusiva, com todos os recursos para uma educa\u00e7\u00e3o de qualidade&#8221;, enfatizou o secret\u00e1rio.&nbsp;<\/p>\n\n\n\n<p>A prefeita de Gurupi, Josi Nunes, ressaltou que a doa\u00e7\u00e3o da \u00e1rea vai permitir a constru\u00e7\u00e3o da primeira escola de tempo integral padr\u00e3o do munic\u00edpio. &#8220;Outras cidades j\u00e1 contam com unidades deste porte e, agora, chegou a vez de Gurupi tamb\u00e9m contar com a sua, algo que j\u00e1 pleite\u00e1vamos h\u00e1 muito tempo. Estou feliz com essa parceria e quero agradecer ao governador Wanderlei Barbosa pelo olhar carinhoso que tem com o munic\u00edpio&#8221;, salientou a gestora.&nbsp;<\/p>\n\n\n\n<p><strong>Estrutura<\/strong><\/p>\n\n\n\n<p>O projeto da Escola Estadual de Tempo Integral &#8211; Padr\u00e3o FNDE conta com: sala de professores, coordena\u00e7\u00e3o pedag\u00f3gica, diretoria, secretaria, almoxarifado, banheiros para funcion\u00e1rios, 13 salas de aula, sala de recurso e multiuso, banheiros para alunos, biblioteca, tr\u00eas laborat\u00f3rios multiuso, refeit\u00f3rio, cozinha, copa de funcion\u00e1rios e depend\u00eancias de servi\u00e7o, quadra poliesportiva coberta com 581 m\u00b2; playground, banheiros com vesti\u00e1rios e dep\u00f3sito para educa\u00e7\u00e3o f\u00edsica.<\/p>\n\n\n\n<p><img decoding=\"async\" src=\"https:\/\/central.to.gov.br\/image\/412389?w=670&amp;h=383\"><\/p>\n\n\n\n<p>Governador ressaltou que a parceria com Gurupi fortalece a educa\u00e7\u00e3o na regi\u00e3o sul do estado &#8211; Esequias Ara\u00fajo\/Governo do Tocantins&nbsp;<\/p>\n\n\n\n<p><img decoding=\"async\" src=\"https:\/\/central.to.gov.br\/image\/412388?w=670&amp;h=383\"><\/p>\n\n\n\n<p>O secret\u00e1rio de Estado da Educa\u00e7\u00e3o, F\u00e1bio Vaz, classificou a assinatura do termo de doa\u00e7\u00e3o do terreno e o an\u00fancio da constru\u00e7\u00e3o da escola como um momento hist\u00f3rico para Gurupi &#8211; Esequias Ara\u00fajo\/Governo do Tocantins<\/p>\n\n\n\n<p><img decoding=\"async\" src=\"https:\/\/central.to.gov.br\/image\/412387?w=670&amp;h=383\"><\/p>\n\n\n\n<p>A prefeita de Gurupi (\u00e0 direita), Josi Nunes, enfatizou que a doa\u00e7\u00e3o da \u00e1rea vai permitir a constru\u00e7\u00e3o da primeira escola de tempo integral padr\u00e3o do munic\u00edpio &#8211; Esequias Ara\u00fajo\/Governo do Tocantins&nbsp;<\/p>\n\n\n\n<figure class=\"wp-block-image\"><img decoding=\"async\" src=\"http:\/\/n1to.com.br\/img\/uploads\/midia_vin%C3%ADcius_25.jpg\" alt=\"\"\/><\/figure>\n\n\n\n<p>      <\/p>\n","protected":false},"excerpt":{"rendered":"<p>O governador do Tocantins, Wanderlei Barbosa, acompanhado do secret\u00e1rio de Estado da Educa\u00e7\u00e3o, F\u00e1bio Vaz, anunciou nesta sexta-feira, 7, em Gurupi, a constru\u00e7\u00e3o da Escola Estadual de Tempo Integral padr\u00e3o no munic\u00edpio. Or\u00e7ada em R$ 11.113.854,22, a obra ser\u00e1 constru\u00edda em um terreno de 30 mil m\u00b2, doado pela prefeitura municipal durante cerim\u00f4nia que ocorreu &hellip;<\/p>\n","protected":false},"author":5,"featured_media":9439,"comment_status":"open","ping_status":"open","sticky":false,"template":"","format":"standard","meta":{"footnotes":""},"categories":[38],"tags":[],"class_list":["post-9438","post","type-post","status-publish","format-standard","has-post-thumbnail","","category-gurupi"],"_links":{"self":[{"href":"https:\/\/focotocantinense.com.br\/index.php?rest_route=\/wp\/v2\/posts\/9438","targetHints":{"allow":["GET"]}}],"collection":[{"href":"https:\/\/focotocantinense.com.br\/index.php?rest_route=\/wp\/v2\/posts"}],"about":[{"href":"https:\/\/focotocantinense.com.br\/index.php?rest_route=\/wp\/v2\/types\/post"}],"author":[{"embeddable":true,"href":"https:\/\/focotocantinense.com.br\/index.php?rest_route=\/wp\/v2\/users\/5"}],"replies":[{"embeddable":true,"href":"https:\/\/focotocantinense.com.br\/index.php?rest_route=%2Fwp%2Fv2%2Fcomments&post=9438"}],"version-history":[{"count":1,"href":"https:\/\/focotocantinense.com.br\/index.php?rest_route=\/wp\/v2\/posts\/9438\/revisions"}],"predecessor-version":[{"id":9440,"href":"https:\/\/focotocantinense.com.br\/index.php?rest_route=\/wp\/v2\/posts\/9438\/revisions\/9440"}],"wp:featuredmedia":[{"embeddable":true,"href":"https:\/\/focotocantinense.com.br\/index.php?rest_route=\/wp\/v2\/media\/9439"}],"wp:attachment":[{"href":"https:\/\/focotocantinense.com.br\/index.php?rest_route=%2Fwp%2Fv2%2Fmedia&parent=9438"}],"wp:term":[{"taxonomy":"category","embeddable":true,"href":"https:\/\/focotocantinense.com.br\/index.php?rest_route=%2Fwp%2Fv2%2Fcategories&post=9438"},{"taxonomy":"post_tag","embeddable":true,"href":"https:\/\/focotocantinense.com.br\/index.php?rest_route=%2Fwp%2Fv2%2Ftags&post=9438"}],"curies":[{"name":"wp","href":"https:\/\/api.w.org\/{rel}","templated":true}]}}