{"id":9433,"date":"2025-02-08T19:43:10","date_gmt":"2025-02-08T22:43:10","guid":{"rendered":"https:\/\/focotocantinense.com.br\/?p=9433"},"modified":"2025-02-08T19:44:05","modified_gmt":"2025-02-08T22:44:05","slug":"sindjor-emite-nota-apos-ataques-sofridos-por-cleber-toledo-e-assombroso-que-autoridades-utilizem-a-forca-do-cargo-para-tentar-descredibilizar-o-papel-do-jornalista","status":"publish","type":"post","link":"https:\/\/focotocantinense.com.br\/?p=9433","title":{"rendered":"Sindjor emite nota ap\u00f3s ataques sofridos por Cleber Toledo: \u201c\u00c9 assombroso que autoridades utilizem a for\u00e7a do cargo para tentar descredibilizar o papel do jornalista\u201d"},"content":{"rendered":"\n<p>O Sindicato dos Jornalistas Profissionais do Estado do Tocantins (Sindjor) emitiu nota neste s\u00e1bado, 8, ap\u00f3s a s\u00e9rie de ataques que o jornalista Cleber Toledo, diretor-executivo da&nbsp;<strong>Coluna do CT<\/strong>, vem recebendo nas \u00faltimas duas semanas. Primeiro foram investidas pessoais feitas por um secret\u00e1rio de governo. Depois, nos bastidores, tentaram jogar empres\u00e1rios de comunica\u00e7\u00e3o contra Toledo, mas os colegas de profiss\u00e3o se negaram a fazer qualquer a\u00e7\u00e3o contra o diretor da coluna. E, nesta semana, colocaram uma jornalista para gravar um v\u00eddeo repleto de agress\u00f5es pessoais e tentativa de macular a imagem de Toledo.<\/p>\n\n\n\n<figure class=\"wp-block-image size-full is-resized\"><img loading=\"lazy\" decoding=\"async\" width=\"1000\" height=\"704\" src=\"https:\/\/focotocantinense.com.br\/wp-content\/uploads\/2025\/02\/ct_emoff_Nova-1.jpeg\" alt=\"\" class=\"wp-image-9436\" style=\"width:392px;height:auto\" srcset=\"https:\/\/focotocantinense.com.br\/wp-content\/uploads\/2025\/02\/ct_emoff_Nova-1.jpeg 1000w, https:\/\/focotocantinense.com.br\/wp-content\/uploads\/2025\/02\/ct_emoff_Nova-1-300x211.jpeg 300w, https:\/\/focotocantinense.com.br\/wp-content\/uploads\/2025\/02\/ct_emoff_Nova-1-768x541.jpeg 768w\" sizes=\"auto, (max-width: 1000px) 100vw, 1000px\" \/><\/figure>\n\n\n\n<p><\/p>\n\n\n\n<p><strong>\u00c9 ASSOMBROSO<\/strong><\/p>\n\n\n\n<p>Na nota, o Sindjor manifesta \u201cpreocupa\u00e7\u00e3o com epis\u00f3dios constantes de constrangimento sofridos por alguns profissionais de imprensa\u201d. \u201c\u00c9 assombroso constatar que autoridades p\u00fablicas utilizam a for\u00e7a do cargo que ocupam para tentar descredibilizar o papel do jornalista, dando a entender que, sem o exerc\u00edcio da profiss\u00e3o, no que diz respeito \u00e0 apura\u00e7\u00e3o de den\u00fancias feitas por autoridades competentes, a vida seria mais confort\u00e1vel\u201d, lamentou o sindicato.<\/p>\n\n\n\n<p><strong>A QUEM INTERESSA O ENFRAQUECIMENTO E O CONTROLE DO JORNALISMO?<\/strong><\/p>\n\n\n\n<p>Conforme o Sindjor, \u201cultimamente, a imprensa do Tocantins tem sido alvo constante da intoler\u00e2ncia de muitos que t\u00eam a obriga\u00e7\u00e3o \u00e9tica de defend\u00ea-la, o que \u00e9 assustador e preocupante\u201d. \u201cChamamos a sociedade para a seguinte reflex\u00e3o: a quem interessa o enfraquecimento e o controle do jornalismo?\u201d, pergunta a nota. \u201cNa condi\u00e7\u00e3o de entidade representativa da categoria \u00e9 nosso dever jogar luz em situa\u00e7\u00f5es de ass\u00e9dio, cerceamento e embara\u00e7os ao trabalho dos jornalistas profissionais tocantinenses que, n\u00e3o raro, est\u00e3o sofrendo ofensas e intimida\u00e7\u00f5es expl\u00edcitas ou veladas. Em casos mais extremos, al\u00e9m dos ataques \u00e0 honra, h\u00e1 jornalistas \u00e9ticos e respons\u00e1veis que sofrem penaliza\u00e7\u00f5es equivocadas e desnecess\u00e1rias como forma de press\u00e3o.\u201d<\/p>\n\n\n\n<p><strong>DEMOCRACIA \u00c9 BEM MAIOR<\/strong><\/p>\n\n\n\n<p>O sindicato refor\u00e7a que \u201crespeitar a atividade jornal\u00edstica \u00e9 reconhecer que a democracia \u00e9 o bem maior da sociedade e que, por isso mesmo, todos devem defend\u00ea-la\u201d. \u201cO Sindjor n\u00e3o faltar\u00e1 ao seu papel nesta tarefa\u201d, avisa a nota.<\/p>\n\n\n\n<p><strong>Confira a \u00edntegra:<\/strong><\/p>\n\n\n\n<p>\u201cO Sindicato dos Jornalistas Profissionais do Estado do Tocantins \u2013 Sindjor vem a p\u00fablico manifestar preocupa\u00e7\u00e3o com epis\u00f3dios constantes de constrangimento sofridos por alguns profissionais de imprensa. \u00c9 assombroso constatar que autoridades p\u00fablicas utilizam a for\u00e7a do cargo que ocupam para tentar descredibilizar o papel do jornalista, dando a entender que, sem o exerc\u00edcio da profiss\u00e3o, no que diz respeito \u00e0 apura\u00e7\u00e3o de den\u00fancias feitas por autoridades competentes, a vida seria mais confort\u00e1vel.<\/p>\n\n\n\n<p>Destacamos que a liberdade de imprensa \u00e9 um princ\u00edpio constitucional, fundamental para garantir o Estado Democr\u00e1tico de Direito. Ou seja, defender o trabalho do jornalista profissional \u00e9 defender a pr\u00f3pria democracia, sobretudo nesses tempos em que a desregulamenta\u00e7\u00e3o da profiss\u00e3o e a falta de regulamenta\u00e7\u00e3o das redes sociais est\u00e3o entre as principais causas da dissemina\u00e7\u00e3o de not\u00edcias falsas.<\/p>\n\n\n\n<p>Ultimamente, a imprensa do Tocantins tem sido alvo constante da intoler\u00e2ncia de muitos que t\u00eam a obriga\u00e7\u00e3o \u00e9tica de defend\u00ea-la, o que \u00e9 assustador e preocupante. Chamamos a sociedade para a seguinte reflex\u00e3o: a quem interessa o enfraquecimento e o controle do jornalismo?<\/p>\n\n\n\n<p>Na condi\u00e7\u00e3o de entidade representativa da categoria \u00e9 nosso dever jogar luz em situa\u00e7\u00f5es de ass\u00e9dio, cerceamento e embara\u00e7os ao trabalho dos jornalistas profissionais tocantinenses que, n\u00e3o raro, est\u00e3o sofrendo ofensas e intimida\u00e7\u00f5es expl\u00edcitas ou veladas. Em casos mais extremos, al\u00e9m dos ataques \u00e0 honra, h\u00e1 jornalistas \u00e9ticos e respons\u00e1veis que sofrem penaliza\u00e7\u00f5es equivocadas e desnecess\u00e1rias como forma de press\u00e3o.<\/p>\n\n\n\n<p>Respeitar a atividade jornal\u00edstica \u00e9 reconhecer que a democracia \u00e9 o bem maior da sociedade e que, por isso mesmo, todos devem defend\u00ea-la. O Sindjor n\u00e3o faltar\u00e1 ao seu papel nesta tarefa.<\/p>\n\n\n\n<p><strong><em>Sindicato dos Jornalistas Profissionais do Estado do Tocantins<\/em><\/strong>\u201d<\/p>\n\n\n\n<figure class=\"wp-block-image size-full\"><img loading=\"lazy\" decoding=\"async\" width=\"843\" height=\"251\" src=\"https:\/\/focotocantinense.com.br\/wp-content\/uploads\/2025\/01\/midia-vinicius-5.jpg\" alt=\"\" class=\"wp-image-9397\" srcset=\"https:\/\/focotocantinense.com.br\/wp-content\/uploads\/2025\/01\/midia-vinicius-5.jpg 843w, https:\/\/focotocantinense.com.br\/wp-content\/uploads\/2025\/01\/midia-vinicius-5-300x89.jpg 300w, https:\/\/focotocantinense.com.br\/wp-content\/uploads\/2025\/01\/midia-vinicius-5-768x229.jpg 768w\" sizes=\"auto, (max-width: 843px) 100vw, 843px\" \/><\/figure>\n","protected":false},"excerpt":{"rendered":"<p>O Sindicato dos Jornalistas Profissionais do Estado do Tocantins (Sindjor) emitiu nota neste s\u00e1bado, 8, ap\u00f3s a s\u00e9rie de ataques que o jornalista Cleber Toledo, diretor-executivo da&nbsp;Coluna do CT, vem recebendo nas \u00faltimas duas semanas. Primeiro foram investidas pessoais feitas por um secret\u00e1rio de governo. Depois, nos bastidores, tentaram jogar empres\u00e1rios de comunica\u00e7\u00e3o contra Toledo, &hellip;<\/p>\n","protected":false},"author":5,"featured_media":9434,"comment_status":"open","ping_status":"open","sticky":false,"template":"","format":"standard","meta":{"footnotes":""},"categories":[40],"tags":[],"class_list":["post-9433","post","type-post","status-publish","format-standard","has-post-thumbnail","","category-politica"],"_links":{"self":[{"href":"https:\/\/focotocantinense.com.br\/index.php?rest_route=\/wp\/v2\/posts\/9433","targetHints":{"allow":["GET"]}}],"collection":[{"href":"https:\/\/focotocantinense.com.br\/index.php?rest_route=\/wp\/v2\/posts"}],"about":[{"href":"https:\/\/focotocantinense.com.br\/index.php?rest_route=\/wp\/v2\/types\/post"}],"author":[{"embeddable":true,"href":"https:\/\/focotocantinense.com.br\/index.php?rest_route=\/wp\/v2\/users\/5"}],"replies":[{"embeddable":true,"href":"https:\/\/focotocantinense.com.br\/index.php?rest_route=%2Fwp%2Fv2%2Fcomments&post=9433"}],"version-history":[{"count":2,"href":"https:\/\/focotocantinense.com.br\/index.php?rest_route=\/wp\/v2\/posts\/9433\/revisions"}],"predecessor-version":[{"id":9437,"href":"https:\/\/focotocantinense.com.br\/index.php?rest_route=\/wp\/v2\/posts\/9433\/revisions\/9437"}],"wp:featuredmedia":[{"embeddable":true,"href":"https:\/\/focotocantinense.com.br\/index.php?rest_route=\/wp\/v2\/media\/9434"}],"wp:attachment":[{"href":"https:\/\/focotocantinense.com.br\/index.php?rest_route=%2Fwp%2Fv2%2Fmedia&parent=9433"}],"wp:term":[{"taxonomy":"category","embeddable":true,"href":"https:\/\/focotocantinense.com.br\/index.php?rest_route=%2Fwp%2Fv2%2Fcategories&post=9433"},{"taxonomy":"post_tag","embeddable":true,"href":"https:\/\/focotocantinense.com.br\/index.php?rest_route=%2Fwp%2Fv2%2Ftags&post=9433"}],"curies":[{"name":"wp","href":"https:\/\/api.w.org\/{rel}","templated":true}]}}