{"id":9423,"date":"2025-02-07T11:14:44","date_gmt":"2025-02-07T14:14:44","guid":{"rendered":"https:\/\/focotocantinense.com.br\/?p=9423"},"modified":"2025-02-07T11:17:37","modified_gmt":"2025-02-07T14:17:37","slug":"prefeitura-de-gurupi-realiza-acao-comunitaria-no-povoado-trevo-da-praia","status":"publish","type":"post","link":"https:\/\/focotocantinense.com.br\/?p=9423","title":{"rendered":"Prefeitura de Gurupi realiza a\u00e7\u00e3o comunit\u00e1ria no povoado Trevo da Praia"},"content":{"rendered":"\n<p><strong>Por: Vinicius Martins \u2013 Ascom Semas<\/strong><\/p>\n\n\n\n<p>A Prefeitura de Gurupi, por meio da Secretaria Municipal de Assist\u00eancia Social, realizou nesta quinta-feira, 06, a\u00e7\u00e3o comunit\u00e1ria no Povoado Trevo da Praia, localizado a cerca de 70 km da cidade, com o objetivo de promover o acesso das fam\u00edlias aos servi\u00e7os e benef\u00edcios socioassistenciais.<\/p>\n\n\n\n<p><\/p>\n\n\n\n<p>A equipe do Centro de Refer\u00eancia da Assist\u00eancia Social (CRAS) Nezinho Guida realizou orienta\u00e7\u00f5es sobre oferta de servi\u00e7os no CRAS; programa e benef\u00edcios do Governo Federal; recadastramento, atualiza\u00e7\u00e3o cadastral e inclus\u00e3o no Cadastro \u00danico. A equipe volante realizou entrega de Benef\u00edcio Eventual Kit Natalidade, visita domiciliar e atendimentos particularizados. A a\u00e7\u00e3o contou com a parceria da equipe diretiva da Escola Municipal Benevenuto Alves e Equipe da Gest\u00e3o Municipal do Cadastro \u00danico.<\/p>\n\n\n\n<figure class=\"wp-block-image size-large is-resized\"><img loading=\"lazy\" decoding=\"async\" width=\"768\" height=\"1024\" src=\"https:\/\/focotocantinense.com.br\/wp-content\/uploads\/2025\/02\/WhatsApp-Image-2025-02-07-at-10.20.18-768x1024.jpeg\" alt=\"\" class=\"wp-image-9425\" style=\"width:392px;height:auto\" srcset=\"https:\/\/focotocantinense.com.br\/wp-content\/uploads\/2025\/02\/WhatsApp-Image-2025-02-07-at-10.20.18-768x1024.jpeg 768w, https:\/\/focotocantinense.com.br\/wp-content\/uploads\/2025\/02\/WhatsApp-Image-2025-02-07-at-10.20.18-225x300.jpeg 225w, https:\/\/focotocantinense.com.br\/wp-content\/uploads\/2025\/02\/WhatsApp-Image-2025-02-07-at-10.20.18-1152x1536.jpeg 1152w, https:\/\/focotocantinense.com.br\/wp-content\/uploads\/2025\/02\/WhatsApp-Image-2025-02-07-at-10.20.18.jpeg 1200w\" sizes=\"auto, (max-width: 768px) 100vw, 768px\" \/><\/figure>\n\n\n\n<p><\/p>\n\n\n\n<p>Segundo a Secret\u00e1ria da pasta, Rayanne Nascimento, cada vez mais a gest\u00e3o est\u00e1 pr\u00f3xima a comunidade. \u201cEstamos seguindo a determina\u00e7\u00e3o da prefeita Josi Nunes que \u00e9 a gest\u00e3o municipal caminhar lado a lado com o cidad\u00e3o, acolhendo e expandindo cada vez mais os servi\u00e7os ofertados pela Secretaria\u201d, finalizou.<\/p>\n\n\n\n<figure class=\"wp-block-image size-large\"><img loading=\"lazy\" decoding=\"async\" width=\"1024\" height=\"642\" src=\"https:\/\/focotocantinense.com.br\/wp-content\/uploads\/2025\/02\/WhatsApp-Image-2025-02-07-at-10.21.11-1-1024x642.jpeg\" alt=\"\" class=\"wp-image-9431\" srcset=\"https:\/\/focotocantinense.com.br\/wp-content\/uploads\/2025\/02\/WhatsApp-Image-2025-02-07-at-10.21.11-1-1024x642.jpeg 1024w, https:\/\/focotocantinense.com.br\/wp-content\/uploads\/2025\/02\/WhatsApp-Image-2025-02-07-at-10.21.11-1-300x188.jpeg 300w, https:\/\/focotocantinense.com.br\/wp-content\/uploads\/2025\/02\/WhatsApp-Image-2025-02-07-at-10.21.11-1-768x482.jpeg 768w, https:\/\/focotocantinense.com.br\/wp-content\/uploads\/2025\/02\/WhatsApp-Image-2025-02-07-at-10.21.11-1.jpeg 1220w\" sizes=\"auto, (max-width: 1024px) 100vw, 1024px\" \/><\/figure>\n\n\n\n<p>&nbsp; &nbsp; &nbsp; &nbsp; &nbsp; &nbsp;<\/p>\n","protected":false},"excerpt":{"rendered":"<p>Por: Vinicius Martins \u2013 Ascom Semas A Prefeitura de Gurupi, por meio da Secretaria Municipal de Assist\u00eancia Social, realizou nesta quinta-feira, 06, a\u00e7\u00e3o comunit\u00e1ria no Povoado Trevo da Praia, localizado a cerca de 70 km da cidade, com o objetivo de promover o acesso das fam\u00edlias aos servi\u00e7os e benef\u00edcios socioassistenciais. A equipe do Centro &hellip;<\/p>\n","protected":false},"author":5,"featured_media":9424,"comment_status":"open","ping_status":"open","sticky":false,"template":"","format":"standard","meta":{"footnotes":""},"categories":[1],"tags":[],"class_list":["post-9423","post","type-post","status-publish","format-standard","has-post-thumbnail","","category-sem-categoria"],"_links":{"self":[{"href":"https:\/\/focotocantinense.com.br\/index.php?rest_route=\/wp\/v2\/posts\/9423","targetHints":{"allow":["GET"]}}],"collection":[{"href":"https:\/\/focotocantinense.com.br\/index.php?rest_route=\/wp\/v2\/posts"}],"about":[{"href":"https:\/\/focotocantinense.com.br\/index.php?rest_route=\/wp\/v2\/types\/post"}],"author":[{"embeddable":true,"href":"https:\/\/focotocantinense.com.br\/index.php?rest_route=\/wp\/v2\/users\/5"}],"replies":[{"embeddable":true,"href":"https:\/\/focotocantinense.com.br\/index.php?rest_route=%2Fwp%2Fv2%2Fcomments&post=9423"}],"version-history":[{"count":6,"href":"https:\/\/focotocantinense.com.br\/index.php?rest_route=\/wp\/v2\/posts\/9423\/revisions"}],"predecessor-version":[{"id":9432,"href":"https:\/\/focotocantinense.com.br\/index.php?rest_route=\/wp\/v2\/posts\/9423\/revisions\/9432"}],"wp:featuredmedia":[{"embeddable":true,"href":"https:\/\/focotocantinense.com.br\/index.php?rest_route=\/wp\/v2\/media\/9424"}],"wp:attachment":[{"href":"https:\/\/focotocantinense.com.br\/index.php?rest_route=%2Fwp%2Fv2%2Fmedia&parent=9423"}],"wp:term":[{"taxonomy":"category","embeddable":true,"href":"https:\/\/focotocantinense.com.br\/index.php?rest_route=%2Fwp%2Fv2%2Fcategories&post=9423"},{"taxonomy":"post_tag","embeddable":true,"href":"https:\/\/focotocantinense.com.br\/index.php?rest_route=%2Fwp%2Fv2%2Ftags&post=9423"}],"curies":[{"name":"wp","href":"https:\/\/api.w.org\/{rel}","templated":true}]}}