{"id":9419,"date":"2025-02-07T10:44:30","date_gmt":"2025-02-07T13:44:30","guid":{"rendered":"https:\/\/focotocantinense.com.br\/?p=9419"},"modified":"2025-02-07T10:45:10","modified_gmt":"2025-02-07T13:45:10","slug":"unirg-celebra-40-anos-e-divulga-o-calendario-de-eventos-comemorativos","status":"publish","type":"post","link":"https:\/\/focotocantinense.com.br\/?p=9419","title":{"rendered":"UnirG celebra 40 anos e divulga o calend\u00e1rio de eventos comemorativos"},"content":{"rendered":"\n<p>A Universidade de Gurupi &#8211; UnirG \u00e9 pioneira no Tocantins em Ensino Superior. Considerada destaque no desenvolvimento regional com a contribui\u00e7\u00e3o do progresso da ci\u00eancia, pesquisa, inova\u00e7\u00e3o e a melhoria da qualidade de vida dos moradores de toda a regi\u00e3o sul, este ano, 15 de fevereiro, ela completa 40 anos de muitas hist\u00f3rias.<\/p>\n\n\n\n<figure class=\"wp-block-image size-full is-resized\"><img loading=\"lazy\" decoding=\"async\" width=\"1024\" height=\"575\" src=\"https:\/\/focotocantinense.com.br\/wp-content\/uploads\/2025\/02\/campus-1-1.jpg\" alt=\"\" class=\"wp-image-9420\" style=\"width:392px;height:auto\" srcset=\"https:\/\/focotocantinense.com.br\/wp-content\/uploads\/2025\/02\/campus-1-1.jpg 1024w, https:\/\/focotocantinense.com.br\/wp-content\/uploads\/2025\/02\/campus-1-1-300x168.jpg 300w, https:\/\/focotocantinense.com.br\/wp-content\/uploads\/2025\/02\/campus-1-1-768x431.jpg 768w\" sizes=\"auto, (max-width: 1024px) 100vw, 1024px\" \/><\/figure>\n\n\n\n<p><\/p>\n\n\n\n<p>Pensando nisso, na pr\u00f3xima semana a Universidade ir\u00e1 celebrar esse momento t\u00e3o importante na vida dos gurupienses. Os acad\u00eamicos, servidores e professores da Institui\u00e7\u00e3o participar\u00e3o das festividades que ser\u00e3o promovidas ao longo deste ano.&nbsp; As atividades ser\u00e3o abertas ao p\u00fablico em geral.<\/p>\n\n\n\n<p>Conforme o vice-reitor, Me. Paulo Henrique Mattos, a inten\u00e7\u00e3o do projeto de celebra\u00e7\u00f5es \u00e9 a de mostrar a import\u00e2ncia da UnirG para Gurupi, para o desenvolvimento regional e para o Tocantins.<\/p>\n\n\n\n<p>\u201cInclusive, a gest\u00e3o est\u00e1 com previs\u00e3o de anunciar em breve a oferta de Doutorado, mais um Mestrado, al\u00e9m de novos cursos de gradua\u00e7\u00e3o. Queremos celebrar os \u00eaxitos ao longo desses 40 anos, que foram muitos\u201d.<\/p>\n\n\n\n<p>O vice-reitor disse ainda que \u201ccom isso, estamos permanentemente nessas quatro d\u00e9cadas contribuindo com a melhoria das pol\u00edticas p\u00fablicas municipais, da sa\u00fade, da educa\u00e7\u00e3o e da qualifica\u00e7\u00e3o profissional para nossa regi\u00e3o\u201d, destacou Mattos.<\/p>\n\n\n\n<p><strong>Programa\u00e7\u00e3o<\/strong><\/p>\n\n\n\n<p>As comemora\u00e7\u00f5es iniciam na pr\u00f3xima sexta-feira, 14, com a realiza\u00e7\u00e3o do \u201cAdesiva\u00e7o 40 anos\u201d. Uma equipe estar\u00e1 a partir das 18h30 nos campi I e II para promover a a\u00e7\u00e3o.<\/p>\n\n\n\n<p>J\u00e1 no s\u00e1bado, 15, ser\u00e1 o \u201cDia D\u201d de a\u00e7\u00f5es comemorativas. \u00c0s 06h ser\u00e1 a largada da \u201cMaratona da UnirG<em>\u201d<\/em>, que reunir\u00e1 a comunidade acad\u00eamica e gurupiense unidas em prol da preven\u00e7\u00e3o a sa\u00fade. Um circuito de 5km ser\u00e1 percorrido, partindo do campus I com destino ao Aeroporto, passando pela AGD e retornando a UnirG. Ap\u00f3s a corrida ser\u00e1 servido um caf\u00e9 da manh\u00e3 especial com frutas.<\/p>\n\n\n\n<p>Na pra\u00e7a do Centro Cultural Mauro Cunha, das 08 \u00e0s 12h, ser\u00e3o promovidas pelos professores e alunos dos cursos da Institui\u00e7\u00e3o diversas atividades direcionadas \u00e0 comunidade em geral.<\/p>\n\n\n\n<p>Entre os atendimentos est\u00e3o:&nbsp;Teste de Tipagem sangu\u00ednea<strong>;&nbsp;<\/strong>Aferi\u00e7\u00e3o de Press\u00e3o Arterial e Glicemia; &#8220;Tributo \u00e0 Cidadania: O Peso dos Impostos no Seu Bolso&#8221;; Atendimento Jur\u00eddico; Teste de Percep\u00e7\u00e3o Visual e Avalia\u00e7\u00e3o de pele facial e treinamento de primeiros socorros.&nbsp;Um espa\u00e7o cultural e a Briquedoteca tamb\u00e9m ser\u00e3o instalados, al\u00e9m da realiza\u00e7\u00e3o da Oficina de Artes Pl\u00e1sticas com pinturas de rostos em crian\u00e7as.<\/p>\n\n\n\n<p>No per\u00edodo da tarde, a partir das 16h, no audit\u00f3rio do Centro Cultural Mauro Cunha, haver\u00e1 a diploma\u00e7\u00e3o de Honra ao M\u00e9rito para Professores, Servidores T\u00e9cnico-administrativos e Ex-Reitores da UnirG. \u00c0s 19h, a programa\u00e7\u00e3o incluir\u00e1 o Festival da Can\u00e7\u00e3o e Poesia com a participa\u00e7\u00e3o da comunidade.&nbsp;Na ocasi\u00e3o, a&nbsp;Casa de Cultura&nbsp;Maestro Othonio Benvenuto&nbsp;far\u00e1 a abertura oficial do evento, com apresenta\u00e7\u00f5es art\u00edsticas.<\/p>\n\n\n\n<p>Para encerrar a programa\u00e7\u00e3o do dia, na oportunidade ainda ser\u00e1 apresentado um document\u00e1rio comemorativo dos&nbsp;<em>40 anos da UnirG<\/em>, contando a trajet\u00f3ria da Institui\u00e7\u00e3o nessas quatro d\u00e9cadas de exist\u00eancia.<\/p>\n\n\n\n<figure class=\"wp-block-image size-full\"><img loading=\"lazy\" decoding=\"async\" width=\"843\" height=\"251\" src=\"https:\/\/focotocantinense.com.br\/wp-content\/uploads\/2025\/02\/midia-vinicius.jpg\" alt=\"\" class=\"wp-image-9402\" srcset=\"https:\/\/focotocantinense.com.br\/wp-content\/uploads\/2025\/02\/midia-vinicius.jpg 843w, https:\/\/focotocantinense.com.br\/wp-content\/uploads\/2025\/02\/midia-vinicius-300x89.jpg 300w, https:\/\/focotocantinense.com.br\/wp-content\/uploads\/2025\/02\/midia-vinicius-768x229.jpg 768w\" sizes=\"auto, (max-width: 843px) 100vw, 843px\" \/><\/figure>\n","protected":false},"excerpt":{"rendered":"<p>A Universidade de Gurupi &#8211; UnirG \u00e9 pioneira no Tocantins em Ensino Superior. Considerada destaque no desenvolvimento regional com a contribui\u00e7\u00e3o do progresso da ci\u00eancia, pesquisa, inova\u00e7\u00e3o e a melhoria da qualidade de vida dos moradores de toda a regi\u00e3o sul, este ano, 15 de fevereiro, ela completa 40 anos de muitas hist\u00f3rias. Pensando nisso, &hellip;<\/p>\n","protected":false},"author":5,"featured_media":9420,"comment_status":"open","ping_status":"open","sticky":false,"template":"","format":"standard","meta":{"footnotes":""},"categories":[1],"tags":[],"class_list":["post-9419","post","type-post","status-publish","format-standard","has-post-thumbnail","","category-sem-categoria"],"_links":{"self":[{"href":"https:\/\/focotocantinense.com.br\/index.php?rest_route=\/wp\/v2\/posts\/9419","targetHints":{"allow":["GET"]}}],"collection":[{"href":"https:\/\/focotocantinense.com.br\/index.php?rest_route=\/wp\/v2\/posts"}],"about":[{"href":"https:\/\/focotocantinense.com.br\/index.php?rest_route=\/wp\/v2\/types\/post"}],"author":[{"embeddable":true,"href":"https:\/\/focotocantinense.com.br\/index.php?rest_route=\/wp\/v2\/users\/5"}],"replies":[{"embeddable":true,"href":"https:\/\/focotocantinense.com.br\/index.php?rest_route=%2Fwp%2Fv2%2Fcomments&post=9419"}],"version-history":[{"count":2,"href":"https:\/\/focotocantinense.com.br\/index.php?rest_route=\/wp\/v2\/posts\/9419\/revisions"}],"predecessor-version":[{"id":9422,"href":"https:\/\/focotocantinense.com.br\/index.php?rest_route=\/wp\/v2\/posts\/9419\/revisions\/9422"}],"wp:featuredmedia":[{"embeddable":true,"href":"https:\/\/focotocantinense.com.br\/index.php?rest_route=\/wp\/v2\/media\/9420"}],"wp:attachment":[{"href":"https:\/\/focotocantinense.com.br\/index.php?rest_route=%2Fwp%2Fv2%2Fmedia&parent=9419"}],"wp:term":[{"taxonomy":"category","embeddable":true,"href":"https:\/\/focotocantinense.com.br\/index.php?rest_route=%2Fwp%2Fv2%2Fcategories&post=9419"},{"taxonomy":"post_tag","embeddable":true,"href":"https:\/\/focotocantinense.com.br\/index.php?rest_route=%2Fwp%2Fv2%2Ftags&post=9419"}],"curies":[{"name":"wp","href":"https:\/\/api.w.org\/{rel}","templated":true}]}}