{"id":941,"date":"2021-03-13T19:16:48","date_gmt":"2021-03-13T22:16:48","guid":{"rendered":"http:\/\/focotocantinense.com.br\/?p=941"},"modified":"2021-03-13T19:18:24","modified_gmt":"2021-03-13T22:18:24","slug":"governo-do-tocantins-decreta-tolerancia-zero-para-eventos-e-aglomeracoes-descumprimento-sera-punido-com-multa","status":"publish","type":"post","link":"https:\/\/focotocantinense.com.br\/?p=941","title":{"rendered":"Governo do Tocantins decreta \u201ctoler\u00e2ncia zero\u201d para eventos e aglomera\u00e7\u00f5es; descumprimento ser\u00e1 punido com multa"},"content":{"rendered":"\n<figure class=\"wp-block-image size-large\"><img loading=\"lazy\" decoding=\"async\" width=\"547\" height=\"549\" src=\"http:\/\/focotocantinense.com.br\/wp-content\/uploads\/2021\/03\/image-9.png\" alt=\"\" class=\"wp-image-942\" srcset=\"https:\/\/focotocantinense.com.br\/wp-content\/uploads\/2021\/03\/image-9.png 547w, https:\/\/focotocantinense.com.br\/wp-content\/uploads\/2021\/03\/image-9-300x300.png 300w, https:\/\/focotocantinense.com.br\/wp-content\/uploads\/2021\/03\/image-9-150x150.png 150w\" sizes=\"auto, (max-width: 547px) 100vw, 547px\" \/><\/figure>\n\n\n\n<p>O Governo do Tocantins publicou na noite desta sexta-feira, 12, um decreto com novas medidas a fim de diminuir as aglomera\u00e7\u00f5es e, consequentemente, o avan\u00e7o da Covid-19 no Tocantins. Dentre outras medidas, o Decreto 6.230\/21 institui a For\u00e7a-Tarefa \u201cToler\u00e2ncia Zero\u201d, que ser\u00e1 coordenada pela Secretaria Estadual de Seguran\u00e7a P\u00fablica (SSP), Pol\u00edcia Militar, Corpo de Bombeiros e Secretaria Estadual da Cidadania e Justi\u00e7a (Seciju), e ter\u00e1 como objetivo prevenir e enfrentar as condutas que descumpram o Decreto e contribuam para a propaga\u00e7\u00e3o do novo coronav\u00edrus.<\/p>\n\n\n\n<p>O secret\u00e1rio-chefe da Casa Civil, Rolf Vidal, ressaltou que as medidas t\u00eam cunho educativo, mas que o descumprimento ser\u00e1 punido. \u201cO Comit\u00ea de Crise trabalhou durante todo o ano sugerindo, acompanhando e monitorando as diversas a\u00e7\u00f5es de enfrentamento do Estado, mas, devido ao aumento de casos, houve essa necessidade de mudan\u00e7a de postura em que iremos apostar na conscientiza\u00e7\u00e3o social. Desrespeitadas essas medidas, haver\u00e1 puni\u00e7\u00e3o, podendo o respons\u00e1vel pelo evento, seja ele formal ou informal, responder por crime contra a sa\u00fade p\u00fablica\u201d, alertou.<\/p>\n\n\n\n<p>As medidas entram em vigor a partir da pr\u00f3xima quarta-feira, 17, e valem tanto para eventos em estabelecimentos comerciais como para reuni\u00f5es privadas em resid\u00eancias.<br>As puni\u00e7\u00f5es para a pessoa f\u00edsica ser\u00e3o advert\u00eancia e multa fixada entre R$ 50,00 e R$ 2 mil, que ser\u00e1 recolhida em favor do Fundo Estadual de Sa\u00fade. J\u00e1 para pessoas jur\u00eddicas, o valor da multa ser\u00e1 no m\u00ednimo R$ 500,00, podendo chegar a R$ 20 mil, al\u00e9m de advert\u00eancia, interdi\u00e7\u00e3o parcial ou total do estabelecimento, cancelamento de autoriza\u00e7\u00e3o para funcionamento de empresa e cancelamento do alvar\u00e1 de licenciamento do estabelecimento.<\/p>\n\n\n\n<p>O Decreto tamb\u00e9m autoriza a SSP a fazer um monitoramento sistematizado com a finalidade de identificar locais com indicativo de grande concentra\u00e7\u00e3o de pessoas. Para isso, a Secretaria poder\u00e1 utilizar do rastreio de aparelhos celulares, redes sociais, aplicativos de transporte ou outro meio que permita o georreferenciamento.<\/p>\n\n\n\n<p>As novas medidas foram decretadas em raz\u00e3o do grande n\u00famero de casos da Covid-19 no Tocantins e da sobrecarga no servi\u00e7o p\u00fablico de sa\u00fade. O teor do Decreto foi amplamente discutido pelo Comit\u00ea de Crise junto com representantes de entidades empresariais e profissionais de sa\u00fade.<\/p>\n","protected":false},"excerpt":{"rendered":"<p>O Governo do Tocantins publicou na noite desta sexta-feira, 12, um decreto com novas medidas a fim de diminuir as aglomera\u00e7\u00f5es e, consequentemente, o avan\u00e7o da Covid-19 no Tocantins. Dentre outras medidas, o Decreto 6.230\/21 institui a For\u00e7a-Tarefa \u201cToler\u00e2ncia Zero\u201d, que ser\u00e1 coordenada pela Secretaria Estadual de Seguran\u00e7a P\u00fablica (SSP), Pol\u00edcia Militar, Corpo de Bombeiros &hellip;<\/p>\n","protected":false},"author":5,"featured_media":944,"comment_status":"open","ping_status":"open","sticky":true,"template":"","format":"standard","meta":{"footnotes":""},"categories":[1],"tags":[],"class_list":["post-941","post","type-post","status-publish","format-standard","has-post-thumbnail","","category-sem-categoria"],"_links":{"self":[{"href":"https:\/\/focotocantinense.com.br\/index.php?rest_route=\/wp\/v2\/posts\/941","targetHints":{"allow":["GET"]}}],"collection":[{"href":"https:\/\/focotocantinense.com.br\/index.php?rest_route=\/wp\/v2\/posts"}],"about":[{"href":"https:\/\/focotocantinense.com.br\/index.php?rest_route=\/wp\/v2\/types\/post"}],"author":[{"embeddable":true,"href":"https:\/\/focotocantinense.com.br\/index.php?rest_route=\/wp\/v2\/users\/5"}],"replies":[{"embeddable":true,"href":"https:\/\/focotocantinense.com.br\/index.php?rest_route=%2Fwp%2Fv2%2Fcomments&post=941"}],"version-history":[{"count":1,"href":"https:\/\/focotocantinense.com.br\/index.php?rest_route=\/wp\/v2\/posts\/941\/revisions"}],"predecessor-version":[{"id":943,"href":"https:\/\/focotocantinense.com.br\/index.php?rest_route=\/wp\/v2\/posts\/941\/revisions\/943"}],"wp:featuredmedia":[{"embeddable":true,"href":"https:\/\/focotocantinense.com.br\/index.php?rest_route=\/wp\/v2\/media\/944"}],"wp:attachment":[{"href":"https:\/\/focotocantinense.com.br\/index.php?rest_route=%2Fwp%2Fv2%2Fmedia&parent=941"}],"wp:term":[{"taxonomy":"category","embeddable":true,"href":"https:\/\/focotocantinense.com.br\/index.php?rest_route=%2Fwp%2Fv2%2Fcategories&post=941"},{"taxonomy":"post_tag","embeddable":true,"href":"https:\/\/focotocantinense.com.br\/index.php?rest_route=%2Fwp%2Fv2%2Ftags&post=941"}],"curies":[{"name":"wp","href":"https:\/\/api.w.org\/{rel}","templated":true}]}}