{"id":9407,"date":"2025-02-02T11:51:36","date_gmt":"2025-02-02T14:51:36","guid":{"rendered":"https:\/\/focotocantinense.com.br\/?p=9407"},"modified":"2025-02-02T11:51:36","modified_gmt":"2025-02-02T14:51:36","slug":"hugo-motta-e-eleito-presidente-da-camara-dos-deputados-com-apoio-irrestrito-de-deputado-antonio-andrade","status":"publish","type":"post","link":"https:\/\/focotocantinense.com.br\/?p=9407","title":{"rendered":"Hugo Motta \u00e9 eleito presidente da C\u00e2mara dos Deputados com apoio irrestrito de Deputado Antonio Andrade"},"content":{"rendered":"\n<p>Em uma disputa marcada por intensa articula\u00e7\u00e3o pol\u00edtica, o deputado federal Hugo Motta (Republicanos-PB) foi eleito presidente da C\u00e2mara dos Deputados para o bi\u00eanio 2025-2026 neste s\u00e1bado, 1 de fevereiro. A vit\u00f3ria de Motta contou com amplo apoio de 17 partidos, incluindo o voto e a articula\u00e7\u00e3o do deputado Antonio Andrade (Republicanos-TO), que se destacou como um dos principais aliados do novo presidente.<\/p>\n\n\n\n<figure class=\"wp-block-image size-large is-resized\"><img loading=\"lazy\" decoding=\"async\" width=\"1024\" height=\"683\" src=\"https:\/\/focotocantinense.com.br\/wp-content\/uploads\/2025\/02\/WhatsApp-Image-2025-02-01-at-19.41.29-1024x683.jpeg\" alt=\"\" class=\"wp-image-9405\" style=\"width:373px;height:auto\" srcset=\"https:\/\/focotocantinense.com.br\/wp-content\/uploads\/2025\/02\/WhatsApp-Image-2025-02-01-at-19.41.29-1024x683.jpeg 1024w, https:\/\/focotocantinense.com.br\/wp-content\/uploads\/2025\/02\/WhatsApp-Image-2025-02-01-at-19.41.29-300x200.jpeg 300w, https:\/\/focotocantinense.com.br\/wp-content\/uploads\/2025\/02\/WhatsApp-Image-2025-02-01-at-19.41.29-768x512.jpeg 768w, https:\/\/focotocantinense.com.br\/wp-content\/uploads\/2025\/02\/WhatsApp-Image-2025-02-01-at-19.41.29-1536x1024.jpeg 1536w, https:\/\/focotocantinense.com.br\/wp-content\/uploads\/2025\/02\/WhatsApp-Image-2025-02-01-at-19.41.29.jpeg 1600w\" sizes=\"auto, (max-width: 1024px) 100vw, 1024px\" \/><\/figure>\n\n\n\n<p>A elei\u00e7\u00e3o ocorreu em meio a debates sobre governabilidade e a necessidade de um Congresso com mais protagonismo nas pautas nacionais. Hugo Motta, que tem uma trajet\u00f3ria consolidada na pol\u00edtica paraibana e nacional, prometeu um mandato baseado no di\u00e1logo e na busca por avan\u00e7os legislativos que favore\u00e7am o desenvolvimento do pa\u00eds. \u201cO Brasil nos une e nada pode nos separar. Somos um s\u00f3 povo brasileiro e temos que nos unir, com equil\u00edbrio e raz\u00e3o.\u201d<\/p>\n\n\n\n<p>Antonio Andrade celebrou a elei\u00e7\u00e3o de seu correligion\u00e1rio e destacou a import\u00e2ncia da uni\u00e3o da base governista para garantir um ambiente pol\u00edtico est\u00e1vel e produtivo. \u201cHugo Motta tem capacidade e experi\u00eancia para conduzir a C\u00e2mara de maneira eficiente e transparente. Tenho certeza de que sua gest\u00e3o ser\u00e1 marcada pelo compromisso com os interesses do povo brasileiro\u201d, afirmou Andrade.<\/p>\n\n\n\n<p>O novo presidente da C\u00e2mara assume o desafio de comandar a Casa em um per\u00edodo de grandes debates sobre reformas estruturais e pol\u00edticas p\u00fablicas essenciais. Com a confian\u00e7a do parlamento e o respaldo de lideran\u00e7as como Antonio Andrade, a expectativa \u00e9 Motta traga avan\u00e7os significativos para o legislativo brasileiro.<\/p>\n\n\n\n<figure class=\"wp-block-image size-large\"><img loading=\"lazy\" decoding=\"async\" width=\"1024\" height=\"683\" src=\"https:\/\/focotocantinense.com.br\/wp-content\/uploads\/2025\/02\/WhatsApp-Image-2025-02-01-at-19.41.29-1024x683.jpeg\" alt=\"\" class=\"wp-image-9405\" srcset=\"https:\/\/focotocantinense.com.br\/wp-content\/uploads\/2025\/02\/WhatsApp-Image-2025-02-01-at-19.41.29-1024x683.jpeg 1024w, https:\/\/focotocantinense.com.br\/wp-content\/uploads\/2025\/02\/WhatsApp-Image-2025-02-01-at-19.41.29-300x200.jpeg 300w, https:\/\/focotocantinense.com.br\/wp-content\/uploads\/2025\/02\/WhatsApp-Image-2025-02-01-at-19.41.29-768x512.jpeg 768w, https:\/\/focotocantinense.com.br\/wp-content\/uploads\/2025\/02\/WhatsApp-Image-2025-02-01-at-19.41.29-1536x1024.jpeg 1536w, https:\/\/focotocantinense.com.br\/wp-content\/uploads\/2025\/02\/WhatsApp-Image-2025-02-01-at-19.41.29.jpeg 1600w\" sizes=\"auto, (max-width: 1024px) 100vw, 1024px\" \/><\/figure>\n\n\n\n<p>Assessoria de Comunica\u00e7\u00e3o \u2013 Deputado Federal Antonio Andrade<\/p>\n","protected":false},"excerpt":{"rendered":"<p>Em uma disputa marcada por intensa articula\u00e7\u00e3o pol\u00edtica, o deputado federal Hugo Motta (Republicanos-PB) foi eleito presidente da C\u00e2mara dos Deputados para o bi\u00eanio 2025-2026 neste s\u00e1bado, 1 de fevereiro. A vit\u00f3ria de Motta contou com amplo apoio de 17 partidos, incluindo o voto e a articula\u00e7\u00e3o do deputado Antonio Andrade (Republicanos-TO), que se destacou &hellip;<\/p>\n","protected":false},"author":5,"featured_media":9406,"comment_status":"open","ping_status":"open","sticky":false,"template":"","format":"standard","meta":{"footnotes":""},"categories":[1],"tags":[],"class_list":["post-9407","post","type-post","status-publish","format-standard","has-post-thumbnail","","category-sem-categoria"],"_links":{"self":[{"href":"https:\/\/focotocantinense.com.br\/index.php?rest_route=\/wp\/v2\/posts\/9407","targetHints":{"allow":["GET"]}}],"collection":[{"href":"https:\/\/focotocantinense.com.br\/index.php?rest_route=\/wp\/v2\/posts"}],"about":[{"href":"https:\/\/focotocantinense.com.br\/index.php?rest_route=\/wp\/v2\/types\/post"}],"author":[{"embeddable":true,"href":"https:\/\/focotocantinense.com.br\/index.php?rest_route=\/wp\/v2\/users\/5"}],"replies":[{"embeddable":true,"href":"https:\/\/focotocantinense.com.br\/index.php?rest_route=%2Fwp%2Fv2%2Fcomments&post=9407"}],"version-history":[{"count":1,"href":"https:\/\/focotocantinense.com.br\/index.php?rest_route=\/wp\/v2\/posts\/9407\/revisions"}],"predecessor-version":[{"id":9408,"href":"https:\/\/focotocantinense.com.br\/index.php?rest_route=\/wp\/v2\/posts\/9407\/revisions\/9408"}],"wp:featuredmedia":[{"embeddable":true,"href":"https:\/\/focotocantinense.com.br\/index.php?rest_route=\/wp\/v2\/media\/9406"}],"wp:attachment":[{"href":"https:\/\/focotocantinense.com.br\/index.php?rest_route=%2Fwp%2Fv2%2Fmedia&parent=9407"}],"wp:term":[{"taxonomy":"category","embeddable":true,"href":"https:\/\/focotocantinense.com.br\/index.php?rest_route=%2Fwp%2Fv2%2Fcategories&post=9407"},{"taxonomy":"post_tag","embeddable":true,"href":"https:\/\/focotocantinense.com.br\/index.php?rest_route=%2Fwp%2Fv2%2Ftags&post=9407"}],"curies":[{"name":"wp","href":"https:\/\/api.w.org\/{rel}","templated":true}]}}