{"id":9400,"date":"2025-02-01T16:16:58","date_gmt":"2025-02-01T19:16:58","guid":{"rendered":"https:\/\/focotocantinense.com.br\/?p=9400"},"modified":"2025-02-01T16:16:58","modified_gmt":"2025-02-01T19:16:58","slug":"empossada-nova-mesa-diretora-da-assembleia-presidida-por-amelio-cayres","status":"publish","type":"post","link":"https:\/\/focotocantinense.com.br\/?p=9400","title":{"rendered":"Empossada nova Mesa Diretora da Assembleia, presidida por Am\u00e9lio Cayres"},"content":{"rendered":"\n<p>A presen\u00e7a de autoridades municipais e estaduais dos poderes constitu\u00eddos do Tocantins movimentou a sess\u00e3o especial de posse da nova Mesa Diretora da Assembleia Legislativa do Tocantins (Aleto), para o bi\u00eanio 2025-2026, realizada neste s\u00e1bado, 1\u00ba de fevereiro. O ato foi prestigiado por representantes do Governo do Estado, Tribunal de Justi\u00e7a, Minist\u00e9rio P\u00fablico, Tribunal de Contas, OAB, prefeitos e vereadores de diversos munic\u00edpios tocantinenses.<\/p>\n\n\n\n<p>A manifesta\u00e7\u00e3o das autoridades presentes traduziu-se no apoio e valida\u00e7\u00e3o ao trabalho dos novos empossados, encabe\u00e7ados por Am\u00e9lio Cayres (Republicanos), reeleito \u00e0 Presid\u00eancia da Mesa.<\/p>\n\n\n\n<p>Discursando em nome dos demais deputados, Jorge Frederico (Republicanos), disse que a recondu\u00e7\u00e3o de Am\u00e9lio \u00e0 Presid\u00eancia \u00e9 reflexo da boa atua\u00e7\u00e3o dele na Casa, nos dois anos anteriores, e revela o clima de unidade vivenciado no Parlamento Estadual.<\/p>\n\n\n\n<p>O governador Wanderlei Barbosa (Republicanos) tamb\u00e9m elogiou a capacidade de Am\u00e9lio de agregar lideran\u00e7as ao seu entorno. \u201cEssa uni\u00e3o reflete em bons resultados para o Estado e para a popula\u00e7\u00e3o\u201d, destacou.<\/p>\n\n\n\n<p>Em seu discurso de posse, Cayres reafirmou o compromisso de conduzir uma gest\u00e3o compartilhada com os 23 deputados e com os demais poderes constitu\u00eddos, visando atender aos anseios dos tocantinenses.<\/p>\n\n\n\n<p><strong>Governabilidade<\/strong><\/p>\n\n\n\n<p>Cayres foi enf\u00e1tico sobre sua rela\u00e7\u00e3o com o Governo do Tocantins. \u201cJ\u00e1 fomos criticados e chamados de &#8216;governistas&#8217;. Quero reafirmar que n\u00f3s n\u00e3o trabalhamos pelo governo ou para o governo, mas sim pela governabilidade. O meu apoio e o apoio desta Casa ao Governo do Estado n\u00e3o comprometem a autonomia deste Parlamento. Pelo contr\u00e1rio, nosso papel \u00e9 somar esfor\u00e7os para ver a transforma\u00e7\u00e3o chegar na casa de quem realmente necessita [popula\u00e7\u00e3o]\u201d.<\/p>\n\n\n\n<p><strong>Balan\u00e7o<\/strong><\/p>\n\n\n\n<p>Am\u00e9lio Cayres fez um balan\u00e7o das a\u00e7\u00f5es realizadas nos dois anos anteriores, destacando a realiza\u00e7\u00e3o concurso p\u00fablico da Casa, com resultado homologado ontem, 31 de janeiro.<\/p>\n\n\n\n<p>\u201cEm dois anos, aprovamos mais de 2.600 requerimentos e 500 leis importantes, a exemplo da matr\u00edcula escolar de pessoas com defici\u00eancia; folga anual para cuidado com a sa\u00fade dos trabalhadores; Pol\u00edtica Estadual de Cultura da Leitura e Escrita, dentre outras\u201d, ressaltou.<\/p>\n\n\n\n<p>Mencionou tamb\u00e9m o pagamento de todas as progress\u00f5es atrasadas, data-base, reajuste salarial e atualiza\u00e7\u00e3o necess\u00e1ria da carreira dos nossos efetivos. \u201cIsso representa seguran\u00e7a profissional e valoriza\u00e7\u00e3o do \u00e1rduo trabalho prestado\u201d.<\/p>\n\n\n\n<figure class=\"wp-block-image size-large\"><img loading=\"lazy\" decoding=\"async\" width=\"1024\" height=\"640\" src=\"https:\/\/focotocantinense.com.br\/wp-content\/uploads\/2025\/02\/f41549d69004df018bf170430700fd83-1024x640.jpg\" alt=\"\" class=\"wp-image-9401\" srcset=\"https:\/\/focotocantinense.com.br\/wp-content\/uploads\/2025\/02\/f41549d69004df018bf170430700fd83-1024x640.jpg 1024w, https:\/\/focotocantinense.com.br\/wp-content\/uploads\/2025\/02\/f41549d69004df018bf170430700fd83-300x187.jpg 300w, https:\/\/focotocantinense.com.br\/wp-content\/uploads\/2025\/02\/f41549d69004df018bf170430700fd83-768x480.jpg 768w, https:\/\/focotocantinense.com.br\/wp-content\/uploads\/2025\/02\/f41549d69004df018bf170430700fd83.jpg 1535w\" sizes=\"auto, (max-width: 1024px) 100vw, 1024px\" \/><\/figure>\n\n\n\n<p><\/p>\n\n\n\n<p><strong>Expectativas<\/strong><\/p>\n\n\n\n<p>Nos pr\u00f3ximos anos, o presidente disse que vai continuar priorizando o atendimento das necessidades das pessoas para cumprir com o que chama de \u201cgest\u00e3o conjunta e de resultados\u201d.<\/p>\n\n\n\n<p><strong>Empossados<\/strong><\/p>\n\n\n\n<p>Al\u00e9m de Cayres, foram empossados os deputados L\u00e9o Barbosa (Republicanos) e Cleiton Cardoso (Republicanos), respectivamente, para os cargos de 1\u00ba e 2\u00ba vice-presidente.<\/p>\n\n\n\n<p>Os deputados Vilmar de Oliveira (Solidariedade), Janad Valcari (PL), Luciano Oliveira (PSD) e Marcus Marcelo (PL), foram empossados nos cargos de 1\u00ba, 2\u00ba, 3\u00ba e 4\u00ba secret\u00e1rio, respectivamente.<\/p>\n\n\n\n<p><strong>Solenidade<\/strong><\/p>\n\n\n\n<p>A solenidade teve in\u00edcio com a execu\u00e7\u00e3o do hino nacional, executado pela banda de m\u00fasica da Pol\u00edcia Militar do Tocantins, seguindo com o Ato de Posse, foto oficial dos empossados e apresenta\u00e7\u00e3o do m\u00fasico&nbsp;Badinho&nbsp;Ara\u00fajo. Ao encerrar, Am\u00e9lio fez o convite para participa\u00e7\u00e3o de todos na sess\u00e3o de abertura oficial ano do legislativo de 2025, que ser\u00e1 realizada na pr\u00f3xima ter\u00e7a-feira, 4.<\/p>\n\n\n\n<figure class=\"wp-block-image size-full\"><img loading=\"lazy\" decoding=\"async\" width=\"843\" height=\"251\" src=\"https:\/\/focotocantinense.com.br\/wp-content\/uploads\/2025\/02\/midia-vinicius.jpg\" alt=\"\" class=\"wp-image-9402\" srcset=\"https:\/\/focotocantinense.com.br\/wp-content\/uploads\/2025\/02\/midia-vinicius.jpg 843w, https:\/\/focotocantinense.com.br\/wp-content\/uploads\/2025\/02\/midia-vinicius-300x89.jpg 300w, https:\/\/focotocantinense.com.br\/wp-content\/uploads\/2025\/02\/midia-vinicius-768x229.jpg 768w\" sizes=\"auto, (max-width: 843px) 100vw, 843px\" \/><\/figure>\n","protected":false},"excerpt":{"rendered":"<p>A presen\u00e7a de autoridades municipais e estaduais dos poderes constitu\u00eddos do Tocantins movimentou a sess\u00e3o especial de posse da nova Mesa Diretora da Assembleia Legislativa do Tocantins (Aleto), para o bi\u00eanio 2025-2026, realizada neste s\u00e1bado, 1\u00ba de fevereiro. O ato foi prestigiado por representantes do Governo do Estado, Tribunal de Justi\u00e7a, Minist\u00e9rio P\u00fablico, Tribunal de &hellip;<\/p>\n","protected":false},"author":5,"featured_media":9401,"comment_status":"open","ping_status":"open","sticky":false,"template":"","format":"standard","meta":{"footnotes":""},"categories":[40],"tags":[],"class_list":["post-9400","post","type-post","status-publish","format-standard","has-post-thumbnail","","category-politica"],"_links":{"self":[{"href":"https:\/\/focotocantinense.com.br\/index.php?rest_route=\/wp\/v2\/posts\/9400","targetHints":{"allow":["GET"]}}],"collection":[{"href":"https:\/\/focotocantinense.com.br\/index.php?rest_route=\/wp\/v2\/posts"}],"about":[{"href":"https:\/\/focotocantinense.com.br\/index.php?rest_route=\/wp\/v2\/types\/post"}],"author":[{"embeddable":true,"href":"https:\/\/focotocantinense.com.br\/index.php?rest_route=\/wp\/v2\/users\/5"}],"replies":[{"embeddable":true,"href":"https:\/\/focotocantinense.com.br\/index.php?rest_route=%2Fwp%2Fv2%2Fcomments&post=9400"}],"version-history":[{"count":1,"href":"https:\/\/focotocantinense.com.br\/index.php?rest_route=\/wp\/v2\/posts\/9400\/revisions"}],"predecessor-version":[{"id":9403,"href":"https:\/\/focotocantinense.com.br\/index.php?rest_route=\/wp\/v2\/posts\/9400\/revisions\/9403"}],"wp:featuredmedia":[{"embeddable":true,"href":"https:\/\/focotocantinense.com.br\/index.php?rest_route=\/wp\/v2\/media\/9401"}],"wp:attachment":[{"href":"https:\/\/focotocantinense.com.br\/index.php?rest_route=%2Fwp%2Fv2%2Fmedia&parent=9400"}],"wp:term":[{"taxonomy":"category","embeddable":true,"href":"https:\/\/focotocantinense.com.br\/index.php?rest_route=%2Fwp%2Fv2%2Fcategories&post=9400"},{"taxonomy":"post_tag","embeddable":true,"href":"https:\/\/focotocantinense.com.br\/index.php?rest_route=%2Fwp%2Fv2%2Ftags&post=9400"}],"curies":[{"name":"wp","href":"https:\/\/api.w.org\/{rel}","templated":true}]}}