{"id":9395,"date":"2025-01-31T19:51:16","date_gmt":"2025-01-31T22:51:16","guid":{"rendered":"https:\/\/focotocantinense.com.br\/?p=9395"},"modified":"2025-01-31T19:52:21","modified_gmt":"2025-01-31T22:52:21","slug":"governo-do-estado-prorroga-ipva-para-veiculos-licenciados-em-aguiarnopolis-e-palmeiras-do-tocantins","status":"publish","type":"post","link":"https:\/\/focotocantinense.com.br\/?p=9395","title":{"rendered":"Governo do Estado prorroga IPVA para ve\u00edculos licenciados em Aguiarn\u00f3polis e Palmeiras do Tocantins"},"content":{"rendered":"\n<p>O Governo do Tocantins, por meio da Secretaria de Estado da Fazenda (Sefaz), prorrogou os prazos para pagamento do Imposto sobre a Propriedade de Ve\u00edculos Automotores (IPVA) de 2025, para ve\u00edculos licenciados nos munic\u00edpios de Aguiarn\u00f3polis e Palmeiras do Tocantins. A decis\u00e3o foi oficializada por meio da Portaria n\u00ba 86\/2025, assinada pelo titular da Sefaz, Donizeth Silva, e publicada no Di\u00e1rio Oficial do Estado (DOE) dessa quinta-feira, 30. Exclusivamente para os dois munic\u00edpios, a nova data de vencimento para quita\u00e7\u00e3o do imposto com desconto de 10% \u00e9 dia 16 de junho.<\/p>\n\n\n\n<figure class=\"wp-block-image size-large is-resized\"><img loading=\"lazy\" decoding=\"async\" width=\"1024\" height=\"585\" src=\"https:\/\/focotocantinense.com.br\/wp-content\/uploads\/2025\/01\/aaaaaaaaaaaaaaaaa-1024x585.jpg\" alt=\"\" class=\"wp-image-9396\" style=\"width:407px;height:auto\" srcset=\"https:\/\/focotocantinense.com.br\/wp-content\/uploads\/2025\/01\/aaaaaaaaaaaaaaaaa-1024x585.jpg 1024w, https:\/\/focotocantinense.com.br\/wp-content\/uploads\/2025\/01\/aaaaaaaaaaaaaaaaa-300x171.jpg 300w, https:\/\/focotocantinense.com.br\/wp-content\/uploads\/2025\/01\/aaaaaaaaaaaaaaaaa-768x439.jpg 768w, https:\/\/focotocantinense.com.br\/wp-content\/uploads\/2025\/01\/aaaaaaaaaaaaaaaaa-1536x878.jpg 1536w, https:\/\/focotocantinense.com.br\/wp-content\/uploads\/2025\/01\/aaaaaaaaaaaaaaaaa.jpg 1575w\" sizes=\"auto, (max-width: 1024px) 100vw, 1024px\" \/><\/figure>\n\n\n\n<p><\/p>\n\n\n\n<p>A medida considera os impactos causados pelo desabamento da ponte Juscelino Kubitschek de Oliveira, que liga o Tocantins ao Maranh\u00e3o, nos munic\u00edpios de Aguiarn\u00f3polis\/TO e Estreito\/MA. A interrup\u00e7\u00e3o da infraestrutura log\u00edstica gerou uma s\u00e9rie de dificuldades econ\u00f4micas e sociais para a regi\u00e3o. \u201cAdiar o pagamento do IPVA est\u00e1 dentro do pacote de medidas que o Governo do Tocantins est\u00e1 praticando para amenizar os impactos causados pela falta da ponte. Com certeza, a prorroga\u00e7\u00e3o vai proporcionar um al\u00edvio imediato nas dificuldades enfrentadas pelo contribuinte\u201d, pontua o secret\u00e1rio de Estado da Fazenda, Donizeth Silva.&nbsp;<\/p>\n\n\n\n<p>A prorroga\u00e7\u00e3o dos prazos foi motivada pela Portaria n\u00ba 4.311, de 30 de dezembro de 2024, do Minist\u00e9rio da Integra\u00e7\u00e3o e do Desenvolvimento Regional (MIDR), que declarou situa\u00e7\u00e3o de emerg\u00eancia no munic\u00edpio de Estreito, diretamente impactando as localidades vizinhas no Tocantins.<\/p>\n\n\n\n<p>Al\u00e9m da mudan\u00e7a na data do pagamento do imposto \u00e0 vista com 10% de desconto para os propriet\u00e1rios de ve\u00edculos licenciados nos dois munic\u00edpios, o novo cronograma tamb\u00e9m alterou as datas para quita\u00e7\u00e3o em parcelas. Dependendo do valor, o imposto poder\u00e1 ser parcelado em at\u00e9 quatro vezes, sendo que a primeira ter\u00e1 vencimento tamb\u00e9m no dia 16 de junho. As demais, em 15 de julho, 15 de agosto, 15 de setembro e 15 de outubro, sendo esta \u00faltima data o prazo final para quita\u00e7\u00e3o do imposto.<\/p>\n\n\n\n<p>Em caso de d\u00favidas, os propriet\u00e1rios de ve\u00edculos licenciados em Aguiarn\u00f3polis e Palmeiras do Tocantins podem procurar as ag\u00eancias de atendimento ou os canais oficiais da Sefaz.<\/p>\n\n\n\n<figure class=\"wp-block-image size-full\"><img loading=\"lazy\" decoding=\"async\" width=\"843\" height=\"251\" src=\"https:\/\/focotocantinense.com.br\/wp-content\/uploads\/2025\/01\/midia-vinicius-5.jpg\" alt=\"\" class=\"wp-image-9397\" srcset=\"https:\/\/focotocantinense.com.br\/wp-content\/uploads\/2025\/01\/midia-vinicius-5.jpg 843w, https:\/\/focotocantinense.com.br\/wp-content\/uploads\/2025\/01\/midia-vinicius-5-300x89.jpg 300w, https:\/\/focotocantinense.com.br\/wp-content\/uploads\/2025\/01\/midia-vinicius-5-768x229.jpg 768w\" sizes=\"auto, (max-width: 843px) 100vw, 843px\" \/><\/figure>\n","protected":false},"excerpt":{"rendered":"<p>O Governo do Tocantins, por meio da Secretaria de Estado da Fazenda (Sefaz), prorrogou os prazos para pagamento do Imposto sobre a Propriedade de Ve\u00edculos Automotores (IPVA) de 2025, para ve\u00edculos licenciados nos munic\u00edpios de Aguiarn\u00f3polis e Palmeiras do Tocantins. A decis\u00e3o foi oficializada por meio da Portaria n\u00ba 86\/2025, assinada pelo titular da Sefaz, &hellip;<\/p>\n","protected":false},"author":5,"featured_media":9396,"comment_status":"open","ping_status":"open","sticky":false,"template":"","format":"standard","meta":{"footnotes":""},"categories":[45],"tags":[],"class_list":["post-9395","post","type-post","status-publish","format-standard","has-post-thumbnail","","category-araguaina"],"_links":{"self":[{"href":"https:\/\/focotocantinense.com.br\/index.php?rest_route=\/wp\/v2\/posts\/9395","targetHints":{"allow":["GET"]}}],"collection":[{"href":"https:\/\/focotocantinense.com.br\/index.php?rest_route=\/wp\/v2\/posts"}],"about":[{"href":"https:\/\/focotocantinense.com.br\/index.php?rest_route=\/wp\/v2\/types\/post"}],"author":[{"embeddable":true,"href":"https:\/\/focotocantinense.com.br\/index.php?rest_route=\/wp\/v2\/users\/5"}],"replies":[{"embeddable":true,"href":"https:\/\/focotocantinense.com.br\/index.php?rest_route=%2Fwp%2Fv2%2Fcomments&post=9395"}],"version-history":[{"count":2,"href":"https:\/\/focotocantinense.com.br\/index.php?rest_route=\/wp\/v2\/posts\/9395\/revisions"}],"predecessor-version":[{"id":9399,"href":"https:\/\/focotocantinense.com.br\/index.php?rest_route=\/wp\/v2\/posts\/9395\/revisions\/9399"}],"wp:featuredmedia":[{"embeddable":true,"href":"https:\/\/focotocantinense.com.br\/index.php?rest_route=\/wp\/v2\/media\/9396"}],"wp:attachment":[{"href":"https:\/\/focotocantinense.com.br\/index.php?rest_route=%2Fwp%2Fv2%2Fmedia&parent=9395"}],"wp:term":[{"taxonomy":"category","embeddable":true,"href":"https:\/\/focotocantinense.com.br\/index.php?rest_route=%2Fwp%2Fv2%2Fcategories&post=9395"},{"taxonomy":"post_tag","embeddable":true,"href":"https:\/\/focotocantinense.com.br\/index.php?rest_route=%2Fwp%2Fv2%2Ftags&post=9395"}],"curies":[{"name":"wp","href":"https:\/\/api.w.org\/{rel}","templated":true}]}}