{"id":9373,"date":"2025-01-29T12:33:35","date_gmt":"2025-01-29T15:33:35","guid":{"rendered":"https:\/\/focotocantinense.com.br\/?p=9373"},"modified":"2025-01-29T12:33:36","modified_gmt":"2025-01-29T15:33:36","slug":"a-assembleia-legislativa-convida-todos-para-a-sessao-especial-da-posse-da-nova-mesa-diretora-da-casa","status":"publish","type":"post","link":"https:\/\/focotocantinense.com.br\/?p=9373","title":{"rendered":"A Assembleia Legislativa convida todos para a Sess\u00e3o Especial da Posse da Nova Mesa Diretora da Casa"},"content":{"rendered":"\n<p>O presidente da Assembleia Legislativa do Tocantins, Am\u00e9lio Cayres, e demais deputados convidam os profissionais da imprensa para a  Sess\u00e3o Especial da Posse da Nova Mesa Diretora, ser\u00e1 realizada neste s\u00e1bado dia 1\u00ba  de fevereiro de 2025 a partir das 8h e acontecer\u00e1 no Plen\u00e1rio Ant\u00f4nio Pasconi, contamos com a presen\u00e7a de todos.<\/p>\n\n\n\n<figure class=\"wp-block-image size-large is-resized\"><img loading=\"lazy\" decoding=\"async\" width=\"819\" height=\"1024\" src=\"https:\/\/focotocantinense.com.br\/wp-content\/uploads\/2025\/01\/ASSEMBLEIA-LEGISLATIVA-CONVIDA-819x1024.jpeg\" alt=\"\" class=\"wp-image-9375\" style=\"width:364px;height:auto\" srcset=\"https:\/\/focotocantinense.com.br\/wp-content\/uploads\/2025\/01\/ASSEMBLEIA-LEGISLATIVA-CONVIDA-819x1024.jpeg 819w, https:\/\/focotocantinense.com.br\/wp-content\/uploads\/2025\/01\/ASSEMBLEIA-LEGISLATIVA-CONVIDA-240x300.jpeg 240w, https:\/\/focotocantinense.com.br\/wp-content\/uploads\/2025\/01\/ASSEMBLEIA-LEGISLATIVA-CONVIDA-768x960.jpeg 768w, https:\/\/focotocantinense.com.br\/wp-content\/uploads\/2025\/01\/ASSEMBLEIA-LEGISLATIVA-CONVIDA.jpeg 1080w\" sizes=\"auto, (max-width: 819px) 100vw, 819px\" \/><\/figure>\n","protected":false},"excerpt":{"rendered":"<p>O presidente da Assembleia Legislativa do Tocantins, Am\u00e9lio Cayres, e demais deputados convidam os profissionais da imprensa para a Sess\u00e3o Especial da Posse da Nova Mesa Diretora, ser\u00e1 realizada neste s\u00e1bado dia 1\u00ba de fevereiro de 2025 a partir das 8h e acontecer\u00e1 no Plen\u00e1rio Ant\u00f4nio Pasconi, contamos com a presen\u00e7a de todos.<\/p>\n","protected":false},"author":5,"featured_media":9374,"comment_status":"open","ping_status":"open","sticky":false,"template":"","format":"standard","meta":{"footnotes":""},"categories":[1],"tags":[],"class_list":["post-9373","post","type-post","status-publish","format-standard","has-post-thumbnail","","category-sem-categoria"],"_links":{"self":[{"href":"https:\/\/focotocantinense.com.br\/index.php?rest_route=\/wp\/v2\/posts\/9373","targetHints":{"allow":["GET"]}}],"collection":[{"href":"https:\/\/focotocantinense.com.br\/index.php?rest_route=\/wp\/v2\/posts"}],"about":[{"href":"https:\/\/focotocantinense.com.br\/index.php?rest_route=\/wp\/v2\/types\/post"}],"author":[{"embeddable":true,"href":"https:\/\/focotocantinense.com.br\/index.php?rest_route=\/wp\/v2\/users\/5"}],"replies":[{"embeddable":true,"href":"https:\/\/focotocantinense.com.br\/index.php?rest_route=%2Fwp%2Fv2%2Fcomments&post=9373"}],"version-history":[{"count":1,"href":"https:\/\/focotocantinense.com.br\/index.php?rest_route=\/wp\/v2\/posts\/9373\/revisions"}],"predecessor-version":[{"id":9376,"href":"https:\/\/focotocantinense.com.br\/index.php?rest_route=\/wp\/v2\/posts\/9373\/revisions\/9376"}],"wp:featuredmedia":[{"embeddable":true,"href":"https:\/\/focotocantinense.com.br\/index.php?rest_route=\/wp\/v2\/media\/9374"}],"wp:attachment":[{"href":"https:\/\/focotocantinense.com.br\/index.php?rest_route=%2Fwp%2Fv2%2Fmedia&parent=9373"}],"wp:term":[{"taxonomy":"category","embeddable":true,"href":"https:\/\/focotocantinense.com.br\/index.php?rest_route=%2Fwp%2Fv2%2Fcategories&post=9373"},{"taxonomy":"post_tag","embeddable":true,"href":"https:\/\/focotocantinense.com.br\/index.php?rest_route=%2Fwp%2Fv2%2Ftags&post=9373"}],"curies":[{"name":"wp","href":"https:\/\/api.w.org\/{rel}","templated":true}]}}