{"id":9342,"date":"2025-01-27T20:40:53","date_gmt":"2025-01-27T23:40:53","guid":{"rendered":"https:\/\/focotocantinense.com.br\/?p=9342"},"modified":"2025-01-27T20:43:09","modified_gmt":"2025-01-27T23:43:09","slug":"inicio-noticias-governo-governador-wanderlei-barbosa-assina-acordo-com-empresa-que-vai-investir-r-120-milhoes-no-tocantins","status":"publish","type":"post","link":"https:\/\/focotocantinense.com.br\/?p=9342","title":{"rendered":"In\u00edcio Not\u00edcias Governo Governador Wanderlei Barbosa assina acordo com empresa que vai investir R$ 120 milh\u00f5es no Tocantins"},"content":{"rendered":"\n<p>O governador do Tocantins, Wanderlei Barbosa, assinou nesse s\u00e1bado, 25, em Villars-sur-Ollon, na Su\u00ed\u00e7a, o Protocolo de Negocia\u00e7\u00e3o para Restaura\u00e7\u00e3o Florestal. O documento prev\u00ea a cria\u00e7\u00e3o de uma entidade para a restaura\u00e7\u00e3o de \u00e1reas degradadas no Tocantins, a&nbsp;<em>Tocantins Restaura<\/em>. A primeira \u00e1rea a ser restaurada dever\u00e1 ter at\u00e9 12 mil hectares e proporcionar\u00e1, al\u00e9m de benef\u00edcios ambientais, o envolvimento direto das comunidades. O investimento inicial estimado para a a\u00e7\u00e3o est\u00e1 or\u00e7ado em R$ 120 milh\u00f5es.<\/p>\n\n\n\n<p><\/p>\n\n\n\n<p>O lan\u00e7amento da&nbsp;<em>Tocantins Restaura<\/em>&nbsp;foi formalizado por meio de parceria da Tocantins Parcerias (Topar) com o Silvania \u2013 ve\u00edculo de investimento em natureza de US$ 500 milh\u00f5es apoiado pela Mercuria Energy Trading \u2013 e a Geonoma, que ser\u00e1 respons\u00e1vel pela execu\u00e7\u00e3o das opera\u00e7\u00f5es t\u00e1ticas nas \u00e1reas de preserva\u00e7\u00e3o e trabalhar\u00e1 sob orienta\u00e7\u00e3o do Instituto Natureza do Tocantins (Naturatins), respons\u00e1vel por todas as unidades de conserva\u00e7\u00e3o do estado do Tocantins. Este an\u00fancio ocorre ap\u00f3s o lan\u00e7amento da Race to Bel\u00e9m, iniciativa do Silvania com&nbsp;<em>The Nature Conservancy e Conservation International<\/em>, para acelerar o financiamento do setor privado para florestas brasileiras, com foco inicial no Tocantins. O Silvania trabalhar\u00e1 para garantir que as a\u00e7\u00f5es da SPE e da Race to Bel\u00e9m estejam alinhadas e se apoiem mutuamente.<\/p>\n\n\n\n<p>As opera\u00e7\u00f5es ter\u00e3o in\u00edcio em um m\u00eas ap\u00f3s a assinatura do protocolo. Seu prop\u00f3sito ser\u00e1 executar atividades de restaura\u00e7\u00e3o ambiental em \u00e1reas degradadas de interesse do Tocantins por meio de investimentos realizados pelo Silvania, utilizando, gerindo e implementando a\u00e7\u00f5es de forma direta ou indireta em \u00e2mbito regional.<\/p>\n\n\n\n<p>&#8220;Queremos que essa iniciativa seja replicada dentro e fora do estado do Tocantins. Acreditamos que estabelecemos o melhor modelo para a restaura\u00e7\u00e3o de \u00e1reas degradadas com participa\u00e7\u00e3o do capital privado e pleno respeito \u00e0s comunidades locais. O Tocantins \u00e9 exemplo em pol\u00edticas de combate \u00e0 emerg\u00eancia clim\u00e1tica, que trazem desenvolvimento econ\u00f4mico e social. O Estado se destaca tamb\u00e9m no fortalecimento dos seus \u00f3rg\u00e3os ambientais como o Naturatins, imprescind\u00edvel para esse processo\u201d, destaca o governador Wanderlei Barbosa.<\/p>\n\n\n\n<figure class=\"wp-block-image size-large\"><img loading=\"lazy\" decoding=\"async\" width=\"1024\" height=\"585\" src=\"https:\/\/focotocantinense.com.br\/wp-content\/uploads\/2025\/01\/410163-1-1024x585.jpg\" alt=\"\" class=\"wp-image-9345\" srcset=\"https:\/\/focotocantinense.com.br\/wp-content\/uploads\/2025\/01\/410163-1-1024x585.jpg 1024w, https:\/\/focotocantinense.com.br\/wp-content\/uploads\/2025\/01\/410163-1-300x171.jpg 300w, https:\/\/focotocantinense.com.br\/wp-content\/uploads\/2025\/01\/410163-1-768x439.jpg 768w, https:\/\/focotocantinense.com.br\/wp-content\/uploads\/2025\/01\/410163-1-1536x878.jpg 1536w, https:\/\/focotocantinense.com.br\/wp-content\/uploads\/2025\/01\/410163-1-2048x1170.jpg 2048w\" sizes=\"auto, (max-width: 1024px) 100vw, 1024px\" \/><\/figure>\n\n\n\n<p><strong>Parceria estrat\u00e9gica e benef\u00edcios locais<\/strong><\/p>\n\n\n\n<p>O projeto envolver\u00e1 comunidades locais para aproveitar seus conhecimentos acumulados sobre as especificidades regionais e para combater inc\u00eandios e o desmatamento. Al\u00e9m disso, a iniciativa gerar\u00e1 emprego e renda por meio de capacita\u00e7\u00e3o ambiental, promo\u00e7\u00e3o do ecoturismo e pr\u00e1ticas ambientalmente sustent\u00e1veis.<\/p>\n\n\n\n<p>\u201cCom este projeto, estamos reafirmando o compromisso do Tocantins com a sustentabilidade e com as pessoas que vivem e cuidam do nosso territ\u00f3rio. Ele combina prote\u00e7\u00e3o ambiental, gera\u00e7\u00e3o de empregos e desenvolvimento econ\u00f4mico, alinhados \u00e0 conserva\u00e7\u00e3o de nossos ecossistemas\u201d, refor\u00e7a o secret\u00e1rio de Estado do Meio Ambiente e Recursos H\u00eddricos, Marcello Lelis.<\/p>\n\n\n\n<p>O objetivo \u00e9 melhorar a regula\u00e7\u00e3o clim\u00e1tica com a absor\u00e7\u00e3o de gases de efeito estufa da atmosfera e a manuten\u00e7\u00e3o das florestas em p\u00e9, al\u00e9m de restaurar a regula\u00e7\u00e3o h\u00eddrica de rios e afluentes que dependem da prote\u00e7\u00e3o de nascentes e margens, prote\u00e7\u00e3o do solo e combate \u00e0 eros\u00e3o, proporcionando oportunidades para pesquisa e desenvolvimento de atividades de bioeconomia.<\/p>\n\n\n\n<p>As t\u00e9cnicas aplicadas incluir\u00e3o o plantio total, o enriquecimento e o adensamento, a nuclea\u00e7\u00e3o, a semeadura direta e a regenera\u00e7\u00e3o natural assistida, utilizando m\u00e9todos que favore\u00e7am o surgimento e a multiplica\u00e7\u00e3o de regenerantes naturais, controle de matocompeti\u00e7\u00e3o e manejo integrado do fogo.<\/p>\n\n\n\n<p>&#8220;Para defini\u00e7\u00e3o dos processos a serem executados em cada \u00e1rea, ser\u00e3o realizados diagn\u00f3sticos que identifiquem precisamente as causas da degrada\u00e7\u00e3o e as principais a\u00e7\u00f5es sociais para atender as comunidades tradicionais que vivem nesses locais, com participa\u00e7\u00e3o ativa no projeto\u201d, enfatiza o governador Wanderlei Barbosa.&nbsp;<\/p>\n\n\n\n<p>Para o presidente da Tocantins Parcerias, Aleandro Lacerda, \u201cuma iniciativa como essa, liderada pelo Estado, ter\u00e1 foco especial em conformidade e governan\u00e7a, garantindo o respeito aos direitos individuais e as melhores pr\u00e1ticas na rela\u00e7\u00e3o p\u00fablico-privada\u201d.&nbsp;<\/p>\n\n\n\n<p>O diretor da Mercuria no Brasil, Celso Fiori, enfatiza que \u201ca restaura\u00e7\u00e3o de ecossistemas t\u00e3o biodiversos promove ganhos ambientais que v\u00e3o muito al\u00e9m da remo\u00e7\u00e3o de gases de efeito estufa. A biodiversidade volta a coexistir de maneira virtuosa com a popula\u00e7\u00e3o local, proporcionando bem-estar e fonte de renda\u201d.&nbsp;<\/p>\n\n\n\n<p>Para garantir a efic\u00e1cia das a\u00e7\u00f5es de restaura\u00e7\u00e3o, a iniciativa tamb\u00e9m integrar\u00e1 estudos avan\u00e7ados sobre a recupera\u00e7\u00e3o da microbiota do solo, reconhecida como elemento essencial para a regenera\u00e7\u00e3o de \u00e1reas degradadas. A revitaliza\u00e7\u00e3o da microbiota favorecer\u00e1 o equil\u00edbrio dos ecossistemas locais, promovendo reten\u00e7\u00e3o de carbono, melhoria da fertilidade natural e apoio \u00e0 biodiversidade.<\/p>\n\n\n\n<p><strong>Sobre as organiza\u00e7\u00f5es<\/strong><\/p>\n\n\n\n<p>O Instituto Natureza do Tocantins (Naturatins) tem como principal fun\u00e7\u00e3o promover a conserva\u00e7\u00e3o do meio ambiente e o uso sustent\u00e1vel dos recursos naturais no estado. O Naturatins \u00e9 respons\u00e1vel por diversas atividades, incluindo a fiscaliza\u00e7\u00e3o ambiental, a gest\u00e3o de unidades de conserva\u00e7\u00e3o, a implementa\u00e7\u00e3o de pol\u00edticas p\u00fablicas voltadas para a prote\u00e7\u00e3o ambiental e a promo\u00e7\u00e3o de projetos de educa\u00e7\u00e3o ambiental. Al\u00e9m disso, o instituto trabalha em parceria com outras organiza\u00e7\u00f5es e o governo para desenvolver iniciativas que visem \u00e0 preserva\u00e7\u00e3o da biodiversidade e \u00e0 recupera\u00e7\u00e3o de \u00e1reas degradadas.<\/p>\n\n\n\n<p>A Tocantins Parcerias \u00e9 uma sociedade an\u00f4nima de economia mista, controlada pelo Estado, criada pela Lei n\u00ba 2.616 de 2012. Sua fun\u00e7\u00e3o \u00e9 executar atividades imobili\u00e1rias de interesse estadual, como aquisi\u00e7\u00e3o, administra\u00e7\u00e3o, aluguel e aliena\u00e7\u00e3o de bens, al\u00e9m de realizar obras e servi\u00e7os de meio-ambiente, infraestrutura e vias em todo o estado.<\/p>\n\n\n\n<p>O Silvania \u00e9 uma iniciativa global de investimento dedicada \u00e0 preserva\u00e7\u00e3o ambiental, com um portf\u00f3lio inicial de US$ 500 milh\u00f5es. Focada em solu\u00e7\u00f5es inovadoras, a empresa acelera projetos que combinam sustentabilidade com resultados financeiros robustos, ajudando a preservar ecossistemas estrat\u00e9gicos ao redor do mundo.<\/p>\n\n\n\n<figure class=\"wp-block-image size-full\"><img loading=\"lazy\" decoding=\"async\" width=\"843\" height=\"251\" src=\"https:\/\/focotocantinense.com.br\/wp-content\/uploads\/2025\/01\/midia-vinicius-2.jpg\" alt=\"\" class=\"wp-image-9336\" srcset=\"https:\/\/focotocantinense.com.br\/wp-content\/uploads\/2025\/01\/midia-vinicius-2.jpg 843w, https:\/\/focotocantinense.com.br\/wp-content\/uploads\/2025\/01\/midia-vinicius-2-300x89.jpg 300w, https:\/\/focotocantinense.com.br\/wp-content\/uploads\/2025\/01\/midia-vinicius-2-768x229.jpg 768w\" sizes=\"auto, (max-width: 843px) 100vw, 843px\" \/><\/figure>\n","protected":false},"excerpt":{"rendered":"<p>O governador do Tocantins, Wanderlei Barbosa, assinou nesse s\u00e1bado, 25, em Villars-sur-Ollon, na Su\u00ed\u00e7a, o Protocolo de Negocia\u00e7\u00e3o para Restaura\u00e7\u00e3o Florestal. O documento prev\u00ea a cria\u00e7\u00e3o de uma entidade para a restaura\u00e7\u00e3o de \u00e1reas degradadas no Tocantins, a&nbsp;Tocantins Restaura. A primeira \u00e1rea a ser restaurada dever\u00e1 ter at\u00e9 12 mil hectares e proporcionar\u00e1, al\u00e9m de &hellip;<\/p>\n","protected":false},"author":5,"featured_media":9341,"comment_status":"open","ping_status":"open","sticky":false,"template":"","format":"standard","meta":{"footnotes":""},"categories":[40],"tags":[],"class_list":["post-9342","post","type-post","status-publish","format-standard","has-post-thumbnail","","category-politica"],"_links":{"self":[{"href":"https:\/\/focotocantinense.com.br\/index.php?rest_route=\/wp\/v2\/posts\/9342","targetHints":{"allow":["GET"]}}],"collection":[{"href":"https:\/\/focotocantinense.com.br\/index.php?rest_route=\/wp\/v2\/posts"}],"about":[{"href":"https:\/\/focotocantinense.com.br\/index.php?rest_route=\/wp\/v2\/types\/post"}],"author":[{"embeddable":true,"href":"https:\/\/focotocantinense.com.br\/index.php?rest_route=\/wp\/v2\/users\/5"}],"replies":[{"embeddable":true,"href":"https:\/\/focotocantinense.com.br\/index.php?rest_route=%2Fwp%2Fv2%2Fcomments&post=9342"}],"version-history":[{"count":3,"href":"https:\/\/focotocantinense.com.br\/index.php?rest_route=\/wp\/v2\/posts\/9342\/revisions"}],"predecessor-version":[{"id":9346,"href":"https:\/\/focotocantinense.com.br\/index.php?rest_route=\/wp\/v2\/posts\/9342\/revisions\/9346"}],"wp:featuredmedia":[{"embeddable":true,"href":"https:\/\/focotocantinense.com.br\/index.php?rest_route=\/wp\/v2\/media\/9341"}],"wp:attachment":[{"href":"https:\/\/focotocantinense.com.br\/index.php?rest_route=%2Fwp%2Fv2%2Fmedia&parent=9342"}],"wp:term":[{"taxonomy":"category","embeddable":true,"href":"https:\/\/focotocantinense.com.br\/index.php?rest_route=%2Fwp%2Fv2%2Fcategories&post=9342"},{"taxonomy":"post_tag","embeddable":true,"href":"https:\/\/focotocantinense.com.br\/index.php?rest_route=%2Fwp%2Fv2%2Ftags&post=9342"}],"curies":[{"name":"wp","href":"https:\/\/api.w.org\/{rel}","templated":true}]}}