{"id":9332,"date":"2025-01-25T20:08:01","date_gmt":"2025-01-25T23:08:01","guid":{"rendered":"https:\/\/focotocantinense.com.br\/?p=9332"},"modified":"2025-01-25T20:17:46","modified_gmt":"2025-01-25T23:17:46","slug":"comite-de-cultura-no-tocantins-discute-em-gurupi-as-acoes-que-serao-realizadas-nas-regioes-sul-e-sudeste","status":"publish","type":"post","link":"https:\/\/focotocantinense.com.br\/?p=9332","title":{"rendered":"Comit\u00ea de Cultura no Tocantins discute em Gurupi as a\u00e7\u00f5es que ser\u00e3o realizadas nas regi\u00f5es sul e sudeste"},"content":{"rendered":"\n<p><strong><em>Por Zacarias\u00a0<\/em>Martins<\/strong><\/p>\n\n\n\n<p>Integrantes da Comiss\u00e3o Executiva da Regional Sul-Sudeste do Comit\u00ea de Cultura no Tocantins, estiveram reunidos na manh\u00e3 deste s\u00e1bado, 25, em Gurupi, para fazer uma avalia\u00e7\u00e3o das atividades realizadas no decorrer do ano que passou e discutir sobre as principais linhas de atua\u00e7\u00e3o que ser\u00e3o implementadas neste ano de 2025.<\/p>\n\n\n\n<figure class=\"wp-block-image size-large is-resized\"><img loading=\"lazy\" decoding=\"async\" width=\"1024\" height=\"789\" src=\"https:\/\/focotocantinense.com.br\/wp-content\/uploads\/2025\/01\/1-REUNBIAO-DO-COMITE-DE-CULTURA-FOTO-LETTICIA-JAPIASSU-1024x789.jpg\" alt=\"\" class=\"wp-image-9333\" style=\"width:385px;height:auto\" srcset=\"https:\/\/focotocantinense.com.br\/wp-content\/uploads\/2025\/01\/1-REUNBIAO-DO-COMITE-DE-CULTURA-FOTO-LETTICIA-JAPIASSU-1024x789.jpg 1024w, https:\/\/focotocantinense.com.br\/wp-content\/uploads\/2025\/01\/1-REUNBIAO-DO-COMITE-DE-CULTURA-FOTO-LETTICIA-JAPIASSU-300x231.jpg 300w, https:\/\/focotocantinense.com.br\/wp-content\/uploads\/2025\/01\/1-REUNBIAO-DO-COMITE-DE-CULTURA-FOTO-LETTICIA-JAPIASSU-768x592.jpg 768w, https:\/\/focotocantinense.com.br\/wp-content\/uploads\/2025\/01\/1-REUNBIAO-DO-COMITE-DE-CULTURA-FOTO-LETTICIA-JAPIASSU-1536x1184.jpg 1536w, https:\/\/focotocantinense.com.br\/wp-content\/uploads\/2025\/01\/1-REUNBIAO-DO-COMITE-DE-CULTURA-FOTO-LETTICIA-JAPIASSU-2048x1578.jpg 2048w\" sizes=\"auto, (max-width: 1024px) 100vw, 1024px\" \/><\/figure>\n\n\n\n<p><\/p>\n\n\n\n<p>De acordo com Maria do Socorro de Sousa, presidente da Associa\u00e7\u00e3o Gurupiense de Artes\u00e3os (AGA), e coordenadora regional do Comit\u00ea de Cultura para as regi\u00f5es sul e sudeste do Tocantins, as atividades realizadas pelo \u00f3rg\u00e3o no ano passado foram extremamente positivas e tiveram uma boa receptividade, especialmente, por parte dos fazedores de cultura que passaram a ter um conhecimento melhor sobre a democratiza\u00e7\u00e3o do acesso \u00e0s pol\u00edticas p\u00fablicas de cultura e a import\u00e2ncia do Sistema Nacional de Cultura (SNC) como agregador de rela\u00e7\u00f5es com os estados e munic\u00edpios, tendo foco no desenvolvimento da cultura em todo territ\u00f3rio nacional.<\/p>\n\n\n\n<p><em><strong>Novas a\u00e7\u00f5es<\/strong><\/em><br>No planejamento de a\u00e7\u00f5es previstas para serem colocadas em pr\u00e1tica pelo Comit\u00ea de Cultura est\u00e3o visitas a \u00f3rg\u00e3os gestores de cultura nas regi\u00f5es sul e sudeste do Estado visando parcerias para a realiza\u00e7\u00e3o de eventos culturais nos munic\u00edpios.<\/p>\n\n\n\n<p>Um encontro de Comit\u00eas de Cultura, atividades em escolas, rodas de conversa, oficinas e capacita\u00e7\u00f5es para produtores culturais e a comunidade em geral tamb\u00e9m est\u00e3o previstos no Plano de a\u00e7\u00e3o do Comit\u00ea, bem como, exibi\u00e7\u00e3o de filmes que abordam a quest\u00e3o sobre combate \u00e0 viol\u00eancia, inclus\u00e3o social e autoestima, produ\u00e7\u00e3o e registros fotogr\u00e1ficos, al\u00e9m de outras atividades que ser\u00e3o anunciadas no decorrer deste ano.<\/p>\n\n\n\n<p><em><strong>Parceria<\/strong><\/em><br>O Comit\u00ea de Cultura no Tocantins \u00e9 coordenado pela Federa\u00e7\u00e3o Tocantinense de Artes C\u00eanicas \u2013 FETAC, contando com a parceria da Associa\u00e7\u00e3o Gurupiense de Artes\u00e3os (AGA) e do Instituto Cultural e Social Araguaia (ISCA). Essas institui\u00e7\u00f5es t\u00eam trabalhado juntas por meio de um termo de colabora\u00e7\u00e3o de dois anos firmado com o MinC, buscando implementar o Programa Nacional de Comit\u00eas de Cultura (PNCC), em diferentes regi\u00f5es do Estado.<\/p>\n\n\n\n<figure class=\"wp-block-image size-full\"><img loading=\"lazy\" decoding=\"async\" width=\"843\" height=\"251\" src=\"https:\/\/focotocantinense.com.br\/wp-content\/uploads\/2025\/01\/midia-vinicius-2.jpg\" alt=\"\" class=\"wp-image-9336\" srcset=\"https:\/\/focotocantinense.com.br\/wp-content\/uploads\/2025\/01\/midia-vinicius-2.jpg 843w, https:\/\/focotocantinense.com.br\/wp-content\/uploads\/2025\/01\/midia-vinicius-2-300x89.jpg 300w, https:\/\/focotocantinense.com.br\/wp-content\/uploads\/2025\/01\/midia-vinicius-2-768x229.jpg 768w\" sizes=\"auto, (max-width: 843px) 100vw, 843px\" \/><\/figure>\n\n\n\n<p><\/p>\n","protected":false},"excerpt":{"rendered":"<p>Por Zacarias\u00a0Martins Integrantes da Comiss\u00e3o Executiva da Regional Sul-Sudeste do Comit\u00ea de Cultura no Tocantins, estiveram reunidos na manh\u00e3 deste s\u00e1bado, 25, em Gurupi, para fazer uma avalia\u00e7\u00e3o das atividades realizadas no decorrer do ano que passou e discutir sobre as principais linhas de atua\u00e7\u00e3o que ser\u00e3o implementadas neste ano de 2025. De acordo com &hellip;<\/p>\n","protected":false},"author":5,"featured_media":9333,"comment_status":"open","ping_status":"open","sticky":false,"template":"","format":"standard","meta":{"footnotes":""},"categories":[38],"tags":[],"class_list":["post-9332","post","type-post","status-publish","format-standard","has-post-thumbnail","","category-gurupi"],"_links":{"self":[{"href":"https:\/\/focotocantinense.com.br\/index.php?rest_route=\/wp\/v2\/posts\/9332","targetHints":{"allow":["GET"]}}],"collection":[{"href":"https:\/\/focotocantinense.com.br\/index.php?rest_route=\/wp\/v2\/posts"}],"about":[{"href":"https:\/\/focotocantinense.com.br\/index.php?rest_route=\/wp\/v2\/types\/post"}],"author":[{"embeddable":true,"href":"https:\/\/focotocantinense.com.br\/index.php?rest_route=\/wp\/v2\/users\/5"}],"replies":[{"embeddable":true,"href":"https:\/\/focotocantinense.com.br\/index.php?rest_route=%2Fwp%2Fv2%2Fcomments&post=9332"}],"version-history":[{"count":4,"href":"https:\/\/focotocantinense.com.br\/index.php?rest_route=\/wp\/v2\/posts\/9332\/revisions"}],"predecessor-version":[{"id":9338,"href":"https:\/\/focotocantinense.com.br\/index.php?rest_route=\/wp\/v2\/posts\/9332\/revisions\/9338"}],"wp:featuredmedia":[{"embeddable":true,"href":"https:\/\/focotocantinense.com.br\/index.php?rest_route=\/wp\/v2\/media\/9333"}],"wp:attachment":[{"href":"https:\/\/focotocantinense.com.br\/index.php?rest_route=%2Fwp%2Fv2%2Fmedia&parent=9332"}],"wp:term":[{"taxonomy":"category","embeddable":true,"href":"https:\/\/focotocantinense.com.br\/index.php?rest_route=%2Fwp%2Fv2%2Fcategories&post=9332"},{"taxonomy":"post_tag","embeddable":true,"href":"https:\/\/focotocantinense.com.br\/index.php?rest_route=%2Fwp%2Fv2%2Ftags&post=9332"}],"curies":[{"name":"wp","href":"https:\/\/api.w.org\/{rel}","templated":true}]}}