{"id":9321,"date":"2025-01-22T10:19:05","date_gmt":"2025-01-22T13:19:05","guid":{"rendered":"https:\/\/focotocantinense.com.br\/?p=9321"},"modified":"2025-01-22T10:19:23","modified_gmt":"2025-01-22T13:19:23","slug":"deputado-antonio-andrade-mobiliza-liderancas-contra-alteracao-no-tracado-da-fiol-que-exclui-figueiropolis","status":"publish","type":"post","link":"https:\/\/focotocantinense.com.br\/?p=9321","title":{"rendered":"Deputado Antonio Andrade mobiliza lideran\u00e7as contra altera\u00e7\u00e3o no tra\u00e7ado da FIOL que exclui Figueir\u00f3polis"},"content":{"rendered":"\n<p>O deputado federal Antonio Andrade (Republicanos) lidera uma mobiliza\u00e7\u00e3o contra a proposta de altera\u00e7\u00e3o no tra\u00e7ado da Ferrovia de Integra\u00e7\u00e3o Oeste-Leste (FIOL), que prev\u00ea a exclus\u00e3o de Figueir\u00f3polis (TO) do projeto original.<\/p>\n\n\n\n<figure class=\"wp-block-image size-full is-resized\"><img loading=\"lazy\" decoding=\"async\" width=\"1000\" height=\"616\" src=\"https:\/\/focotocantinense.com.br\/wp-content\/uploads\/2025\/01\/WhatsApp-Image-2025-01-16-at-16.38.52.jpeg\" alt=\"\" class=\"wp-image-9324\" style=\"width:351px;height:auto\" srcset=\"https:\/\/focotocantinense.com.br\/wp-content\/uploads\/2025\/01\/WhatsApp-Image-2025-01-16-at-16.38.52.jpeg 1000w, https:\/\/focotocantinense.com.br\/wp-content\/uploads\/2025\/01\/WhatsApp-Image-2025-01-16-at-16.38.52-300x185.jpeg 300w, https:\/\/focotocantinense.com.br\/wp-content\/uploads\/2025\/01\/WhatsApp-Image-2025-01-16-at-16.38.52-768x473.jpeg 768w\" sizes=\"auto, (max-width: 1000px) 100vw, 1000px\" \/><\/figure>\n\n\n\n<p>Para Andrade, o munic\u00edpio ocupa posi\u00e7\u00e3o estrat\u00e9gica na log\u00edstica de transporte e gera\u00e7\u00e3o de empregos, sendo essencial para o desenvolvimento econ\u00f4mico e social do Tocantins. Ele considera a mudan\u00e7a prejudicial n\u00e3o apenas para Figueir\u00f3polis, mas para toda a regi\u00e3o.<\/p>\n\n\n\n<p>Andrade anunciou que reunir\u00e1 prefeitos, vereadores, l\u00edderes comunit\u00e1rios e representantes do setor produtivo em um encontro para discutir os impactos da altera\u00e7\u00e3o e fortalecer a oposi\u00e7\u00e3o \u00e0 proposta. O objetivo \u00e9 sensibilizar inst\u00e2ncias federais e manter o tra\u00e7ado original, garantindo que o projeto atenda \u00e0s necessidades da popula\u00e7\u00e3o tocantinense.<\/p>\n\n\n\n<p>Figueir\u00f3polis, presente no tra\u00e7ado inicial da FIOL, tem se preparado para as oportunidades que a ferrovia promete trazer. Sua exclus\u00e3o pode gerar preju\u00edzos econ\u00f4micos e sociais significativos para o sul do Tocantins, comprometendo o potencial de desenvolvimento local e regional.<\/p>\n\n\n\n<figure class=\"wp-block-image size-large\"><img loading=\"lazy\" decoding=\"async\" width=\"1024\" height=\"576\" src=\"https:\/\/focotocantinense.com.br\/wp-content\/uploads\/2025\/01\/maxresdefault-1-1024x576.jpg\" alt=\"\" class=\"wp-image-9323\" srcset=\"https:\/\/focotocantinense.com.br\/wp-content\/uploads\/2025\/01\/maxresdefault-1-1024x576.jpg 1024w, https:\/\/focotocantinense.com.br\/wp-content\/uploads\/2025\/01\/maxresdefault-1-300x169.jpg 300w, https:\/\/focotocantinense.com.br\/wp-content\/uploads\/2025\/01\/maxresdefault-1-768x432.jpg 768w, https:\/\/focotocantinense.com.br\/wp-content\/uploads\/2025\/01\/maxresdefault-1.jpg 1280w\" sizes=\"auto, (max-width: 1024px) 100vw, 1024px\" \/><\/figure>\n\n\n\n<p>O Minist\u00e9rio dos Transportes estuda um novo tra\u00e7ado, que conectaria Barreiras (BA) diretamente a Mara Rosa (GO), excluindo o trecho entre Barreiras e Figueir\u00f3polis. Essa altera\u00e7\u00e3o gerou preocupa\u00e7\u00e3o entre as lideran\u00e7as tocantinenses, que veem a ferrovia como um projeto estrat\u00e9gico para transformar a regi\u00e3o.<\/p>\n","protected":false},"excerpt":{"rendered":"<p>O deputado federal Antonio Andrade (Republicanos) lidera uma mobiliza\u00e7\u00e3o contra a proposta de altera\u00e7\u00e3o no tra\u00e7ado da Ferrovia de Integra\u00e7\u00e3o Oeste-Leste (FIOL), que prev\u00ea a exclus\u00e3o de Figueir\u00f3polis (TO) do projeto original. Para Andrade, o munic\u00edpio ocupa posi\u00e7\u00e3o estrat\u00e9gica na log\u00edstica de transporte e gera\u00e7\u00e3o de empregos, sendo essencial para o desenvolvimento econ\u00f4mico e social &hellip;<\/p>\n","protected":false},"author":5,"featured_media":9322,"comment_status":"open","ping_status":"open","sticky":false,"template":"","format":"standard","meta":{"footnotes":""},"categories":[1],"tags":[],"class_list":["post-9321","post","type-post","status-publish","format-standard","has-post-thumbnail","","category-sem-categoria"],"_links":{"self":[{"href":"https:\/\/focotocantinense.com.br\/index.php?rest_route=\/wp\/v2\/posts\/9321","targetHints":{"allow":["GET"]}}],"collection":[{"href":"https:\/\/focotocantinense.com.br\/index.php?rest_route=\/wp\/v2\/posts"}],"about":[{"href":"https:\/\/focotocantinense.com.br\/index.php?rest_route=\/wp\/v2\/types\/post"}],"author":[{"embeddable":true,"href":"https:\/\/focotocantinense.com.br\/index.php?rest_route=\/wp\/v2\/users\/5"}],"replies":[{"embeddable":true,"href":"https:\/\/focotocantinense.com.br\/index.php?rest_route=%2Fwp%2Fv2%2Fcomments&post=9321"}],"version-history":[{"count":2,"href":"https:\/\/focotocantinense.com.br\/index.php?rest_route=\/wp\/v2\/posts\/9321\/revisions"}],"predecessor-version":[{"id":9326,"href":"https:\/\/focotocantinense.com.br\/index.php?rest_route=\/wp\/v2\/posts\/9321\/revisions\/9326"}],"wp:featuredmedia":[{"embeddable":true,"href":"https:\/\/focotocantinense.com.br\/index.php?rest_route=\/wp\/v2\/media\/9322"}],"wp:attachment":[{"href":"https:\/\/focotocantinense.com.br\/index.php?rest_route=%2Fwp%2Fv2%2Fmedia&parent=9321"}],"wp:term":[{"taxonomy":"category","embeddable":true,"href":"https:\/\/focotocantinense.com.br\/index.php?rest_route=%2Fwp%2Fv2%2Fcategories&post=9321"},{"taxonomy":"post_tag","embeddable":true,"href":"https:\/\/focotocantinense.com.br\/index.php?rest_route=%2Fwp%2Fv2%2Ftags&post=9321"}],"curies":[{"name":"wp","href":"https:\/\/api.w.org\/{rel}","templated":true}]}}