{"id":9312,"date":"2025-01-16T19:28:26","date_gmt":"2025-01-16T22:28:26","guid":{"rendered":"https:\/\/focotocantinense.com.br\/?p=9312"},"modified":"2025-01-16T19:41:48","modified_gmt":"2025-01-16T22:41:48","slug":"febtur-tocantins-realiza-evento-em-peixe-com-a-participacao-de-autoridades-e-jornalistas","status":"publish","type":"post","link":"https:\/\/focotocantinense.com.br\/?p=9312","title":{"rendered":"Febtur Tocantins realiza evento em Peixe com a participa\u00e7\u00e3o de autoridades e jornalistas"},"content":{"rendered":"\n<p><strong>A Federa\u00e7\u00e3o Brasileira de Jornalistas e Comunicadores de Turismo do Tocantins (FEBTUR Tocantins) deu in\u00edcio \u00e0s suas atividades oficiais de 2025 com uma reuni\u00e3o estrat\u00e9gica que refor\u00e7a a parceria entre comunica\u00e7\u00e3o e turismo no Estado. O presidente Marco Aur\u00e9lio Jacob e a vice-presidente Seleucia Fontes estiveram com o secret\u00e1rio de Turismo, Hercy Filho, nesta quarta-feira, 15, para convid\u00e1-lo oficialmente para o primeiro encontro dos associados da entidade, que ser\u00e1 realizado no munic\u00edpio de Peixe.<\/strong><\/p>\n\n\n\n<p><strong>A programa\u00e7\u00e3o do evento inclui visitas t\u00e9cnicas aos principais atrativos locais, como o arquip\u00e9lago do Trope\u00e7o, e uma experi\u00eancia gastron\u00f4mica \u00fanica. O card\u00e1pio, inspirado nos sabores ricos e variados do cerrado tocantinense, ser\u00e1 preparado pela renomada Chef Rosa de Fogo, destacando o potencial culin\u00e1rio da regi\u00e3o. O evento tamb\u00e9m contar\u00e1 com a participa\u00e7\u00e3o de autoridades de Peixe e de Gurupi.<\/strong><\/p>\n\n\n\n<figure class=\"wp-block-image size-large is-resized\"><img loading=\"lazy\" decoding=\"async\" width=\"1024\" height=\"682\" src=\"https:\/\/focotocantinense.com.br\/wp-content\/uploads\/2025\/01\/Febtur-Marco-e-Hercy-03-1024x682.jpeg\" alt=\"\" class=\"wp-image-9313\" style=\"width:393px;height:auto\" srcset=\"https:\/\/focotocantinense.com.br\/wp-content\/uploads\/2025\/01\/Febtur-Marco-e-Hercy-03-1024x682.jpeg 1024w, https:\/\/focotocantinense.com.br\/wp-content\/uploads\/2025\/01\/Febtur-Marco-e-Hercy-03-300x200.jpeg 300w, https:\/\/focotocantinense.com.br\/wp-content\/uploads\/2025\/01\/Febtur-Marco-e-Hercy-03-768x512.jpeg 768w, https:\/\/focotocantinense.com.br\/wp-content\/uploads\/2025\/01\/Febtur-Marco-e-Hercy-03-1536x1024.jpeg 1536w, https:\/\/focotocantinense.com.br\/wp-content\/uploads\/2025\/01\/Febtur-Marco-e-Hercy-03-2048x1365.jpeg 2048w, https:\/\/focotocantinense.com.br\/wp-content\/uploads\/2025\/01\/Febtur-Marco-e-Hercy-03-310x205.jpeg 310w\" sizes=\"auto, (max-width: 1024px) 100vw, 1024px\" \/><\/figure>\n\n\n\n<p><strong><em>O secret\u00e1rio de Turismo, Hercy Filho, recebeu o presidente da Federa\u00e7\u00e3o Brasileira de Jornalistas e Comunicadores de Turismo no Tocantins, Marco Jacob, e a vice-presidente, Seleucia Fontes.<\/em><\/strong><\/p>\n\n\n\n<figure class=\"wp-block-image size-full\"><img loading=\"lazy\" decoding=\"async\" width=\"843\" height=\"251\" src=\"https:\/\/focotocantinense.com.br\/wp-content\/uploads\/2025\/01\/midia-vinicius-1.jpg\" alt=\"\" class=\"wp-image-9295\" srcset=\"https:\/\/focotocantinense.com.br\/wp-content\/uploads\/2025\/01\/midia-vinicius-1.jpg 843w, https:\/\/focotocantinense.com.br\/wp-content\/uploads\/2025\/01\/midia-vinicius-1-300x89.jpg 300w, https:\/\/focotocantinense.com.br\/wp-content\/uploads\/2025\/01\/midia-vinicius-1-768x229.jpg 768w\" sizes=\"auto, (max-width: 843px) 100vw, 843px\" \/><\/figure>\n\n\n\n<p><\/p>\n","protected":false},"excerpt":{"rendered":"<p>A Federa\u00e7\u00e3o Brasileira de Jornalistas e Comunicadores de Turismo do Tocantins (FEBTUR Tocantins) deu in\u00edcio \u00e0s suas atividades oficiais de 2025 com uma reuni\u00e3o estrat\u00e9gica que refor\u00e7a a parceria entre comunica\u00e7\u00e3o e turismo no Estado. O presidente Marco Aur\u00e9lio Jacob e a vice-presidente Seleucia Fontes estiveram com o secret\u00e1rio de Turismo, Hercy Filho, nesta quarta-feira, &hellip;<\/p>\n","protected":false},"author":5,"featured_media":9313,"comment_status":"open","ping_status":"open","sticky":false,"template":"","format":"standard","meta":{"footnotes":""},"categories":[70,1],"tags":[],"class_list":["post-9312","post","type-post","status-publish","format-standard","has-post-thumbnail","","category-peixe","category-sem-categoria"],"_links":{"self":[{"href":"https:\/\/focotocantinense.com.br\/index.php?rest_route=\/wp\/v2\/posts\/9312","targetHints":{"allow":["GET"]}}],"collection":[{"href":"https:\/\/focotocantinense.com.br\/index.php?rest_route=\/wp\/v2\/posts"}],"about":[{"href":"https:\/\/focotocantinense.com.br\/index.php?rest_route=\/wp\/v2\/types\/post"}],"author":[{"embeddable":true,"href":"https:\/\/focotocantinense.com.br\/index.php?rest_route=\/wp\/v2\/users\/5"}],"replies":[{"embeddable":true,"href":"https:\/\/focotocantinense.com.br\/index.php?rest_route=%2Fwp%2Fv2%2Fcomments&post=9312"}],"version-history":[{"count":5,"href":"https:\/\/focotocantinense.com.br\/index.php?rest_route=\/wp\/v2\/posts\/9312\/revisions"}],"predecessor-version":[{"id":9319,"href":"https:\/\/focotocantinense.com.br\/index.php?rest_route=\/wp\/v2\/posts\/9312\/revisions\/9319"}],"wp:featuredmedia":[{"embeddable":true,"href":"https:\/\/focotocantinense.com.br\/index.php?rest_route=\/wp\/v2\/media\/9313"}],"wp:attachment":[{"href":"https:\/\/focotocantinense.com.br\/index.php?rest_route=%2Fwp%2Fv2%2Fmedia&parent=9312"}],"wp:term":[{"taxonomy":"category","embeddable":true,"href":"https:\/\/focotocantinense.com.br\/index.php?rest_route=%2Fwp%2Fv2%2Fcategories&post=9312"},{"taxonomy":"post_tag","embeddable":true,"href":"https:\/\/focotocantinense.com.br\/index.php?rest_route=%2Fwp%2Fv2%2Ftags&post=9312"}],"curies":[{"name":"wp","href":"https:\/\/api.w.org\/{rel}","templated":true}]}}