{"id":931,"date":"2021-03-11T16:53:12","date_gmt":"2021-03-11T19:53:12","guid":{"rendered":"http:\/\/focotocantinense.com.br\/?p=931"},"modified":"2021-03-11T20:16:34","modified_gmt":"2021-03-11T23:16:34","slug":"prefeitura-de-gurupi-abre-inscricoes-para-contratacao-temporaria-de-medicos","status":"publish","type":"post","link":"https:\/\/focotocantinense.com.br\/?p=931","title":{"rendered":"Prefeitura de Gurupi abre inscri\u00e7\u00f5es para contrata\u00e7\u00e3o tempor\u00e1ria de m\u00e9dicos"},"content":{"rendered":"\n<figure class=\"wp-block-image size-large\"><img loading=\"lazy\" decoding=\"async\" width=\"708\" height=\"475\" src=\"http:\/\/focotocantinense.com.br\/wp-content\/uploads\/2021\/03\/image-8.png\" alt=\"\" class=\"wp-image-932\" srcset=\"https:\/\/focotocantinense.com.br\/wp-content\/uploads\/2021\/03\/image-8.png 708w, https:\/\/focotocantinense.com.br\/wp-content\/uploads\/2021\/03\/image-8-300x201.png 300w, https:\/\/focotocantinense.com.br\/wp-content\/uploads\/2021\/03\/image-8-110x75.png 110w\" sizes=\"auto, (max-width: 708px) 100vw, 708px\" \/><figcaption>A Prefeitura de Gurupi, por meio da Secretaria de Sa\u00fade, abriu inscri\u00e7\u00f5es para o Processo Seletivo Simplificado n\u00ba 001\/2021 para a contrata\u00e7\u00e3o emergencial de m\u00e9dicos por tempo determinado. A decis\u00e3o foi tomada considerando a atual situa\u00e7\u00e3o de calamidade enfrentada, bem como o decreto municipal que mant\u00e9m declarada a situa\u00e7\u00e3o de emerg\u00eancia em sa\u00fade p\u00fablica.<br><br>O edital da sele\u00e7\u00e3o foi publicado na tarde desta quinta-feira, 11, e pode ser conferido na Edi\u00e7\u00e3o n\u00ba 197 do Di\u00e1rio Oficial do Munic\u00edpio (DOMG).<br>A inscri\u00e7\u00e3o dever\u00e1 ser efetuada pelo candidato, exclusivamente, pelo endere\u00e7o eletr\u00f4nico: seletivosemusgpi2021@gmail.com, das 8 horas desta sexta, 12, at\u00e9 \u00e0s 23h59 do dia 13 de mar\u00e7o, s\u00e1bado. A documenta\u00e7\u00e3o exigida no ato da inscri\u00e7\u00e3o deve ser consultada no edital do processo seletivo.<br><br>As vagas s\u00e3o para M\u00e9dico Cl\u00ednico Geral e ser\u00e3o convocados o quantitativo de pessoal suficiente para suprir as demandas da sa\u00fade municipal, de acordo com a rela\u00e7\u00e3o e ordem de aprovados.<br><br>A Comiss\u00e3o T\u00e9cnica do Processo Seletivo ser\u00e1 respons\u00e1vel pela sele\u00e7\u00e3o dos profissionais que atendam aos requisitos t\u00e9cnicos e administrativos exigidos no edital, mediante a An\u00e1lise de Curriculum\/Qualifica\u00e7\u00e3o Profissional, An\u00e1lise de Curriculum\/Tempo de Atua\u00e7\u00e3o e Experi\u00eancia.<br>O Processo Seletivo ser\u00e1 regido pelo referido edital e ter\u00e1 validade de 180 dias e poder\u00e1 ser prorrogado por mais 12 meses. As contrata\u00e7\u00f5es tempor\u00e1rias n\u00e3o impedem eventuais convoca\u00e7\u00f5es de aprovados e classificados em concurso p\u00fablico para as vagas permanentes no servi\u00e7o p\u00fablico.<\/figcaption><\/figure>\n\n\n\n<figure class=\"wp-block-image\"><img decoding=\"async\" src=\"http:\/\/n1to.com.br\/img\/uploads\/DDDDDDDDDD.jpg\" alt=\"\"\/><\/figure>\n\n\n\n<p><\/p>\n","protected":false},"excerpt":{"rendered":"<p>A Prefeitura de Gurupi, por meio da Secretaria de Sa\u00fade, abriu inscri\u00e7\u00f5es para o Processo Seletivo Simplificado n\u00ba 001\/2021 para a contrata\u00e7\u00e3o emergencial de m\u00e9dicos por tempo determinado. A decis\u00e3o foi tomada considerando a atual situa\u00e7\u00e3o de calamidade enfrentada, bem como o decreto municipal que mant\u00e9m declarada a situa\u00e7\u00e3o de emerg\u00eancia em sa\u00fade p\u00fablica.O edital &hellip;<\/p>\n","protected":false},"author":5,"featured_media":935,"comment_status":"open","ping_status":"open","sticky":false,"template":"","format":"standard","meta":{"footnotes":""},"categories":[38,1],"tags":[],"class_list":["post-931","post","type-post","status-publish","format-standard","has-post-thumbnail","","category-gurupi","category-sem-categoria"],"_links":{"self":[{"href":"https:\/\/focotocantinense.com.br\/index.php?rest_route=\/wp\/v2\/posts\/931","targetHints":{"allow":["GET"]}}],"collection":[{"href":"https:\/\/focotocantinense.com.br\/index.php?rest_route=\/wp\/v2\/posts"}],"about":[{"href":"https:\/\/focotocantinense.com.br\/index.php?rest_route=\/wp\/v2\/types\/post"}],"author":[{"embeddable":true,"href":"https:\/\/focotocantinense.com.br\/index.php?rest_route=\/wp\/v2\/users\/5"}],"replies":[{"embeddable":true,"href":"https:\/\/focotocantinense.com.br\/index.php?rest_route=%2Fwp%2Fv2%2Fcomments&post=931"}],"version-history":[{"count":4,"href":"https:\/\/focotocantinense.com.br\/index.php?rest_route=\/wp\/v2\/posts\/931\/revisions"}],"predecessor-version":[{"id":940,"href":"https:\/\/focotocantinense.com.br\/index.php?rest_route=\/wp\/v2\/posts\/931\/revisions\/940"}],"wp:featuredmedia":[{"embeddable":true,"href":"https:\/\/focotocantinense.com.br\/index.php?rest_route=\/wp\/v2\/media\/935"}],"wp:attachment":[{"href":"https:\/\/focotocantinense.com.br\/index.php?rest_route=%2Fwp%2Fv2%2Fmedia&parent=931"}],"wp:term":[{"taxonomy":"category","embeddable":true,"href":"https:\/\/focotocantinense.com.br\/index.php?rest_route=%2Fwp%2Fv2%2Fcategories&post=931"},{"taxonomy":"post_tag","embeddable":true,"href":"https:\/\/focotocantinense.com.br\/index.php?rest_route=%2Fwp%2Fv2%2Ftags&post=931"}],"curies":[{"name":"wp","href":"https:\/\/api.w.org\/{rel}","templated":true}]}}