{"id":9298,"date":"2025-01-11T11:36:24","date_gmt":"2025-01-11T14:36:24","guid":{"rendered":"https:\/\/focotocantinense.com.br\/?p=9298"},"modified":"2025-01-11T11:41:38","modified_gmt":"2025-01-11T14:41:38","slug":"prefeitura-de-gurupi-abre-chamada-publica-para-aquisicao-de-alimentos-da-agricultura-familiar","status":"publish","type":"post","link":"https:\/\/focotocantinense.com.br\/?p=9298","title":{"rendered":"Prefeitura de Gurupi abre chamada p\u00fablica para aquisi\u00e7\u00e3o de alimentos da agricultura familiar"},"content":{"rendered":"\n<p>A Prefeitura de Gurupi, por meio da Secretaria Municipal de Educa\u00e7\u00e3o (SEMEG), publicou nesta quinta-feira, 09, o edital da Chamada P\u00fablica n\u00ba 01\/2025, que visa \u00e0 aquisi\u00e7\u00e3o de g\u00eaneros aliment\u00edcios da agricultura familiar e do empreendedor familiar rural para o Programa Nacional de Alimenta\u00e7\u00e3o Escolar (PNAE). A iniciativa, alinhada \u00e0 Lei n\u00ba 11.947\/2009 e \u00e0 Resolu\u00e7\u00e3o FNDE n\u00ba 06\/2020, busca fortalecer a economia local e garantir uma alimenta\u00e7\u00e3o de qualidade para os estudantes da rede municipal.<\/p>\n\n\n\n<p>O secret\u00e1rio Municipal de Educa\u00e7\u00e3o, Samuel Martins, destacou que o edital com todas as informa\u00e7\u00f5es necess\u00e1rias para participa\u00e7\u00e3o pode ser acessado no edital publicado no Di\u00e1rio Oficial do Munic\u00edpio, \u00a0ou na Coordena\u00e7\u00e3o de Alimenta\u00e7\u00e3o Escolar, localizada na sede da Semeg na BR-242, KM 405, sa\u00edda para a cidade de Peixe, em Gurupi. O atendimento ocorre de segunda a sexta-feira, das 8h \u00e0s 14h.<\/p>\n\n\n\n<p><strong>Prazo para entrega de documenta\u00e7\u00e3o e abertura das propostas<\/strong><\/p>\n\n\n\n<p>Os interessados devem apresentar a documenta\u00e7\u00e3o de habilita\u00e7\u00e3o e o projeto de venda no per\u00edodo de 10 a 29 de janeiro de 2025, na Coordena\u00e7\u00e3o de Alimenta\u00e7\u00e3o Escolar. A abertura das propostas est\u00e1 marcada para o dia 30 de janeiro, \u00e0s 8h30, no audit\u00f3rio do IPASGU, situado no Centro Administrativo, tamb\u00e9m na sa\u00edda para Peixe.<\/p>\n\n\n\n<p><strong>Orienta\u00e7\u00e3o aos agricultores familiares<\/strong><\/p>\n\n\n\n<p>A nutricionista Lucia Isabel Oliveira, diretora de Apoio \u00e0s Escolas e Estudantes, refor\u00e7a que a equipe da Semeg est\u00e1 \u00e0 disposi\u00e7\u00e3o para orientar os agricultores familiares e empreendedores rurais sobre os requisitos do edital e a elabora\u00e7\u00e3o do projeto de venda. &#8220;Estamos prontos para auxiliar os interessados em todas as etapas do processo, desde a organiza\u00e7\u00e3o da documenta\u00e7\u00e3o at\u00e9 a entrega das propostas&#8221;, afirmou.<\/p>\n\n\n\n<p><\/p>\n\n\n\n<figure class=\"wp-block-image size-full\"><img loading=\"lazy\" decoding=\"async\" width=\"843\" height=\"251\" src=\"https:\/\/focotocantinense.com.br\/wp-content\/uploads\/2025\/01\/midia-vinicius-1.jpg\" alt=\"\" class=\"wp-image-9295\" srcset=\"https:\/\/focotocantinense.com.br\/wp-content\/uploads\/2025\/01\/midia-vinicius-1.jpg 843w, https:\/\/focotocantinense.com.br\/wp-content\/uploads\/2025\/01\/midia-vinicius-1-300x89.jpg 300w, https:\/\/focotocantinense.com.br\/wp-content\/uploads\/2025\/01\/midia-vinicius-1-768x229.jpg 768w\" sizes=\"auto, (max-width: 843px) 100vw, 843px\" \/><\/figure>\n\n\n\n<p><\/p>\n","protected":false},"excerpt":{"rendered":"<p>A Prefeitura de Gurupi, por meio da Secretaria Municipal de Educa\u00e7\u00e3o (SEMEG), publicou nesta quinta-feira, 09, o edital da Chamada P\u00fablica n\u00ba 01\/2025, que visa \u00e0 aquisi\u00e7\u00e3o de g\u00eaneros aliment\u00edcios da agricultura familiar e do empreendedor familiar rural para o Programa Nacional de Alimenta\u00e7\u00e3o Escolar (PNAE). A iniciativa, alinhada \u00e0 Lei n\u00ba 11.947\/2009 e \u00e0 &hellip;<\/p>\n","protected":false},"author":5,"featured_media":9299,"comment_status":"open","ping_status":"open","sticky":false,"template":"","format":"standard","meta":{"footnotes":""},"categories":[38],"tags":[],"class_list":["post-9298","post","type-post","status-publish","format-standard","has-post-thumbnail","","category-gurupi"],"_links":{"self":[{"href":"https:\/\/focotocantinense.com.br\/index.php?rest_route=\/wp\/v2\/posts\/9298","targetHints":{"allow":["GET"]}}],"collection":[{"href":"https:\/\/focotocantinense.com.br\/index.php?rest_route=\/wp\/v2\/posts"}],"about":[{"href":"https:\/\/focotocantinense.com.br\/index.php?rest_route=\/wp\/v2\/types\/post"}],"author":[{"embeddable":true,"href":"https:\/\/focotocantinense.com.br\/index.php?rest_route=\/wp\/v2\/users\/5"}],"replies":[{"embeddable":true,"href":"https:\/\/focotocantinense.com.br\/index.php?rest_route=%2Fwp%2Fv2%2Fcomments&post=9298"}],"version-history":[{"count":6,"href":"https:\/\/focotocantinense.com.br\/index.php?rest_route=\/wp\/v2\/posts\/9298\/revisions"}],"predecessor-version":[{"id":9306,"href":"https:\/\/focotocantinense.com.br\/index.php?rest_route=\/wp\/v2\/posts\/9298\/revisions\/9306"}],"wp:featuredmedia":[{"embeddable":true,"href":"https:\/\/focotocantinense.com.br\/index.php?rest_route=\/wp\/v2\/media\/9299"}],"wp:attachment":[{"href":"https:\/\/focotocantinense.com.br\/index.php?rest_route=%2Fwp%2Fv2%2Fmedia&parent=9298"}],"wp:term":[{"taxonomy":"category","embeddable":true,"href":"https:\/\/focotocantinense.com.br\/index.php?rest_route=%2Fwp%2Fv2%2Fcategories&post=9298"},{"taxonomy":"post_tag","embeddable":true,"href":"https:\/\/focotocantinense.com.br\/index.php?rest_route=%2Fwp%2Fv2%2Ftags&post=9298"}],"curies":[{"name":"wp","href":"https:\/\/api.w.org\/{rel}","templated":true}]}}