{"id":9294,"date":"2025-01-06T18:56:11","date_gmt":"2025-01-06T21:56:11","guid":{"rendered":"https:\/\/focotocantinense.com.br\/?p=9294"},"modified":"2025-01-06T18:56:58","modified_gmt":"2025-01-06T21:56:58","slug":"do-tocantins-para-o-brasil-banda-black-vira-fenomeno-com-o-hit-cachaca-de-mais","status":"publish","type":"post","link":"https:\/\/focotocantinense.com.br\/?p=9294","title":{"rendered":"Do Tocantins para o Brasil: BANDA BLACK vira fen\u00f4meno com o hit &#8220;Cacha\u00e7a de Mais&#8221;"},"content":{"rendered":"\n<p><\/p>\n\n\n\n<p>O Tocantins tem se destacado com muitos artistas que tem ficado conhecido no Brasil, por causa do talento musical. Em Gurupi, na regi\u00e3o sul do Tocantins, A BANDA BLACK, do tecladista Guilherme Teclas e da Vocalista Claricia Bel\u00e9m, tem dois anos de cria\u00e7\u00e3o, a banda j\u00e1 \u00e9 conhecida em v\u00e1rias regi\u00f5es do Brasil, e agora est\u00e1 colhendo os frutos do mais novo sucesso, com seu mais recente hit, \u201cCacha\u00e7a de Mais\u201d. Lan\u00e7ada h\u00e1 poucos meses, a m\u00fasica tem dominado playlists, festas e r\u00e1dios em todo o Brasil, consolidando o grupo como um dos maiores representantes do forr\u00f3 moderno no cen\u00e1rio nacional.<\/p>\n\n\n\n<figure class=\"wp-block-image size-large is-resized\"><img loading=\"lazy\" decoding=\"async\" width=\"1024\" height=\"1024\" src=\"https:\/\/focotocantinense.com.br\/wp-content\/uploads\/2025\/01\/82474d84-c577-491e-8963-14d7fda5704e-1024x1024.jpg\" alt=\"\" class=\"wp-image-9296\" style=\"width:402px;height:auto\" srcset=\"https:\/\/focotocantinense.com.br\/wp-content\/uploads\/2025\/01\/82474d84-c577-491e-8963-14d7fda5704e-1024x1024.jpg 1024w, https:\/\/focotocantinense.com.br\/wp-content\/uploads\/2025\/01\/82474d84-c577-491e-8963-14d7fda5704e-300x300.jpg 300w, https:\/\/focotocantinense.com.br\/wp-content\/uploads\/2025\/01\/82474d84-c577-491e-8963-14d7fda5704e-150x150.jpg 150w, https:\/\/focotocantinense.com.br\/wp-content\/uploads\/2025\/01\/82474d84-c577-491e-8963-14d7fda5704e-768x768.jpg 768w, https:\/\/focotocantinense.com.br\/wp-content\/uploads\/2025\/01\/82474d84-c577-491e-8963-14d7fda5704e-1536x1536.jpg 1536w, https:\/\/focotocantinense.com.br\/wp-content\/uploads\/2025\/01\/82474d84-c577-491e-8963-14d7fda5704e.jpg 1600w\" sizes=\"auto, (max-width: 1024px) 100vw, 1024px\" \/><\/figure>\n\n\n\n<p><\/p>\n\n\n\n<p>Com letras descontra\u00eddas e ritmo contagiante, a banda conquistou o p\u00fablico de norte a sul do pa\u00eds. \u201cCacha\u00e7a de Mais\u201d n\u00e3o apenas representa a ess\u00eancia festiva do forr\u00f3 tocantinense, mas tamb\u00e9m mistura elementos inovadores que t\u00eam encantado os f\u00e3s do g\u00eanero.<\/p>\n\n\n\n<p>O sucesso estrondoso j\u00e1 reflete na agenda de shows da banda para 2025, que est\u00e1 recheada de apresenta\u00e7\u00f5es em diversos estados, incluindo grandes festivais e eventos culturais. Para os m\u00fasicos, ver o p\u00fablico de diferentes regi\u00f5es cantando e dan\u00e7ando ao som do hit \u00e9 a realiza\u00e7\u00e3o de um sonho.<\/p>\n\n\n\n<p>\u201c\u00c9 incr\u00edvel ver nossa m\u00fasica unindo pessoas e ultrapassando barreiras. Estamos vivendo um momento \u00fanico, e tudo isso \u00e9 gra\u00e7as ao carinho do p\u00fablico que nos abra\u00e7ou de cora\u00e7\u00e3o aberto\u201d, comentou o tecladista e empres\u00e1rio da banda\u201d, Guilherme Teclas.<\/p>\n\n\n\n<p>A vocalista da banda, Claricia Bel\u00e9m, explicou que eles seguem com a promessa de elevar o forr\u00f3 tocantinense a um novo patamar, mostrando que Gurupi \u00e9 ber\u00e7o de grandes talentos. Entre as novidades, os f\u00e3s podem aguardar mais lan\u00e7amentos e parcerias ao longo do pr\u00f3ximo ano.<\/p>\n\n\n\n<p>\u201cCacha\u00e7a de Mais\u201d est\u00e1 dispon\u00edvel em todas as plataformas digitais e continua embalando festas Brasil afora. Com energia, criatividade e muito carisma, a BANDA BLACK caminha para se tornar refer\u00eancia na m\u00fasica nacional.<\/p>\n\n\n\n<figure class=\"wp-block-image size-full\"><img loading=\"lazy\" decoding=\"async\" width=\"843\" height=\"251\" src=\"https:\/\/focotocantinense.com.br\/wp-content\/uploads\/2025\/01\/midia-vinicius-1.jpg\" alt=\"\" class=\"wp-image-9295\" srcset=\"https:\/\/focotocantinense.com.br\/wp-content\/uploads\/2025\/01\/midia-vinicius-1.jpg 843w, https:\/\/focotocantinense.com.br\/wp-content\/uploads\/2025\/01\/midia-vinicius-1-300x89.jpg 300w, https:\/\/focotocantinense.com.br\/wp-content\/uploads\/2025\/01\/midia-vinicius-1-768x229.jpg 768w\" sizes=\"auto, (max-width: 843px) 100vw, 843px\" \/><\/figure>\n","protected":false},"excerpt":{"rendered":"<p>O Tocantins tem se destacado com muitos artistas que tem ficado conhecido no Brasil, por causa do talento musical. Em Gurupi, na regi\u00e3o sul do Tocantins, A BANDA BLACK, do tecladista Guilherme Teclas e da Vocalista Claricia Bel\u00e9m, tem dois anos de cria\u00e7\u00e3o, a banda j\u00e1 \u00e9 conhecida em v\u00e1rias regi\u00f5es do Brasil, e agora &hellip;<\/p>\n","protected":false},"author":5,"featured_media":9296,"comment_status":"open","ping_status":"open","sticky":false,"template":"","format":"standard","meta":{"footnotes":""},"categories":[104,1],"tags":[],"class_list":["post-9294","post","type-post","status-publish","format-standard","has-post-thumbnail","","category-cultura","category-sem-categoria"],"_links":{"self":[{"href":"https:\/\/focotocantinense.com.br\/index.php?rest_route=\/wp\/v2\/posts\/9294","targetHints":{"allow":["GET"]}}],"collection":[{"href":"https:\/\/focotocantinense.com.br\/index.php?rest_route=\/wp\/v2\/posts"}],"about":[{"href":"https:\/\/focotocantinense.com.br\/index.php?rest_route=\/wp\/v2\/types\/post"}],"author":[{"embeddable":true,"href":"https:\/\/focotocantinense.com.br\/index.php?rest_route=\/wp\/v2\/users\/5"}],"replies":[{"embeddable":true,"href":"https:\/\/focotocantinense.com.br\/index.php?rest_route=%2Fwp%2Fv2%2Fcomments&post=9294"}],"version-history":[{"count":1,"href":"https:\/\/focotocantinense.com.br\/index.php?rest_route=\/wp\/v2\/posts\/9294\/revisions"}],"predecessor-version":[{"id":9297,"href":"https:\/\/focotocantinense.com.br\/index.php?rest_route=\/wp\/v2\/posts\/9294\/revisions\/9297"}],"wp:featuredmedia":[{"embeddable":true,"href":"https:\/\/focotocantinense.com.br\/index.php?rest_route=\/wp\/v2\/media\/9296"}],"wp:attachment":[{"href":"https:\/\/focotocantinense.com.br\/index.php?rest_route=%2Fwp%2Fv2%2Fmedia&parent=9294"}],"wp:term":[{"taxonomy":"category","embeddable":true,"href":"https:\/\/focotocantinense.com.br\/index.php?rest_route=%2Fwp%2Fv2%2Fcategories&post=9294"},{"taxonomy":"post_tag","embeddable":true,"href":"https:\/\/focotocantinense.com.br\/index.php?rest_route=%2Fwp%2Fv2%2Ftags&post=9294"}],"curies":[{"name":"wp","href":"https:\/\/api.w.org\/{rel}","templated":true}]}}