{"id":9284,"date":"2025-01-02T21:27:38","date_gmt":"2025-01-03T00:27:38","guid":{"rendered":"https:\/\/focotocantinense.com.br\/?p=9284"},"modified":"2025-01-02T22:02:33","modified_gmt":"2025-01-03T01:02:33","slug":"camara-municipal-de-lagoa-da-confusao-elege-o-vereador-di-como-presidente","status":"publish","type":"post","link":"https:\/\/focotocantinense.com.br\/?p=9284","title":{"rendered":"C\u00e2mara Municipal de Lagoa da Confus\u00e3o elege o vereador Di como presidente"},"content":{"rendered":"\n<p>Em sess\u00e3o realizada na \u00faltima quarta-feira, 01 de janeiro, a C\u00e2mara Municipal de Lagoa da Confus\u00e3o oficializou a elei\u00e7\u00e3o da nova Mesa Diretora para o bi\u00eanio 2025-2026.<\/p>\n\n\n\n<p>O vereador&nbsp;&nbsp;&nbsp;Lu\u00eds Edvaldo Coelho dos Santos \u2013 o Di,&nbsp;&nbsp;do partido REPUBLICANOS., foi eleito presidente. Di \u00e9 um veterano da legislatura&nbsp;&nbsp;lagoense, tendo presidido essa Casa de Leis em outras ocasi\u00f5es.&nbsp;<\/p>\n\n\n\n<p>Na chapa de Di, foi eleito&nbsp; como vice-Presidente Romivaldo Martins (UNI\u00c3O), vereador que vai para o seu segundo mandato. Comp\u00f5e&nbsp;&nbsp;ainda a chapa vencedora, a vereadora Iodete Coelho de Oliveira (PL), que assumiu a Primeira Secretaria. Para a Segunda Secretaria foi eleita a Vereadora Raiza Guimar\u00e3es, que pela terceira vez&nbsp;&nbsp;assume uma cadeira na C\u00e2mara de Vereadores.<\/p>\n\n\n\n<figure class=\"wp-block-image size-full is-resized\"><img loading=\"lazy\" decoding=\"async\" width=\"673\" height=\"428\" src=\"https:\/\/focotocantinense.com.br\/wp-content\/uploads\/2025\/01\/vereador-di.jpg\" alt=\"\" class=\"wp-image-9285\" style=\"width:379px;height:auto\" srcset=\"https:\/\/focotocantinense.com.br\/wp-content\/uploads\/2025\/01\/vereador-di.jpg 673w, https:\/\/focotocantinense.com.br\/wp-content\/uploads\/2025\/01\/vereador-di-300x191.jpg 300w\" sizes=\"auto, (max-width: 673px) 100vw, 673px\" \/><\/figure>\n\n\n\n<p><\/p>\n\n\n\n<p><strong>Demais vereadores<\/strong><\/p>\n\n\n\n<p>Al\u00e9m da Mesa Diretora, Comp\u00f5e a C\u00e2mara de&nbsp;&nbsp;Municipal de Lagoa da Confus\u00e3o os seguintes vereadores:<\/p>\n\n\n\n<p>Alan Coelho (PP)<\/p>\n\n\n\n<p>Alberto da Infra (PL)<\/p>\n\n\n\n<p>Biton (MDB).<\/p>\n\n\n\n<p>Carlim do Ireno (PP)&nbsp;<\/p>\n\n\n\n<p>Emoly Alem\u00e3o (REPUBLICANOS)<\/p>\n\n\n\n<p>Professor Welice (UNI\u00c3O)<\/p>\n\n\n\n<p>Valmir da Autoescola (PP)<\/p>\n\n\n\n<figure class=\"wp-block-image size-large\"><img loading=\"lazy\" decoding=\"async\" width=\"576\" height=\"1024\" src=\"https:\/\/focotocantinense.com.br\/wp-content\/uploads\/2025\/01\/80ea722c-5581-48a0-b8a1-1a86773b0327-576x1024.jpg\" alt=\"\" class=\"wp-image-9286\" srcset=\"https:\/\/focotocantinense.com.br\/wp-content\/uploads\/2025\/01\/80ea722c-5581-48a0-b8a1-1a86773b0327-576x1024.jpg 576w, https:\/\/focotocantinense.com.br\/wp-content\/uploads\/2025\/01\/80ea722c-5581-48a0-b8a1-1a86773b0327-169x300.jpg 169w, https:\/\/focotocantinense.com.br\/wp-content\/uploads\/2025\/01\/80ea722c-5581-48a0-b8a1-1a86773b0327.jpg 720w\" sizes=\"auto, (max-width: 576px) 100vw, 576px\" \/><\/figure>\n\n\n\n<p><strong><em>Os novos integrantes da&nbsp; Mesa Diretora da C\u00e2mara Municipal de Lagoa da Confus\u00e3o<\/em><\/strong><\/p>\n","protected":false},"excerpt":{"rendered":"<p>Em sess\u00e3o realizada na \u00faltima quarta-feira, 01 de janeiro, a C\u00e2mara Municipal de Lagoa da Confus\u00e3o oficializou a elei\u00e7\u00e3o da nova Mesa Diretora para o bi\u00eanio 2025-2026. O vereador&nbsp;&nbsp;&nbsp;Lu\u00eds Edvaldo Coelho dos Santos \u2013 o Di,&nbsp;&nbsp;do partido REPUBLICANOS., foi eleito presidente. Di \u00e9 um veterano da legislatura&nbsp;&nbsp;lagoense, tendo presidido essa Casa de Leis em outras &hellip;<\/p>\n","protected":false},"author":5,"featured_media":9285,"comment_status":"open","ping_status":"open","sticky":false,"template":"","format":"standard","meta":{"footnotes":""},"categories":[71],"tags":[],"class_list":["post-9284","post","type-post","status-publish","format-standard","has-post-thumbnail","","category-lagoa-da-confusao"],"_links":{"self":[{"href":"https:\/\/focotocantinense.com.br\/index.php?rest_route=\/wp\/v2\/posts\/9284","targetHints":{"allow":["GET"]}}],"collection":[{"href":"https:\/\/focotocantinense.com.br\/index.php?rest_route=\/wp\/v2\/posts"}],"about":[{"href":"https:\/\/focotocantinense.com.br\/index.php?rest_route=\/wp\/v2\/types\/post"}],"author":[{"embeddable":true,"href":"https:\/\/focotocantinense.com.br\/index.php?rest_route=\/wp\/v2\/users\/5"}],"replies":[{"embeddable":true,"href":"https:\/\/focotocantinense.com.br\/index.php?rest_route=%2Fwp%2Fv2%2Fcomments&post=9284"}],"version-history":[{"count":6,"href":"https:\/\/focotocantinense.com.br\/index.php?rest_route=\/wp\/v2\/posts\/9284\/revisions"}],"predecessor-version":[{"id":9293,"href":"https:\/\/focotocantinense.com.br\/index.php?rest_route=\/wp\/v2\/posts\/9284\/revisions\/9293"}],"wp:featuredmedia":[{"embeddable":true,"href":"https:\/\/focotocantinense.com.br\/index.php?rest_route=\/wp\/v2\/media\/9285"}],"wp:attachment":[{"href":"https:\/\/focotocantinense.com.br\/index.php?rest_route=%2Fwp%2Fv2%2Fmedia&parent=9284"}],"wp:term":[{"taxonomy":"category","embeddable":true,"href":"https:\/\/focotocantinense.com.br\/index.php?rest_route=%2Fwp%2Fv2%2Fcategories&post=9284"},{"taxonomy":"post_tag","embeddable":true,"href":"https:\/\/focotocantinense.com.br\/index.php?rest_route=%2Fwp%2Fv2%2Ftags&post=9284"}],"curies":[{"name":"wp","href":"https:\/\/api.w.org\/{rel}","templated":true}]}}