{"id":9281,"date":"2025-01-02T17:35:59","date_gmt":"2025-01-02T20:35:59","guid":{"rendered":"https:\/\/focotocantinense.com.br\/?p=9281"},"modified":"2025-01-02T17:35:59","modified_gmt":"2025-01-02T20:35:59","slug":"antonio-andrade-prestigia-cerimonia-de-posse-do-prefeito-eleito-de-brejinho-de-nazare","status":"publish","type":"post","link":"https:\/\/focotocantinense.com.br\/?p=9281","title":{"rendered":"Antonio Andrade prestigia cerim\u00f4nia de posse do prefeito eleito de Brejinho de Nazar\u00e9"},"content":{"rendered":"\n<p>Dr. Murilo e o vice, Dr. Pedro, foram empossados oficialmente nesta quarta-feira, 1<\/p>\n\n\n\n\n\n<p>O deputado federal Antonio Andrade (Republicanos), esteve presente na cerim\u00f4nia de posse dos gestores eleitos, Dr. Murilo e o vice, Dr. Pedro para os pr\u00f3ximos 4 anos de mandato no munic\u00edpio vizinho de Porto Nacional, Brejinho de Nazar\u00e9.<\/p>\n\n\n\n<p>Diversas autoridades participaram do evento, dentre elas, o deputado federal do partido Republicanos, Antonio Andrade.<\/p>\n\n\n\n<p>Em seu pronunciamento, o parlamentar parabenizou o prefeito e se colocou \u00e0 disposi\u00e7\u00e3o do munic\u00edpio e de seus representantes.<\/p>\n\n\n\n<p>\u201cTenho um trabalho prestado no munic\u00edpio e uma parceria muito positiva com o prefeito eleito. Tenho certeza que a atua\u00e7\u00e3o conjunta com esse grande l\u00edder ser\u00e1 fundamental para o desenvolvimento de Brejinho. Desejo a todos um excelente mandato, e que os mun\u00edcipes de Brejinho sejam beneficiados por boas pol\u00edticas p\u00fablicas, que verdadeiramente atendam suas necessidades\u201d, finalizou.<\/p>\n","protected":false},"excerpt":{"rendered":"<p>Dr. Murilo e o vice, Dr. Pedro, foram empossados oficialmente nesta quarta-feira, 1 O deputado federal Antonio Andrade (Republicanos), esteve presente na cerim\u00f4nia de posse dos gestores eleitos, Dr. Murilo e o vice, Dr. Pedro para os pr\u00f3ximos 4 anos de mandato no munic\u00edpio vizinho de Porto Nacional, Brejinho de Nazar\u00e9. Diversas autoridades participaram do &hellip;<\/p>\n","protected":false},"author":5,"featured_media":9282,"comment_status":"open","ping_status":"open","sticky":false,"template":"","format":"standard","meta":{"footnotes":""},"categories":[1],"tags":[],"class_list":["post-9281","post","type-post","status-publish","format-standard","has-post-thumbnail","","category-sem-categoria"],"_links":{"self":[{"href":"https:\/\/focotocantinense.com.br\/index.php?rest_route=\/wp\/v2\/posts\/9281","targetHints":{"allow":["GET"]}}],"collection":[{"href":"https:\/\/focotocantinense.com.br\/index.php?rest_route=\/wp\/v2\/posts"}],"about":[{"href":"https:\/\/focotocantinense.com.br\/index.php?rest_route=\/wp\/v2\/types\/post"}],"author":[{"embeddable":true,"href":"https:\/\/focotocantinense.com.br\/index.php?rest_route=\/wp\/v2\/users\/5"}],"replies":[{"embeddable":true,"href":"https:\/\/focotocantinense.com.br\/index.php?rest_route=%2Fwp%2Fv2%2Fcomments&post=9281"}],"version-history":[{"count":1,"href":"https:\/\/focotocantinense.com.br\/index.php?rest_route=\/wp\/v2\/posts\/9281\/revisions"}],"predecessor-version":[{"id":9283,"href":"https:\/\/focotocantinense.com.br\/index.php?rest_route=\/wp\/v2\/posts\/9281\/revisions\/9283"}],"wp:featuredmedia":[{"embeddable":true,"href":"https:\/\/focotocantinense.com.br\/index.php?rest_route=\/wp\/v2\/media\/9282"}],"wp:attachment":[{"href":"https:\/\/focotocantinense.com.br\/index.php?rest_route=%2Fwp%2Fv2%2Fmedia&parent=9281"}],"wp:term":[{"taxonomy":"category","embeddable":true,"href":"https:\/\/focotocantinense.com.br\/index.php?rest_route=%2Fwp%2Fv2%2Fcategories&post=9281"},{"taxonomy":"post_tag","embeddable":true,"href":"https:\/\/focotocantinense.com.br\/index.php?rest_route=%2Fwp%2Fv2%2Ftags&post=9281"}],"curies":[{"name":"wp","href":"https:\/\/api.w.org\/{rel}","templated":true}]}}