{"id":9278,"date":"2025-01-02T17:33:55","date_gmt":"2025-01-02T20:33:55","guid":{"rendered":"https:\/\/focotocantinense.com.br\/?p=9278"},"modified":"2025-01-02T17:33:55","modified_gmt":"2025-01-02T20:33:55","slug":"deputado-antonio-andrade-prestigia-cerimonia-de-posse-do-prefeito-israel-kawe-e-do-vice-ronison-parente","status":"publish","type":"post","link":"https:\/\/focotocantinense.com.br\/?p=9278","title":{"rendered":"Deputado Antonio Andrade prestigia cerim\u00f4nia de posse do prefeito Israel Kaw\u00ea e do vice Ronison Parente"},"content":{"rendered":"\n<p>Ao cumprimentar o prefeito, Andrade colocou seu mandato \u00e0 disposi\u00e7\u00e3o da cidade<\/p>\n\n\n\n<p>Um grande p\u00fablico, incluindo o deputado federal tocantinense mais votado nas elei\u00e7\u00f5es de 2022, Antonio Andrade, acompanhou nesta quarta-feira, 1, a cerim\u00f4nia de posse do prefeito reeleito Israel Kaw\u00ea, do vice Ronison Parente e dos vereadores que comp\u00f5em a legislatura de 2025-2028 no munic\u00edpio de Formoso do Araguaia.<\/p>\n\n\n\n<p>O evento foi realizado no Gin\u00e1sio de Esportes Gilberto Maciel da Fonseca e foi marcado por muita emo\u00e7\u00e3o.<\/p>\n\n\n\n<p>Na oportunidade, Antonio Andrade desejou sucesso ao prefeito, para que ele possa gerir da melhor forma poss\u00edvel o munic\u00edpio zelando pelo bem-estar da popula\u00e7\u00e3o e pelo pleno desenvolvimento da cidade.<\/p>\n\n\n\n<p>\u201cA popula\u00e7\u00e3o de Formoso do Araguaia merece administradores comprometidos como Israel Kaw\u00ea e Ronison Parente. Ambos s\u00e3o competentes e possuem projetos muito importantes. Como deputado federal, estarei sempre presente para auxiliar o prefeito e destinar recursos necess\u00e1rios para que esses projetos sejam executados. A cidade pode contar com meu empenho e trabalho\u201d, afirmou o parlamentar.<\/p>\n","protected":false},"excerpt":{"rendered":"<p>Ao cumprimentar o prefeito, Andrade colocou seu mandato \u00e0 disposi\u00e7\u00e3o da cidade Um grande p\u00fablico, incluindo o deputado federal tocantinense mais votado nas elei\u00e7\u00f5es de 2022, Antonio Andrade, acompanhou nesta quarta-feira, 1, a cerim\u00f4nia de posse do prefeito reeleito Israel Kaw\u00ea, do vice Ronison Parente e dos vereadores que comp\u00f5em a legislatura de 2025-2028 no &hellip;<\/p>\n","protected":false},"author":5,"featured_media":9279,"comment_status":"open","ping_status":"open","sticky":false,"template":"","format":"standard","meta":{"footnotes":""},"categories":[1],"tags":[],"class_list":["post-9278","post","type-post","status-publish","format-standard","has-post-thumbnail","","category-sem-categoria"],"_links":{"self":[{"href":"https:\/\/focotocantinense.com.br\/index.php?rest_route=\/wp\/v2\/posts\/9278","targetHints":{"allow":["GET"]}}],"collection":[{"href":"https:\/\/focotocantinense.com.br\/index.php?rest_route=\/wp\/v2\/posts"}],"about":[{"href":"https:\/\/focotocantinense.com.br\/index.php?rest_route=\/wp\/v2\/types\/post"}],"author":[{"embeddable":true,"href":"https:\/\/focotocantinense.com.br\/index.php?rest_route=\/wp\/v2\/users\/5"}],"replies":[{"embeddable":true,"href":"https:\/\/focotocantinense.com.br\/index.php?rest_route=%2Fwp%2Fv2%2Fcomments&post=9278"}],"version-history":[{"count":1,"href":"https:\/\/focotocantinense.com.br\/index.php?rest_route=\/wp\/v2\/posts\/9278\/revisions"}],"predecessor-version":[{"id":9280,"href":"https:\/\/focotocantinense.com.br\/index.php?rest_route=\/wp\/v2\/posts\/9278\/revisions\/9280"}],"wp:featuredmedia":[{"embeddable":true,"href":"https:\/\/focotocantinense.com.br\/index.php?rest_route=\/wp\/v2\/media\/9279"}],"wp:attachment":[{"href":"https:\/\/focotocantinense.com.br\/index.php?rest_route=%2Fwp%2Fv2%2Fmedia&parent=9278"}],"wp:term":[{"taxonomy":"category","embeddable":true,"href":"https:\/\/focotocantinense.com.br\/index.php?rest_route=%2Fwp%2Fv2%2Fcategories&post=9278"},{"taxonomy":"post_tag","embeddable":true,"href":"https:\/\/focotocantinense.com.br\/index.php?rest_route=%2Fwp%2Fv2%2Ftags&post=9278"}],"curies":[{"name":"wp","href":"https:\/\/api.w.org\/{rel}","templated":true}]}}