{"id":9273,"date":"2025-01-02T17:31:39","date_gmt":"2025-01-02T20:31:39","guid":{"rendered":"https:\/\/focotocantinense.com.br\/?p=9273"},"modified":"2025-01-02T17:31:40","modified_gmt":"2025-01-02T20:31:40","slug":"deputado-antonio-andrade-republicanos-participa-da-posse-do-prefeito-reeleito-de-fatima-ze-antonio-andrade","status":"publish","type":"post","link":"https:\/\/focotocantinense.com.br\/?p=9273","title":{"rendered":"Deputado Antonio Andrade (Republicanos), participa da posse do prefeito reeleito de F\u00e1tima, Z\u00e9 Ant\u00f4nio Andrade"},"content":{"rendered":"\n<p>Solenidade aconteceu na C\u00e2mara Municipal do munic\u00edpio<\/p>\n\n\n\n<figure class=\"wp-block-image size-large is-resized\"><img loading=\"lazy\" decoding=\"async\" width=\"1024\" height=\"682\" src=\"https:\/\/focotocantinense.com.br\/wp-content\/uploads\/2025\/01\/WhatsApp-Image-2025-01-02-at-16.32.11-1024x682.jpeg\" alt=\"\" class=\"wp-image-9274\" style=\"width:398px;height:auto\" srcset=\"https:\/\/focotocantinense.com.br\/wp-content\/uploads\/2025\/01\/WhatsApp-Image-2025-01-02-at-16.32.11-1024x682.jpeg 1024w, https:\/\/focotocantinense.com.br\/wp-content\/uploads\/2025\/01\/WhatsApp-Image-2025-01-02-at-16.32.11-300x200.jpeg 300w, https:\/\/focotocantinense.com.br\/wp-content\/uploads\/2025\/01\/WhatsApp-Image-2025-01-02-at-16.32.11-768x512.jpeg 768w, https:\/\/focotocantinense.com.br\/wp-content\/uploads\/2025\/01\/WhatsApp-Image-2025-01-02-at-16.32.11-1536x1023.jpeg 1536w, https:\/\/focotocantinense.com.br\/wp-content\/uploads\/2025\/01\/WhatsApp-Image-2025-01-02-at-16.32.11-310x205.jpeg 310w, https:\/\/focotocantinense.com.br\/wp-content\/uploads\/2025\/01\/WhatsApp-Image-2025-01-02-at-16.32.11.jpeg 1600w\" sizes=\"auto, (max-width: 1024px) 100vw, 1024px\" \/><\/figure>\n\n\n\n<p>Nesta quarta-feira, 1, aconteceu a solenidade de posse do prefeito de F\u00e1tima-TO, Jos\u00e9 Ant\u00f4nio Andrade, reeleito para mais 4 anos \u00e0 frente da gest\u00e3o do munic\u00edpio, do vice-prefeito H\u00e9lio Souza e dos vereadores eleitos. A cerim\u00f4nia contou com a participa\u00e7\u00e3o de autoridades, incluindo o deputado federal Antonio Andrade.<\/p>\n\n\n\n<p>Durante o evento, o deputado fez quest\u00e3o de enaltecer a excel\u00eancia do trabalho do prefeito reeleito e reafirmou seu apoio incondicional \u00e0 gest\u00e3o.<\/p>\n\n\n\n<p>\u201cEstou muito orgulhoso de estar presente nesse momento especial. \u00c9 uma alegria v\u00ea-lo conquistar mais essa vit\u00f3ria, pois \u00e9 merecedor dessa fun\u00e7\u00e3o. Ele sabe que pode contar com todo meu apoio. A necessidade dos pequenos munic\u00edpios \u00e9 muito grande, por essa raz\u00e3o, \u00e9 imprescind\u00edvel um di\u00e1logo aberto com os prefeitos buscando desenvolver a\u00e7\u00f5es que beneficiem diretamente a popula\u00e7\u00e3o\u201d, enfatizou.<\/p>\n\n\n\n<figure class=\"wp-block-image size-large\"><img loading=\"lazy\" decoding=\"async\" width=\"1024\" height=\"682\" src=\"https:\/\/focotocantinense.com.br\/wp-content\/uploads\/2025\/01\/WhatsApp-Image-2025-01-02-at-16.32.10-1024x682.jpeg\" alt=\"\" class=\"wp-image-9275\" srcset=\"https:\/\/focotocantinense.com.br\/wp-content\/uploads\/2025\/01\/WhatsApp-Image-2025-01-02-at-16.32.10-1024x682.jpeg 1024w, https:\/\/focotocantinense.com.br\/wp-content\/uploads\/2025\/01\/WhatsApp-Image-2025-01-02-at-16.32.10-300x200.jpeg 300w, https:\/\/focotocantinense.com.br\/wp-content\/uploads\/2025\/01\/WhatsApp-Image-2025-01-02-at-16.32.10-768x512.jpeg 768w, https:\/\/focotocantinense.com.br\/wp-content\/uploads\/2025\/01\/WhatsApp-Image-2025-01-02-at-16.32.10-1536x1023.jpeg 1536w, https:\/\/focotocantinense.com.br\/wp-content\/uploads\/2025\/01\/WhatsApp-Image-2025-01-02-at-16.32.10-310x205.jpeg 310w, https:\/\/focotocantinense.com.br\/wp-content\/uploads\/2025\/01\/WhatsApp-Image-2025-01-02-at-16.32.10.jpeg 1600w\" sizes=\"auto, (max-width: 1024px) 100vw, 1024px\" \/><\/figure>\n\n\n\n<p>O parlamentar finalizou dizendo: \u201cZ\u00e9 Ant\u00f4nio \u00e9 um excelente gestor, desejo a ele muito sucesso em mais uma gest\u00e3o \u00e0 frente do munic\u00edpio\u201d, concluiu.<\/p>\n\n\n\n<p>Assessoria de Comunica\u00e7\u00e3o &#8211; Deputado Federal Antonio Andrade<\/p>\n","protected":false},"excerpt":{"rendered":"<p>Solenidade aconteceu na C\u00e2mara Municipal do munic\u00edpio Nesta quarta-feira, 1, aconteceu a solenidade de posse do prefeito de F\u00e1tima-TO, Jos\u00e9 Ant\u00f4nio Andrade, reeleito para mais 4 anos \u00e0 frente da gest\u00e3o do munic\u00edpio, do vice-prefeito H\u00e9lio Souza e dos vereadores eleitos. A cerim\u00f4nia contou com a participa\u00e7\u00e3o de autoridades, incluindo o deputado federal Antonio Andrade. &hellip;<\/p>\n","protected":false},"author":5,"featured_media":9276,"comment_status":"open","ping_status":"open","sticky":false,"template":"","format":"standard","meta":{"footnotes":""},"categories":[1],"tags":[],"class_list":["post-9273","post","type-post","status-publish","format-standard","has-post-thumbnail","","category-sem-categoria"],"_links":{"self":[{"href":"https:\/\/focotocantinense.com.br\/index.php?rest_route=\/wp\/v2\/posts\/9273","targetHints":{"allow":["GET"]}}],"collection":[{"href":"https:\/\/focotocantinense.com.br\/index.php?rest_route=\/wp\/v2\/posts"}],"about":[{"href":"https:\/\/focotocantinense.com.br\/index.php?rest_route=\/wp\/v2\/types\/post"}],"author":[{"embeddable":true,"href":"https:\/\/focotocantinense.com.br\/index.php?rest_route=\/wp\/v2\/users\/5"}],"replies":[{"embeddable":true,"href":"https:\/\/focotocantinense.com.br\/index.php?rest_route=%2Fwp%2Fv2%2Fcomments&post=9273"}],"version-history":[{"count":1,"href":"https:\/\/focotocantinense.com.br\/index.php?rest_route=\/wp\/v2\/posts\/9273\/revisions"}],"predecessor-version":[{"id":9277,"href":"https:\/\/focotocantinense.com.br\/index.php?rest_route=\/wp\/v2\/posts\/9273\/revisions\/9277"}],"wp:featuredmedia":[{"embeddable":true,"href":"https:\/\/focotocantinense.com.br\/index.php?rest_route=\/wp\/v2\/media\/9276"}],"wp:attachment":[{"href":"https:\/\/focotocantinense.com.br\/index.php?rest_route=%2Fwp%2Fv2%2Fmedia&parent=9273"}],"wp:term":[{"taxonomy":"category","embeddable":true,"href":"https:\/\/focotocantinense.com.br\/index.php?rest_route=%2Fwp%2Fv2%2Fcategories&post=9273"},{"taxonomy":"post_tag","embeddable":true,"href":"https:\/\/focotocantinense.com.br\/index.php?rest_route=%2Fwp%2Fv2%2Ftags&post=9273"}],"curies":[{"name":"wp","href":"https:\/\/api.w.org\/{rel}","templated":true}]}}