{"id":9268,"date":"2024-12-30T11:28:57","date_gmt":"2024-12-30T14:28:57","guid":{"rendered":"https:\/\/focotocantinense.com.br\/?p=9268"},"modified":"2024-12-30T11:28:57","modified_gmt":"2024-12-30T14:28:57","slug":"apos-articulacao-do-governador-wanderlei-barbosa-travessia-por-balsas-entre-aguiarnopolis-e-estreito-comecam-nesta-terca-31","status":"publish","type":"post","link":"https:\/\/focotocantinense.com.br\/?p=9268","title":{"rendered":"Ap\u00f3s articula\u00e7\u00e3o do governador Wanderlei Barbosa travessia por balsas entre Aguiarn\u00f3polis e Estreito come\u00e7am nesta ter\u00e7a, 31"},"content":{"rendered":"\n<figure class=\"wp-block-image size-large is-resized\"><img loading=\"lazy\" decoding=\"async\" width=\"1024\" height=\"558\" src=\"https:\/\/focotocantinense.com.br\/wp-content\/uploads\/2024\/12\/ponte-estreito-1024x558.jpeg\" alt=\"\" class=\"wp-image-9269\" style=\"width:347px;height:auto\" srcset=\"https:\/\/focotocantinense.com.br\/wp-content\/uploads\/2024\/12\/ponte-estreito-1024x558.jpeg 1024w, https:\/\/focotocantinense.com.br\/wp-content\/uploads\/2024\/12\/ponte-estreito-300x163.jpeg 300w, https:\/\/focotocantinense.com.br\/wp-content\/uploads\/2024\/12\/ponte-estreito-768x418.jpeg 768w, https:\/\/focotocantinense.com.br\/wp-content\/uploads\/2024\/12\/ponte-estreito.jpeg 1080w\" sizes=\"auto, (max-width: 1024px) 100vw, 1024px\" \/><\/figure>\n\n\n\n<p><em>Servi\u00e7o foi poss\u00edvel ap\u00f3s articula\u00e7\u00e3o com Governo Federal, Dnit e a empresa Pipes<br><\/em><br><strong>Governo do Tocantins<\/strong><\/p>\n\n\n\n<p>Para garantir agilidade para os condutores que precisam fazer a travessia no trecho entre Aguiarn\u00f3polis\/TO e Estreito\/MA, o governador do Tocantins, Wanderlei Barbosa, articulou com o Governo Federal e com as equipes do Departamento Nacional de Infraestrutura de Transportes (Dnit), o pronto funcionamento de balsas. O servi\u00e7o ser\u00e1 realizado pela empresa de balsas, Pipes Navega\u00e7\u00f5es, que come\u00e7a a operar para pedestres, autom\u00f3veis e caminhonetes nesta ter\u00e7a-feira, 31. A travessia de caminh\u00f5es ser\u00e1 iniciada nesta quarta-feira, 1\u00ba de janeiro.<\/p>\n\n\n\n<figure class=\"wp-block-image size-full is-resized\"><img loading=\"lazy\" decoding=\"async\" width=\"911\" height=\"399\" src=\"https:\/\/focotocantinense.com.br\/wp-content\/uploads\/2024\/12\/balsa-estreito.jpg\" alt=\"\" class=\"wp-image-9270\" style=\"width:365px;height:auto\" srcset=\"https:\/\/focotocantinense.com.br\/wp-content\/uploads\/2024\/12\/balsa-estreito.jpg 911w, https:\/\/focotocantinense.com.br\/wp-content\/uploads\/2024\/12\/balsa-estreito-300x131.jpg 300w, https:\/\/focotocantinense.com.br\/wp-content\/uploads\/2024\/12\/balsa-estreito-768x336.jpg 768w\" sizes=\"auto, (max-width: 911px) 100vw, 911px\" \/><\/figure>\n\n\n\n<p>\u201cEm reuni\u00e3o com membros do Governo Federal demandei de forma emergencial a instala\u00e7\u00e3o do servi\u00e7o de balsas, para aliviar o fluxo das rodovias e garantir agilidade aos trabalhadores que precisam atravessar o trecho diariamente\u201d, afirma o governador, Wanderlei Barbosa.<\/p>\n\n\n\n<p>A medida \u00e9 uma a\u00e7\u00e3o do Governo do Tocantins para garantir a mobilidade da popula\u00e7\u00e3o, al\u00e9m do escoamento de produtos, ap\u00f3s o &nbsp;desabamento da ponte Juscelino Kubitschek de Oliveira, na rodovia federal BR-226.&nbsp;Em aux\u00edlio aos moradores e transeuntes da regi\u00e3o, o Governo do Tocantins trabalha desde o dia 22 de dezembro com o fluxo de transportes em rotas alternativas, com o controle e desvio do tr\u00e1fego por outras rodovias e das balsas j\u00e1 instaladas na localidade.<br><br>O Governo do Tocantins tamb\u00e9m presta apoio aos familiares das v\u00edtimas, al\u00e9m de disponibilizar equipes da Pol\u00edcia Militar do Tocantins (PMTO), do Corpo de Bombeiros Militar (CBMTO) e da Pol\u00edcia Civil para refor\u00e7ar a seguran\u00e7a da regi\u00e3o, al\u00e9m de prestar todo suporte necess\u00e1rio na busca, resgate e identifica\u00e7\u00e3o das v\u00edtimas.<\/p>\n","protected":false},"excerpt":{"rendered":"<p>Servi\u00e7o foi poss\u00edvel ap\u00f3s articula\u00e7\u00e3o com Governo Federal, Dnit e a empresa PipesGoverno do Tocantins Para garantir agilidade para os condutores que precisam fazer a travessia no trecho entre Aguiarn\u00f3polis\/TO e Estreito\/MA, o governador do Tocantins, Wanderlei Barbosa, articulou com o Governo Federal e com as equipes do Departamento Nacional de Infraestrutura de Transportes (Dnit), &hellip;<\/p>\n","protected":false},"author":5,"featured_media":9269,"comment_status":"open","ping_status":"open","sticky":false,"template":"","format":"standard","meta":{"footnotes":""},"categories":[1],"tags":[],"class_list":["post-9268","post","type-post","status-publish","format-standard","has-post-thumbnail","","category-sem-categoria"],"_links":{"self":[{"href":"https:\/\/focotocantinense.com.br\/index.php?rest_route=\/wp\/v2\/posts\/9268","targetHints":{"allow":["GET"]}}],"collection":[{"href":"https:\/\/focotocantinense.com.br\/index.php?rest_route=\/wp\/v2\/posts"}],"about":[{"href":"https:\/\/focotocantinense.com.br\/index.php?rest_route=\/wp\/v2\/types\/post"}],"author":[{"embeddable":true,"href":"https:\/\/focotocantinense.com.br\/index.php?rest_route=\/wp\/v2\/users\/5"}],"replies":[{"embeddable":true,"href":"https:\/\/focotocantinense.com.br\/index.php?rest_route=%2Fwp%2Fv2%2Fcomments&post=9268"}],"version-history":[{"count":1,"href":"https:\/\/focotocantinense.com.br\/index.php?rest_route=\/wp\/v2\/posts\/9268\/revisions"}],"predecessor-version":[{"id":9271,"href":"https:\/\/focotocantinense.com.br\/index.php?rest_route=\/wp\/v2\/posts\/9268\/revisions\/9271"}],"wp:featuredmedia":[{"embeddable":true,"href":"https:\/\/focotocantinense.com.br\/index.php?rest_route=\/wp\/v2\/media\/9269"}],"wp:attachment":[{"href":"https:\/\/focotocantinense.com.br\/index.php?rest_route=%2Fwp%2Fv2%2Fmedia&parent=9268"}],"wp:term":[{"taxonomy":"category","embeddable":true,"href":"https:\/\/focotocantinense.com.br\/index.php?rest_route=%2Fwp%2Fv2%2Fcategories&post=9268"},{"taxonomy":"post_tag","embeddable":true,"href":"https:\/\/focotocantinense.com.br\/index.php?rest_route=%2Fwp%2Fv2%2Ftags&post=9268"}],"curies":[{"name":"wp","href":"https:\/\/api.w.org\/{rel}","templated":true}]}}