{"id":9261,"date":"2024-12-27T07:49:31","date_gmt":"2024-12-27T10:49:31","guid":{"rendered":"https:\/\/focotocantinense.com.br\/?p=9261"},"modified":"2024-12-27T07:49:32","modified_gmt":"2024-12-27T10:49:32","slug":"antonio-andrade-faz-balanco-positivo-das-acoes-desenvolvidas-em-2024-e-celebra-ano-de-muito-trabalho-em-prol-do-tocantins","status":"publish","type":"post","link":"https:\/\/focotocantinense.com.br\/?p=9261","title":{"rendered":"Antonio Andrade faz balan\u00e7o positivo das a\u00e7\u00f5es desenvolvidas em 2024 e celebra ano de muito trabalho em prol do Tocantins"},"content":{"rendered":"\n<p>Este ano, o parlamentar destinou cerca de R$ 15 milh\u00f5es para os munic\u00edpios tocantinenses<\/p>\n\n\n\n<p>Finalizando seu segundo ano de mandato como deputado federal pelo estado do Tocantins, Antonio Andrade (Republicanos) que foi o campe\u00e3o de votos nas elei\u00e7\u00f5es de 2022, tra\u00e7ou um balan\u00e7o dos 365 dias de legislatura em 2024, com muitas conquistas para os munic\u00edpios tocantinenses.<\/p>\n\n\n\n<figure class=\"wp-block-image size-full is-resized\"><img loading=\"lazy\" decoding=\"async\" width=\"682\" height=\"854\" src=\"https:\/\/focotocantinense.com.br\/wp-content\/uploads\/2024\/12\/toinho-foto-1.jpg\" alt=\"\" class=\"wp-image-9262\" style=\"width:370px;height:auto\" srcset=\"https:\/\/focotocantinense.com.br\/wp-content\/uploads\/2024\/12\/toinho-foto-1.jpg 682w, https:\/\/focotocantinense.com.br\/wp-content\/uploads\/2024\/12\/toinho-foto-1-240x300.jpg 240w\" sizes=\"auto, (max-width: 682px) 100vw, 682px\" \/><\/figure>\n\n\n\n<p>O ano do parlamentar foi marcado pela apresenta\u00e7\u00e3o de projetos de lei, vota\u00e7\u00f5es de pautas importantes e destina\u00e7\u00e3o de recursos para \u00e1reas como sa\u00fade, educa\u00e7\u00e3o, seguran\u00e7a p\u00fablica, infraestrutura, dentre outros, consolidando desse modo, um mandato efetivo para a popula\u00e7\u00e3o.<\/p>\n\n\n\n<p>Ao fazer um balan\u00e7o de suas atividades parlamentares este ano, o deputado demonstrou satisfa\u00e7\u00e3o com os resultados alcan\u00e7ados. \u201cFoi um ano de trabalho constante, 12 meses de muita produtividade. Conseguimos avan\u00e7os significativos em diversas \u00e1reas, garantindo benef\u00edcios \u00e0 popula\u00e7\u00e3o do nosso estado. Em 2025, vamos seguir trabalhando com dedica\u00e7\u00e3o e empenho buscando sempre atender as demandas da popula\u00e7\u00e3o\u201d, afirmou o parlamentar.<\/p>\n\n\n\n<figure class=\"wp-block-image size-full\"><img loading=\"lazy\" decoding=\"async\" width=\"984\" height=\"554\" src=\"https:\/\/focotocantinense.com.br\/wp-content\/uploads\/2024\/12\/prefeitura.webp\" alt=\"\" class=\"wp-image-9264\" srcset=\"https:\/\/focotocantinense.com.br\/wp-content\/uploads\/2024\/12\/prefeitura.webp 984w, https:\/\/focotocantinense.com.br\/wp-content\/uploads\/2024\/12\/prefeitura-300x169.webp 300w, https:\/\/focotocantinense.com.br\/wp-content\/uploads\/2024\/12\/prefeitura-768x432.webp 768w\" sizes=\"auto, (max-width: 984px) 100vw, 984px\" \/><\/figure>\n\n\n\n<p>Em rela\u00e7\u00e3o \u00e0 destina\u00e7\u00e3o de recursos para aos munic\u00edpios, Andrade ressaltou que priorizou atender demandas da sa\u00fade, infraestrutura e educa\u00e7\u00e3o. Confira a seguir as cidades beneficiadas com os recursos destinados:<\/p>\n\n\n\n<figure class=\"wp-block-image size-full\"><img loading=\"lazy\" decoding=\"async\" width=\"984\" height=\"574\" src=\"https:\/\/focotocantinense.com.br\/wp-content\/uploads\/2024\/12\/31951619003-98dd095736-k.webp\" alt=\"\" class=\"wp-image-9265\" srcset=\"https:\/\/focotocantinense.com.br\/wp-content\/uploads\/2024\/12\/31951619003-98dd095736-k.webp 984w, https:\/\/focotocantinense.com.br\/wp-content\/uploads\/2024\/12\/31951619003-98dd095736-k-300x175.webp 300w, https:\/\/focotocantinense.com.br\/wp-content\/uploads\/2024\/12\/31951619003-98dd095736-k-768x448.webp 768w\" sizes=\"auto, (max-width: 984px) 100vw, 984px\" \/><\/figure>\n\n\n\n<p>Repasses em conta!<\/p>\n\n\n\n<p>F\u00e1tima: Recapeamento e cal\u00e7amento de vias urbanas e Casa do Vel\u00f3rio. R$ 2 milh\u00f5es.<br>Chapada da Natividade: Recupera\u00e7\u00e3o de estradas vicinais e pontes rurais. R$ 1 milh\u00e3o e 500 mil reais.<br>Lajeado: Festival cultural, esportivo e gastron\u00f4mico. R$ 1 milh\u00e3o.<br>Lagoa da Confus\u00e3o: Constru\u00e7\u00e3o da capela mortu\u00e1ria, constru\u00e7\u00e3o do posto de sa\u00fade, reforma da feira coberta, amplia\u00e7\u00e3o do campo de futebol e drenagem asf\u00e1ltica. R$ 1 milh\u00e3o.<br>Silvan\u00f3polis: Recupera\u00e7\u00e3o de estradas vicinais. R$ 1 milh\u00e3o.<br>Araguatins: Ilumina\u00e7\u00e3o com LED. R$ 1 milh\u00e3o.<br>Miranorte: Ilumina\u00e7\u00e3o com LED. R$ 1 milh\u00e3o.<br>Carmol\u00e2ndia: Ilumina\u00e7\u00e3o com LED. R$ 500 mil reais.<br>Marian\u00f3polis do Tocantins: Aquisi\u00e7\u00e3o de ambul\u00e2ncia. R$ 268.358<br>Lagoa da Confus\u00e3o: APAE de Lagoa. R$ 200 mil reais.<\/p>\n\n\n\n<figure class=\"wp-block-image size-full is-resized\"><img loading=\"lazy\" decoding=\"async\" width=\"194\" height=\"259\" src=\"https:\/\/focotocantinense.com.br\/wp-content\/uploads\/2024\/12\/images.jpg\" alt=\"\" class=\"wp-image-9266\" style=\"width:211px;height:auto\"\/><\/figure>\n\n\n\n<p>O parlamentar conta ainda com mais de R$ 4,7 milh\u00f5es em recursos individuais que est\u00e3o empenhados e aguardando pagamento, destinados a fortalecer \u00e1reas essenciais como sa\u00fade, educa\u00e7\u00e3o e cultura em diversos munic\u00edpios.<\/p>\n\n\n\n<ul class=\"wp-block-list\">\n<li>R$ 1,2 milh\u00e3o destinado \u00e0 aquisi\u00e7\u00e3o de um mam\u00f3grafo para o Hospital Dom Orione, ampliando a capacidade de diagn\u00f3stico e tratamento;<\/li>\n\n\n\n<li>R$ 700 mil que viabilizar\u00e3o a constru\u00e7\u00e3o do audit\u00f3rio do Hospital Regional de Porto Nacional, criando um espa\u00e7o moderno e funcional;<\/li>\n\n\n\n<li>R$ 517.000,00 para a APAE de Porto Nacional;<\/li>\n\n\n\n<li>R$ 268 mil para a compra de uma ambul\u00e2ncia que atender\u00e1 Santa Rosa, garantindo maior agilidade nos atendimentos de emerg\u00eancia;<\/li>\n\n\n\n<li>R$ 300 mil para a aquisi\u00e7\u00e3o de motocicletas em Porto Nacional, otimizando os servi\u00e7os dos agentes de sa\u00fade;<\/li>\n\n\n\n<li>R$ 500 mil destinados ao custeio do Programa de Aten\u00e7\u00e3o Prim\u00e1ria (PAP) no munic\u00edpio de Almas, fortalecendo os cuidados b\u00e1sicos de sa\u00fade.<\/li>\n\n\n\n<li>R$ 500 mil para a Associa\u00e7\u00e3o Nossa Senhora de F\u00e1tima em Porto Nacional;<\/li>\n\n\n\n<li>R$ 200 mil para a Quadrilha Junina Ful\u00f4 de Mandacaru em Porto Nacional;<\/li>\n\n\n\n<li>R$ 500 mil para o Instituto Federal do Tocantins para aquisi\u00e7\u00e3o de \u00f4nibus.<\/li>\n<\/ul>\n\n\n\n<p>Assessoria de Comunica\u00e7\u00e3o \u2013 Deputado Federal Antonio Andrade<\/p>\n","protected":false},"excerpt":{"rendered":"<p>Este ano, o parlamentar destinou cerca de R$ 15 milh\u00f5es para os munic\u00edpios tocantinenses Finalizando seu segundo ano de mandato como deputado federal pelo estado do Tocantins, Antonio Andrade (Republicanos) que foi o campe\u00e3o de votos nas elei\u00e7\u00f5es de 2022, tra\u00e7ou um balan\u00e7o dos 365 dias de legislatura em 2024, com muitas conquistas para os &hellip;<\/p>\n","protected":false},"author":5,"featured_media":9263,"comment_status":"open","ping_status":"open","sticky":false,"template":"","format":"standard","meta":{"footnotes":""},"categories":[1],"tags":[],"class_list":["post-9261","post","type-post","status-publish","format-standard","has-post-thumbnail","","category-sem-categoria"],"_links":{"self":[{"href":"https:\/\/focotocantinense.com.br\/index.php?rest_route=\/wp\/v2\/posts\/9261","targetHints":{"allow":["GET"]}}],"collection":[{"href":"https:\/\/focotocantinense.com.br\/index.php?rest_route=\/wp\/v2\/posts"}],"about":[{"href":"https:\/\/focotocantinense.com.br\/index.php?rest_route=\/wp\/v2\/types\/post"}],"author":[{"embeddable":true,"href":"https:\/\/focotocantinense.com.br\/index.php?rest_route=\/wp\/v2\/users\/5"}],"replies":[{"embeddable":true,"href":"https:\/\/focotocantinense.com.br\/index.php?rest_route=%2Fwp%2Fv2%2Fcomments&post=9261"}],"version-history":[{"count":1,"href":"https:\/\/focotocantinense.com.br\/index.php?rest_route=\/wp\/v2\/posts\/9261\/revisions"}],"predecessor-version":[{"id":9267,"href":"https:\/\/focotocantinense.com.br\/index.php?rest_route=\/wp\/v2\/posts\/9261\/revisions\/9267"}],"wp:featuredmedia":[{"embeddable":true,"href":"https:\/\/focotocantinense.com.br\/index.php?rest_route=\/wp\/v2\/media\/9263"}],"wp:attachment":[{"href":"https:\/\/focotocantinense.com.br\/index.php?rest_route=%2Fwp%2Fv2%2Fmedia&parent=9261"}],"wp:term":[{"taxonomy":"category","embeddable":true,"href":"https:\/\/focotocantinense.com.br\/index.php?rest_route=%2Fwp%2Fv2%2Fcategories&post=9261"},{"taxonomy":"post_tag","embeddable":true,"href":"https:\/\/focotocantinense.com.br\/index.php?rest_route=%2Fwp%2Fv2%2Ftags&post=9261"}],"curies":[{"name":"wp","href":"https:\/\/api.w.org\/{rel}","templated":true}]}}