{"id":9255,"date":"2024-12-19T17:36:37","date_gmt":"2024-12-19T20:36:37","guid":{"rendered":"https:\/\/focotocantinense.com.br\/?p=9255"},"modified":"2024-12-19T17:36:37","modified_gmt":"2024-12-19T20:36:37","slug":"deputado-antonio-andrade-vota-favoravel-pela-extincao-do-dpvat","status":"publish","type":"post","link":"https:\/\/focotocantinense.com.br\/?p=9255","title":{"rendered":"Deputado Antonio Andrade vota favor\u00e1vel pela extin\u00e7\u00e3o do DPVAT"},"content":{"rendered":"\n<p>Com fim do seguro DPVAT, C\u00e2mara conclui vota\u00e7\u00e3o do primeiro projeto do pacote fiscal<\/p>\n\n\n\n<figure class=\"wp-block-image size-full is-resized\"><img loading=\"lazy\" decoding=\"async\" width=\"800\" height=\"450\" src=\"https:\/\/focotocantinense.com.br\/wp-content\/uploads\/2024\/12\/dpvat.jpg\" alt=\"\" class=\"wp-image-9256\" style=\"width:376px;height:auto\" srcset=\"https:\/\/focotocantinense.com.br\/wp-content\/uploads\/2024\/12\/dpvat.jpg 800w, https:\/\/focotocantinense.com.br\/wp-content\/uploads\/2024\/12\/dpvat-300x169.jpg 300w, https:\/\/focotocantinense.com.br\/wp-content\/uploads\/2024\/12\/dpvat-768x432.jpg 768w\" sizes=\"auto, (max-width: 800px) 100vw, 800px\" \/><\/figure>\n\n\n\n<p>A C\u00e2mara dos Deputados aprovou, nesta quarta-feira, 18, o Projeto de Lei Complementar que elimina o SPVAT, o antigo DPVAT. Foram 444 votos favor\u00e1veis e apenas 16 contr\u00e1rios. Com esse resultado, a Lei que \u201crecriou\u201d o seguro h\u00e1 sete meses foi revogada.<\/p>\n\n\n\n<p>Em entrevista, o deputado federal Antonio Andrade (Republicanos) falou sobre seu posicionamento em rela\u00e7\u00e3o \u00e0 pauta.<\/p>\n\n\n\n<figure class=\"wp-block-image size-full is-resized\"><img loading=\"lazy\" decoding=\"async\" width=\"1000\" height=\"750\" src=\"https:\/\/focotocantinense.com.br\/wp-content\/uploads\/2024\/12\/WhatsApp-Image-2024-12-19-at-12.35.25.jpeg\" alt=\"\" class=\"wp-image-9257\" style=\"width:378px;height:auto\" srcset=\"https:\/\/focotocantinense.com.br\/wp-content\/uploads\/2024\/12\/WhatsApp-Image-2024-12-19-at-12.35.25.jpeg 1000w, https:\/\/focotocantinense.com.br\/wp-content\/uploads\/2024\/12\/WhatsApp-Image-2024-12-19-at-12.35.25-300x225.jpeg 300w, https:\/\/focotocantinense.com.br\/wp-content\/uploads\/2024\/12\/WhatsApp-Image-2024-12-19-at-12.35.25-768x576.jpeg 768w\" sizes=\"auto, (max-width: 1000px) 100vw, 1000px\" \/><\/figure>\n\n\n\n<p>\u201cVotei a favor do fim do DPVAT por n\u00e3o ver efici\u00eancia para a popula\u00e7\u00e3o em mais essa cobran\u00e7a. Ap\u00f3s muito di\u00e1logo e trabalho conseguimos derrubar a volta desse imposto que havia sido sancionado em maio desse ano. Essa vit\u00f3ria \u00e9 do povo, que a partir do ano que vem n\u00e3o precisar\u00e1 mais arcar com esse imposto\u201d, concluiu.<\/p>\n\n\n\n<p>Assessoria de Comunica\u00e7\u00e3o \u2013 Deputado Federal Antonio Andrade<\/p>\n","protected":false},"excerpt":{"rendered":"<p>Com fim do seguro DPVAT, C\u00e2mara conclui vota\u00e7\u00e3o do primeiro projeto do pacote fiscal A C\u00e2mara dos Deputados aprovou, nesta quarta-feira, 18, o Projeto de Lei Complementar que elimina o SPVAT, o antigo DPVAT. Foram 444 votos favor\u00e1veis e apenas 16 contr\u00e1rios. Com esse resultado, a Lei que \u201crecriou\u201d o seguro h\u00e1 sete meses foi &hellip;<\/p>\n","protected":false},"author":5,"featured_media":9257,"comment_status":"open","ping_status":"open","sticky":false,"template":"","format":"standard","meta":{"footnotes":""},"categories":[1],"tags":[],"class_list":["post-9255","post","type-post","status-publish","format-standard","has-post-thumbnail","","category-sem-categoria"],"_links":{"self":[{"href":"https:\/\/focotocantinense.com.br\/index.php?rest_route=\/wp\/v2\/posts\/9255","targetHints":{"allow":["GET"]}}],"collection":[{"href":"https:\/\/focotocantinense.com.br\/index.php?rest_route=\/wp\/v2\/posts"}],"about":[{"href":"https:\/\/focotocantinense.com.br\/index.php?rest_route=\/wp\/v2\/types\/post"}],"author":[{"embeddable":true,"href":"https:\/\/focotocantinense.com.br\/index.php?rest_route=\/wp\/v2\/users\/5"}],"replies":[{"embeddable":true,"href":"https:\/\/focotocantinense.com.br\/index.php?rest_route=%2Fwp%2Fv2%2Fcomments&post=9255"}],"version-history":[{"count":1,"href":"https:\/\/focotocantinense.com.br\/index.php?rest_route=\/wp\/v2\/posts\/9255\/revisions"}],"predecessor-version":[{"id":9258,"href":"https:\/\/focotocantinense.com.br\/index.php?rest_route=\/wp\/v2\/posts\/9255\/revisions\/9258"}],"wp:featuredmedia":[{"embeddable":true,"href":"https:\/\/focotocantinense.com.br\/index.php?rest_route=\/wp\/v2\/media\/9257"}],"wp:attachment":[{"href":"https:\/\/focotocantinense.com.br\/index.php?rest_route=%2Fwp%2Fv2%2Fmedia&parent=9255"}],"wp:term":[{"taxonomy":"category","embeddable":true,"href":"https:\/\/focotocantinense.com.br\/index.php?rest_route=%2Fwp%2Fv2%2Fcategories&post=9255"},{"taxonomy":"post_tag","embeddable":true,"href":"https:\/\/focotocantinense.com.br\/index.php?rest_route=%2Fwp%2Fv2%2Ftags&post=9255"}],"curies":[{"name":"wp","href":"https:\/\/api.w.org\/{rel}","templated":true}]}}