{"id":925,"date":"2021-03-11T16:48:54","date_gmt":"2021-03-11T19:48:54","guid":{"rendered":"http:\/\/focotocantinense.com.br\/?p=925"},"modified":"2021-03-11T16:51:10","modified_gmt":"2021-03-11T19:51:10","slug":"saude-abre-vagas-para-contratacao-de-34-medicos-no-tocantins","status":"publish","type":"post","link":"https:\/\/focotocantinense.com.br\/?p=925","title":{"rendered":"Sa\u00fade abre vagas para contrata\u00e7\u00e3o de 34 m\u00e9dicos no Tocantins"},"content":{"rendered":"\n<figure class=\"wp-block-image size-large\"><img loading=\"lazy\" decoding=\"async\" width=\"611\" height=\"419\" src=\"http:\/\/focotocantinense.com.br\/wp-content\/uploads\/2021\/03\/image-7.png\" alt=\"\" class=\"wp-image-926\" srcset=\"https:\/\/focotocantinense.com.br\/wp-content\/uploads\/2021\/03\/image-7.png 611w, https:\/\/focotocantinense.com.br\/wp-content\/uploads\/2021\/03\/image-7-300x206.png 300w, https:\/\/focotocantinense.com.br\/wp-content\/uploads\/2021\/03\/image-7-110x75.png 110w\" sizes=\"auto, (max-width: 611px) 100vw, 611px\" \/><\/figure>\n\n\n\n<p>A Secretaria de Estado da Sa\u00fade (SES) tem trabalhado arduamente no enfrentamento \u00e0 pandemia de Covid-19 e umas das a\u00e7\u00f5es realizadas pela Pasta \u00e9 a amplia\u00e7\u00e3o de leitos. Para a efetiva\u00e7\u00e3o desta tarefa, a SES est\u00e1 com vagas abertas para contrata\u00e7\u00e3o de 34 m\u00e9dicos.<\/p>\n\n\n\n<p>Os interessados podem enviar curr\u00edculo, em formato PDF, para o e-mail sesaucontratos2019@gmail.com ou comparecer ao setor de recursos humanos da SES, em Palmas, esplanada das Secretarias, Pra\u00e7a dos Girass\u00f3is s\/n.<\/p>\n\n\n\n<p>As vagas s\u00e3o para as unidades hospitalares do Estado, sendo oito em Miracema; seis em Guara\u00ed; seis em Para\u00edso do Tocantins; tr\u00eas em Porto Nacional e onze em Gurupi.<\/p>\n\n\n\n<p><strong>Mais informa\u00e7\u00f5es<\/strong><\/p>\n\n\n\n<p>Para mais informa\u00e7\u00f5es os interessados podem ligar na Diretoria de Gest\u00e3o Profissional da SES, nos seguintes telefones (63)3218-1744\/3242\/2706\/1740.<\/p>\n","protected":false},"excerpt":{"rendered":"<p>A Secretaria de Estado da Sa\u00fade (SES) tem trabalhado arduamente no enfrentamento \u00e0 pandemia de Covid-19 e umas das a\u00e7\u00f5es realizadas pela Pasta \u00e9 a amplia\u00e7\u00e3o de leitos. Para a efetiva\u00e7\u00e3o desta tarefa, a SES est\u00e1 com vagas abertas para contrata\u00e7\u00e3o de 34 m\u00e9dicos. Os interessados podem enviar curr\u00edculo, em formato PDF, para o e-mail &hellip;<\/p>\n","protected":false},"author":5,"featured_media":928,"comment_status":"open","ping_status":"open","sticky":false,"template":"","format":"standard","meta":{"footnotes":""},"categories":[38,1],"tags":[],"class_list":["post-925","post","type-post","status-publish","format-standard","has-post-thumbnail","","category-gurupi","category-sem-categoria"],"_links":{"self":[{"href":"https:\/\/focotocantinense.com.br\/index.php?rest_route=\/wp\/v2\/posts\/925","targetHints":{"allow":["GET"]}}],"collection":[{"href":"https:\/\/focotocantinense.com.br\/index.php?rest_route=\/wp\/v2\/posts"}],"about":[{"href":"https:\/\/focotocantinense.com.br\/index.php?rest_route=\/wp\/v2\/types\/post"}],"author":[{"embeddable":true,"href":"https:\/\/focotocantinense.com.br\/index.php?rest_route=\/wp\/v2\/users\/5"}],"replies":[{"embeddable":true,"href":"https:\/\/focotocantinense.com.br\/index.php?rest_route=%2Fwp%2Fv2%2Fcomments&post=925"}],"version-history":[{"count":1,"href":"https:\/\/focotocantinense.com.br\/index.php?rest_route=\/wp\/v2\/posts\/925\/revisions"}],"predecessor-version":[{"id":927,"href":"https:\/\/focotocantinense.com.br\/index.php?rest_route=\/wp\/v2\/posts\/925\/revisions\/927"}],"wp:featuredmedia":[{"embeddable":true,"href":"https:\/\/focotocantinense.com.br\/index.php?rest_route=\/wp\/v2\/media\/928"}],"wp:attachment":[{"href":"https:\/\/focotocantinense.com.br\/index.php?rest_route=%2Fwp%2Fv2%2Fmedia&parent=925"}],"wp:term":[{"taxonomy":"category","embeddable":true,"href":"https:\/\/focotocantinense.com.br\/index.php?rest_route=%2Fwp%2Fv2%2Fcategories&post=925"},{"taxonomy":"post_tag","embeddable":true,"href":"https:\/\/focotocantinense.com.br\/index.php?rest_route=%2Fwp%2Fv2%2Ftags&post=925"}],"curies":[{"name":"wp","href":"https:\/\/api.w.org\/{rel}","templated":true}]}}