{"id":9246,"date":"2024-12-18T10:33:00","date_gmt":"2024-12-18T13:33:00","guid":{"rendered":"https:\/\/focotocantinense.com.br\/?p=9246"},"modified":"2024-12-18T10:33:01","modified_gmt":"2024-12-18T13:33:01","slug":"governo-do-tocantins-impulsiona-politicas-publicas-e-incentivo-a-pratica-esportiva-entre-a-juventude","status":"publish","type":"post","link":"https:\/\/focotocantinense.com.br\/?p=9246","title":{"rendered":"Governo do Tocantins impulsiona pol\u00edticas p\u00fablicas e incentivo a pr\u00e1tica esportiva entre a juventude\u00a0"},"content":{"rendered":"\n<p><em>Em 2024, por meio de a\u00e7\u00f5es e projetos, a Secretaria de Estado dos Esportes e Juventude assegurou o desenvolvimento de pol\u00edticas sociais, visando um futuro promissor para os&nbsp;jovens tocantinenses<\/em><\/p>\n\n\n\n<p><strong>Taianne Moreira\/Governo do Tocantins&nbsp;<\/strong><\/p>\n\n\n\n<p>A pol\u00edtica de juventude \u00e9 intersetorial e est\u00e1 presente em todos os \u00f3rg\u00e3os e \u00e1reas dos setores p\u00fablicos e, de alguma forma, atua direta ou indiretamente com a vida do cidad\u00e3o jovem. Pensando nisso, o Governo do Tocantins, por meio da Secretaria de Estado dos Esportes e Juventude (Seju), esteve presente de norte a sul do estado, em 2024, com projetos e iniciativas voltadas para a juventude. As a\u00e7\u00f5es fortaleceram diferentes \u00e1reas, como a promo\u00e7\u00e3o e a preven\u00e7\u00e3o da sa\u00fade, a inicia\u00e7\u00e3o esportiva, educa\u00e7\u00e3o, inclus\u00e3o digital e o fortalecimento da participa\u00e7\u00e3o social.<\/p>\n\n\n\n<figure class=\"wp-block-image size-large is-resized\"><img loading=\"lazy\" decoding=\"async\" width=\"1024\" height=\"585\" src=\"https:\/\/focotocantinense.com.br\/wp-content\/uploads\/2024\/12\/F5-Palmas-recebeu-no-mes-de-agosto-o-dialogo-regional-do-Youth20-Y20-o-grupo-de-engajamento-da-juventude-do-G20-Foto-Emerson-Silva-Governo-do-Tocantins-1024x585.jpg\" alt=\"\" class=\"wp-image-9248\" style=\"width:426px;height:auto\" srcset=\"https:\/\/focotocantinense.com.br\/wp-content\/uploads\/2024\/12\/F5-Palmas-recebeu-no-mes-de-agosto-o-dialogo-regional-do-Youth20-Y20-o-grupo-de-engajamento-da-juventude-do-G20-Foto-Emerson-Silva-Governo-do-Tocantins-1024x585.jpg 1024w, https:\/\/focotocantinense.com.br\/wp-content\/uploads\/2024\/12\/F5-Palmas-recebeu-no-mes-de-agosto-o-dialogo-regional-do-Youth20-Y20-o-grupo-de-engajamento-da-juventude-do-G20-Foto-Emerson-Silva-Governo-do-Tocantins-300x171.jpg 300w, https:\/\/focotocantinense.com.br\/wp-content\/uploads\/2024\/12\/F5-Palmas-recebeu-no-mes-de-agosto-o-dialogo-regional-do-Youth20-Y20-o-grupo-de-engajamento-da-juventude-do-G20-Foto-Emerson-Silva-Governo-do-Tocantins-768x439.jpg 768w, https:\/\/focotocantinense.com.br\/wp-content\/uploads\/2024\/12\/F5-Palmas-recebeu-no-mes-de-agosto-o-dialogo-regional-do-Youth20-Y20-o-grupo-de-engajamento-da-juventude-do-G20-Foto-Emerson-Silva-Governo-do-Tocantins.jpg 1400w\" sizes=\"auto, (max-width: 1024px) 100vw, 1024px\" \/><\/figure>\n\n\n\n<p>Palmas recebeu, no m\u00eas de agosto, o di\u00e1logo regional do\u00a0Youth20 (Y20),\u00a0o grupo de engajamento da juventude do\u00a0G20, que re\u00fane os pa\u00edses com as maiores economias do mundo &#8211; (Foto: Emerson Silva\/Governo do Tocantins )\u00a0<\/p>\n\n\n\n<p>&#8220;O nosso futuro e o desenvolvimento do estado tamb\u00e9m est\u00e3o nas m\u00e3os da nossa juventude. Por isso, em nossa gest\u00e3o, buscamos proporcionar oportunidades e acesso aos direitos desse p\u00fablico, promovendo inclus\u00e3o e a\u00e7\u00f5es que fortale\u00e7am o desenvolvimento dos nossos jovens. Al\u00e9m disso, os eventos esportivos promoveram a valoriza\u00e7\u00e3o do desporto e da inclus\u00e3o social. Esses momentos s\u00e3o muito importantes para a nossa juventude\u201d, destaca o governador Wanderlei Barbosa.<\/p>\n\n\n\n<p>O secret\u00e1rio de Estado dos Esportes e Juventude, Atos Gomes, explica que uma das miss\u00f5es do Governo do Tocantins \u00e9 levar informa\u00e7\u00f5es, programas, projetos e servi\u00e7os para a juventude tocantinense. \u201cO objetivo da Seju \u00e9 criar ambientes prop\u00edcios para o desenvolvimento da juventude. Durante o segundo semestre deste ano, de forma integrada com outras secretarias e institui\u00e7\u00f5es, desenvolvemos a\u00e7\u00f5es que geraram o fortalecimento das pol\u00edticas p\u00fablicas e a dissemina\u00e7\u00e3o do conhecimento dos direitos que fazem parte da vida dos nossos jovens\u201d, refor\u00e7a.&nbsp;&nbsp;&nbsp;<\/p>\n\n\n\n<p>Desenvolvida pelo Governo do Tocantins, a 2\u00aa edi\u00e7\u00e3o do projeto&nbsp;<em>Conecta Jovem<\/em>&nbsp;percorreu as cidades de Palmas, Dian\u00f3polis, Para\u00edso, Guara\u00ed, Pedro Afonso, Tupirama e Araguatins e envolveu diretamente mais de 800 jovens. A a\u00e7\u00e3o itinerante criou espa\u00e7os p\u00fablicos acess\u00edveis e inclusivos, levando as pol\u00edticas p\u00fablicas de juventude \u00e0s institui\u00e7\u00f5es de ensino da rede estadual. Dessa forma, o projeto disseminou informa\u00e7\u00f5es acerca de a\u00e7\u00f5es voltadas \u00e0 juventude, por meio de palestras, mesa-redonda e oficinas relacionadas aos direitos da juventude; produ\u00e7\u00e3o de v\u00eddeos para redes sociais; primeiros socorros e combate a inc\u00eandio; empregabilidade e futuro do mercado de trabalho; entre outras tem\u00e1ticas. A programa\u00e7\u00e3o contou com a parceria do Corpo de Bombeiros Militar, da Secretaria de Estado da Educa\u00e7\u00e3o (Seduc), do Servi\u00e7o Brasileiro de Apoio \u00e0s Micro e Pequenas Empresas (Sebrae)&nbsp;e da Rede Nacional de Aprendizagem, Promo\u00e7\u00e3o Social e Integra\u00e7\u00e3o (Renapsi).<\/p>\n\n\n\n<p>&nbsp;As a\u00e7\u00f5es do&nbsp;<em>Conecta Jovem<\/em>&nbsp;t\u00eam fortalecido a participa\u00e7\u00e3o social de estudantes como a Maria Eduarda Reis, do 1\u00ba ano do ensino m\u00e9dio do Col\u00e9gio Militar Duque de Caxias, de Taquaru\u00e7u, distrito de Palmas. \u201cO projeto aborda v\u00e1rios assuntos como comunica\u00e7\u00e3o, primeiros socorros e as pol\u00edticas p\u00fablicas da juventude. \u00c9 muito interessante, porque os alunos ficam cientes dos seus direitos e podem divulgar essas informa\u00e7\u00f5es fora do ambiente escolar\u201d, refor\u00e7a a jovem.&nbsp;<\/p>\n\n\n\n<p>No m\u00eas de agosto, Palmas recebeu o di\u00e1logo regional do&nbsp;<em>Youth20<\/em>&nbsp;(Y20),&nbsp;o grupo de engajamento da juventude do&nbsp;<em>G20<\/em>, que re\u00fane os pa\u00edses com as maiores economias do mundo. A programa\u00e7\u00e3o contou com plen\u00e1rias e grupos de trabalho que discutiram temas como: inclus\u00e3o e diversidade; e transi\u00e7\u00e3o energ\u00e9tica e desenvolvimento sustent\u00e1vel; al\u00e9m de inova\u00e7\u00e3o e do futuro do mundo do trabalho. O evento no Tocantins reuniu representantes nacionais do&nbsp;Y20, da Secretaria Nacional de Juventude (SNJ), do Conselho Nacional de Juventude (Conjuve), da sociedade civil, das institui\u00e7\u00f5es de ensino federais e estaduais, lideran\u00e7as jovens, estudantes e gestores municipais de juventude e esporte. O evento teve como objetivos promover o di\u00e1logo entre os jovens, contribuir para as discuss\u00f5es sobre a agenda priorit\u00e1ria da juventude e a formular pol\u00edticas p\u00fablicas.<\/p>\n\n\n\n<p><strong>Incentivo \u00e0 pr\u00e1tica esportiva<\/strong><\/p>\n\n\n\n<p>Durante o segundo semestre, o Governo do Tocantins desenvolveu competi\u00e7\u00f5es esportivas com a participa\u00e7\u00e3o da juventude. Foram desenvolvidas a\u00e7\u00f5es de fortalecimento de projetos de inicia\u00e7\u00e3o esportiva desenvolvidos pela Seju, como a&nbsp;<em>Escolinha Nilton Santos<\/em>, em Palmas e Aragua\u00edna, al\u00e9m da&nbsp;<em>Escolinha de Karat\u00ea Formando Campe\u00f5es<\/em>, desenvolvida na Capital, que atende crian\u00e7as e jovens de 5 a 17 anos.<\/p>\n\n\n\n<p>Em dezembro, cerca de 1,2 mil competidores, entre crian\u00e7as, jovens, adultos e idosos, participaram da 23\u00aa edi\u00e7\u00e3o da corrida de rua mais tradicional do Estado, a&nbsp;<em>Meia Maratona do Tocantins<\/em>. Tamb\u00e9m contou com a participa\u00e7\u00e3o de mais de 300 pessoas envolvidas entre&nbsp;staffs, fisioterapeutas, t\u00e9cnicos das mais diversas \u00e1reas e for\u00e7as de seguran\u00e7a como Pol\u00edcia Militar do Tocantins (PM\/TO), Departamento Estadual de Tr\u00e2nsito (Detran\/TO), Corpo de Bombeiros Militar do Tocantins (CBMTO), Ex\u00e9rcito, Secretaria Municipal de Seguran\u00e7a e Mobilidade Urbana (Sesmu), entre outras institui\u00e7\u00f5es.&nbsp;<\/p>\n\n\n\n<p>A&nbsp;<em>Meia Maratona<\/em>&nbsp;reuniu competidores de estados como Tocantins, Maranh\u00e3o, Amap\u00e1, Para\u00edba, Par\u00e1, Bahia e Goi\u00e1s nas dist\u00e2ncias de 21 km, 10 km, 5 km e na corrida infantil. Al\u00e9m do incentivo \u00e0 pr\u00e1tica esportiva entre diferentes p\u00fablicos, a realiza\u00e7\u00e3o das provas tamb\u00e9m tem como finalidade a prepara\u00e7\u00e3o dos atletas tocantinenses para a&nbsp;<em>Corrida Internacional de S\u00e3o Silvestre<\/em>, realizada anualmente em S\u00e3o Paulo, no dia 31 de dezembro.&nbsp;<\/p>\n\n\n\n<p>Em novembro, o Governo do Tocantins, em parceria com a Associa\u00e7\u00e3o Handvida, fortaleceu a inicia\u00e7\u00e3o esportiva com a realiza\u00e7\u00e3o da&nbsp;<em>Copa Palmas de Handebol<\/em>. A competi\u00e7\u00e3o impulsionou a modalidade entre crian\u00e7as e jovens, de 12 a 21 anos, nas categorias infantil, cadete, juvenil e j\u00fanior. O torneio foi realizado no Col\u00e9gio da Pol\u00edcia Militar Unidade I e reuniu associa\u00e7\u00f5es esportivas e institui\u00e7\u00f5es de ensino de Tocant\u00ednia, Augustin\u00f3polis e Palmas. O evento contou com premia\u00e7\u00f5es em dinheiro, al\u00e9m de trof\u00e9us e medalhas.&nbsp;<\/p>\n\n\n\n<p>No segundo semestre de 2024, a Secretaria de Estado dos Esportes e Juventude, em parceria com o Instituto Agape (Associa\u00e7\u00e3o Guaraiense de Apoio \u00e0 Pr\u00e1tica Esportiva), promoveu em Guara\u00ed, Ponte Alta do Tocantins e Gurupi, a 1\u00aa edi\u00e7\u00e3o da&nbsp;<em>Copa Cerrado de Futsal Estudantil<\/em>.&nbsp;A competi\u00e7\u00e3o teve como objetivos democratizar e incentivar a pr\u00e1tica desportiva no estado entre o p\u00fablico jovem. Os campe\u00f5es, vice-campe\u00f5es e 3\u00ba colocados no feminino e masculino receberam trof\u00e9us e medalhas.&nbsp;<\/p>\n\n\n\n<p>O Governo do Tocantins realizou nos meses de julho e agosto, no gin\u00e1sio Neblina, em Aragua\u00edna, a&nbsp;<em>Copa do Trabalhador de Futsal<\/em>. O evento reuniu atletas de todas as idades, de Aragua\u00edna, Angico, Darcin\u00f3polis, Guara\u00ed, Piraqu\u00ea, Barrol\u00e2ndia, Santa F\u00e9, Wanderl\u00e2ndia, Barra do Ouro, Araguan\u00e3, Carmol\u00e2ndia, Muricil\u00e2ndia, Aragominas, Carmol\u00e2ndia e Carolina (MA), no masculino sub-9, sub-11, sub-13, sub-15, sub-17, sub-20, aberto, master 35 +, master 40 +, master 45 + e master 50 + e feminino, sub-15, sub-20, aberto e master 25 +.&nbsp;<\/p>\n\n\n\n<p>A&nbsp;<em>Copa do Trabalhador<\/em>&nbsp;fomentou a economia local, com uma premia\u00e7\u00e3o de R$ 48 mil, al\u00e9m de trof\u00e9us e medalhas. Tamb\u00e9m gerou a contrata\u00e7\u00e3o direta de profissionais da comunica\u00e7\u00e3o que atuaram em mais de 185 horas de transmiss\u00f5es dos jogos pelo YouTube da Seju Tocantins, al\u00e9m de \u00e1rbitros, mes\u00e1rios e servi\u00e7os gerais. A competi\u00e7\u00e3o, na regi\u00e3o norte do Estado, fomentou o esporte e o lazer com a participa\u00e7\u00e3o de mais de 200 equipes que disputaram 191 jogos e 1.363 gols, uma m\u00e9dia de 7,1 gols por partida.&nbsp;<\/p>\n\n\n\n<p>Em julho, o Governo do Tocantins desenvolveu a 2\u00aa edi\u00e7\u00e3o do projeto&nbsp;<em>Esporte Ver\u00e3o<\/em>.&nbsp;A a\u00e7\u00e3o itinerante da Secretaria de Estado dos Esportes e Juventude, em parceria com as prefeituras municipais e a Federa\u00e7\u00e3o Tocantinense de Futev\u00f4lei (FTFV), foi desenvolvida em Araguacema, Paran\u00e3, Tupiratins, Caseara, Luzimangues (Porto Nacional), Rio dos Bois e Filad\u00e9lfia. As estruturas montadas \u00e0s margens de rios e lagos tocantinenses receberam ainda competidores do Maranh\u00e3o, de Goi\u00e1s e do Distrito Federal nas disputas do futev\u00f4lei, beach soccer e v\u00f4lei de praia.&nbsp;&nbsp;<\/p>\n\n\n\n<p>Para fortalecer as pr\u00e1ticas desportivas e o lazer entre crian\u00e7as e jovens, no m\u00eas de julho, o Governo do Tocantins promoveu, em Palmas, a&nbsp;<em>1\u00aa edi\u00e7\u00e3o da&nbsp;Copa Nilton Santos de Futebol de Base<\/em>. A competi\u00e7\u00e3o reuniu 120 equipes e mais de 1,9 mil atletas, de Palmas, Aragua\u00edna, Para\u00edso, Porto Nacional, Ponte Alta do Tocantins, Lagoa da Confus\u00e3o, Santa Rita, Concei\u00e7\u00e3o e Novo Acordo. O evento envolveu os atletas no sub-7, sub-9, sub-11, sub-13, sub-15 e sub-17 (masculino) e sub-15 e sub-18 (feminino).&nbsp;&nbsp;<\/p>\n\n\n\n<p>A Secretaria de Estado dos Esportes e Juventude transmitiu todas as partidas da&nbsp;<em>Copa Nilton Santos&nbsp;<\/em>pelo YouTube, com 5 jogos simult\u00e2neos. Ao final, foram 52.094 espectadores, em 174 minutos de transmiss\u00e3o. Al\u00e9m de fomentar os esportes, o evento fortaleceu a economia com a contrata\u00e7\u00e3o direta de quase 70 profissionais (cinegrafistas, editores de imagem, narradores, rep\u00f3rteres de campo, \u00e1rbitros, mes\u00e1rios, eletricistas, g\u00e2ndula, guarda-noturno, servi\u00e7os gerais, marcador de campo e bombeiros civis).<\/p>\n\n\n\n<figure class=\"wp-block-image size-large\"><img loading=\"lazy\" decoding=\"async\" width=\"1024\" height=\"585\" src=\"https:\/\/focotocantinense.com.br\/wp-content\/uploads\/2024\/12\/F15-Em-setembro-com-um-investimento-de-R-2-milhoes-o-Governo-do-Tocantins-reafirmou-o-compromisso-com-a-juventude-de-Mateiros-e-entregou-Centro-Poliesportivo-divulgacao-GovTO-1024x585.jpg\" alt=\"\" class=\"wp-image-9249\" srcset=\"https:\/\/focotocantinense.com.br\/wp-content\/uploads\/2024\/12\/F15-Em-setembro-com-um-investimento-de-R-2-milhoes-o-Governo-do-Tocantins-reafirmou-o-compromisso-com-a-juventude-de-Mateiros-e-entregou-Centro-Poliesportivo-divulgacao-GovTO-1024x585.jpg 1024w, https:\/\/focotocantinense.com.br\/wp-content\/uploads\/2024\/12\/F15-Em-setembro-com-um-investimento-de-R-2-milhoes-o-Governo-do-Tocantins-reafirmou-o-compromisso-com-a-juventude-de-Mateiros-e-entregou-Centro-Poliesportivo-divulgacao-GovTO-300x171.jpg 300w, https:\/\/focotocantinense.com.br\/wp-content\/uploads\/2024\/12\/F15-Em-setembro-com-um-investimento-de-R-2-milhoes-o-Governo-do-Tocantins-reafirmou-o-compromisso-com-a-juventude-de-Mateiros-e-entregou-Centro-Poliesportivo-divulgacao-GovTO-768x439.jpg 768w, https:\/\/focotocantinense.com.br\/wp-content\/uploads\/2024\/12\/F15-Em-setembro-com-um-investimento-de-R-2-milhoes-o-Governo-do-Tocantins-reafirmou-o-compromisso-com-a-juventude-de-Mateiros-e-entregou-Centro-Poliesportivo-divulgacao-GovTO-1536x878.jpg 1536w, https:\/\/focotocantinense.com.br\/wp-content\/uploads\/2024\/12\/F15-Em-setembro-com-um-investimento-de-R-2-milhoes-o-Governo-do-Tocantins-reafirmou-o-compromisso-com-a-juventude-de-Mateiros-e-entregou-Centro-Poliesportivo-divulgacao-GovTO-2048x1171.jpg 2048w\" sizes=\"auto, (max-width: 1024px) 100vw, 1024px\" \/><\/figure>\n\n\n\n<p><strong>Mais esportes&nbsp;<\/strong><\/p>\n\n\n\n<p>Para promover o lazer, o fomento aos esportes e os momentos de confraterniza\u00e7\u00e3o, o Governo do Tocantins, por meio da Seju, realizou, no 2\u00ba semestre deste ano, os&nbsp;<em>Jogos dos Servidores<\/em>.&nbsp;A competi\u00e7\u00e3o reuniu profissionais de diferentes \u00e1reas nas disputas do futsal, do futebol society e do voleibol nas etapas regionais (Palmas, Aragua\u00edna e Gurupi) e na etapa final, al\u00e9m do v\u00f4lei de praia, futev\u00f4lei, xadrez, t\u00eanis de mesa e corrida de rua, na fase estadual.&nbsp;<\/p>\n\n\n\n<p><\/p>\n\n\n\n<p>Ainda no 2\u00ba semestre, o Est\u00e1dio Pereir\u00e3o, em Para\u00edso do Tocantins, tornou-se palco da decis\u00e3o da maior competi\u00e7\u00e3o de futebol amador j\u00e1 realizada no estado e uma das maiores do pa\u00eds. O \u00cdbis Esporte Clube venceu a Sele\u00e7\u00e3o de Paran\u00e3 e tornou-se o campe\u00e3o da 3\u00aa edi\u00e7\u00e3o do&nbsp;<em>Cop\u00e3o Tocantins de Futebol Amador.<\/em>&nbsp;Com a participa\u00e7\u00e3o de 180 equipes, de 121 munic\u00edpios, o evento esportivo fortaleceu a economia, com investimentos de R$ 535.778,12, sendo R$ 184 mil em premia\u00e7\u00f5es e R$ 351.778,12 em despesas de arbitragem e log\u00edstica. A fase estadual reuniu os campe\u00f5es e os vice-campe\u00f5es das oito regionais (<em>Cop\u00e3o Sul, Cop\u00e3o Norte, Cop\u00e3o Sudeste, Cop\u00e3o do Vale, Cop\u00e3o Meio Norte, Cop\u00e3o Jalap\u00e3o, Cop\u00e3o Centro e Cop\u00e3o Sudeste<\/em>), que receberam R$ 10 mil e R$ 3 mil, respectivamente.<\/p>\n\n\n\n<figure class=\"wp-block-image size-large\"><img loading=\"lazy\" decoding=\"async\" width=\"1024\" height=\"585\" src=\"https:\/\/focotocantinense.com.br\/wp-content\/uploads\/2024\/12\/F16-Com-investimento-de-mais-de-R17-milhao-em-agosto-o-governador-do-Tocantins-Wanderlei-Barbosa-entregou-para-a-populacao-de-Dianopolis-o-Ginasio-Poliesportivo-Solon-Povoa-Foto-Emerson-Silva-1024x585.jpg\" alt=\"\" class=\"wp-image-9250\" srcset=\"https:\/\/focotocantinense.com.br\/wp-content\/uploads\/2024\/12\/F16-Com-investimento-de-mais-de-R17-milhao-em-agosto-o-governador-do-Tocantins-Wanderlei-Barbosa-entregou-para-a-populacao-de-Dianopolis-o-Ginasio-Poliesportivo-Solon-Povoa-Foto-Emerson-Silva-1024x585.jpg 1024w, https:\/\/focotocantinense.com.br\/wp-content\/uploads\/2024\/12\/F16-Com-investimento-de-mais-de-R17-milhao-em-agosto-o-governador-do-Tocantins-Wanderlei-Barbosa-entregou-para-a-populacao-de-Dianopolis-o-Ginasio-Poliesportivo-Solon-Povoa-Foto-Emerson-Silva-300x171.jpg 300w, https:\/\/focotocantinense.com.br\/wp-content\/uploads\/2024\/12\/F16-Com-investimento-de-mais-de-R17-milhao-em-agosto-o-governador-do-Tocantins-Wanderlei-Barbosa-entregou-para-a-populacao-de-Dianopolis-o-Ginasio-Poliesportivo-Solon-Povoa-Foto-Emerson-Silva-768x439.jpg 768w, https:\/\/focotocantinense.com.br\/wp-content\/uploads\/2024\/12\/F16-Com-investimento-de-mais-de-R17-milhao-em-agosto-o-governador-do-Tocantins-Wanderlei-Barbosa-entregou-para-a-populacao-de-Dianopolis-o-Ginasio-Poliesportivo-Solon-Povoa-Foto-Emerson-Silva.jpg 1400w\" sizes=\"auto, (max-width: 1024px) 100vw, 1024px\" \/><\/figure>\n\n\n\n<p><strong>Apoios<\/strong><\/p>\n\n\n\n<p>No m\u00eas de setembro, com o apoio do Governo do Tocantins, o badminton de Porto Nacional foi destaque no&nbsp;<em>Circuito Nacional Top 16<\/em>, realizado em Cuiab\u00e1\/MT. Durante o torneio, o estado conquistou o t\u00edtulo na dupla masculina; 2\u00ba lugar no individual masculino e na dupla mista; e 3\u00ba lugar no individual masculino. Com esses resultados, o Tocantins garantiu tr\u00eas vagas para o&nbsp;<em>Campeonato Sul-Americano<\/em>,&nbsp;no Chile.&nbsp;&nbsp;<\/p>\n\n\n\n<p>Em julho, com o apoio do Governo do Tocantins, a jovem ciclista de 27 anos, Helen Valentinne, foi destaque no&nbsp;<em>Campeonato Brasileiro de Downhill<\/em>,&nbsp;em Pomerode\/SC. A atleta de Palmas consagrou-se vice-campe\u00e3 brasileira na categoria Elite. \u201cFoi uma experi\u00eancia incr\u00edvel. Como atleta, foi um sonho realizado e voltar&nbsp;para&nbsp;casa com a bandeira do nosso estado, levando o vice-campeonato, \u00e9 uma experi\u00eancia incr\u00edvel. Tudo isso gra\u00e7as \u00e0 Secretaria de Estado dos Esportes e Juventude, que forneceu apoio durante a corrida. Foram 2.500 km, literalmente do Norte ao Sul, tudo por acreditarem no potencial que os atletas tocantinenses t\u00eam. Espero poder trazer muito mais resultados para o nosso estado, que tem atletas brilhantes em diversos esportes\u201d, destacou a vice-campe\u00e3 brasileira.<\/p>\n\n\n\n<p>Pela primeira vez na hist\u00f3ria, em julho, o Tocantins recebeu o&nbsp;<em>TMB Challenge Plus<\/em>, etapa do&nbsp;<em>Circuito Nacional de T\u00eanis de Mesa<\/em>. A competi\u00e7\u00e3o promovida pela Confedera\u00e7\u00e3o Brasileira de T\u00eanis de Mesa (CBTM) e pela Federa\u00e7\u00e3o do Tocantins de T\u00eanis de Mesa (FTTM), contou com o apoio do Governo do Tocantins, por meio da Secretaria de Estado dos Esportes e Juventude (Seju).&nbsp; O evento reuniu 220 atletas de Santa Catarina, Goi\u00e1s, S\u00e3o Paulo, Rio Grande do Norte, Bahia, Maranh\u00e3o, Par\u00e1, Mato Grosso, Mato Grosso do Sul, Amazonas, Rio de Janeiro, Tocantins e Distrito Federal.<\/p>\n\n\n\n<p><strong>Mais investimentos<\/strong><\/p>\n\n\n\n<p>O Governo do Tocantins vem mudando a realidade dos munic\u00edpios, por meio de investimentos nas pra\u00e7as esportivas, seja com recursos pr\u00f3prios ou por meio do&nbsp;<em>Programa de Fortalecimento da Economia e Gera\u00e7\u00e3o de Emprego<\/em>. O objetivo \u00e9 criar ambientes modernos e adequados para as pr\u00e1ticas esportivas em todo o estado.<\/p>\n\n\n\n<p>Em setembro, com um investimento de R$ 2 milh\u00f5es, o Governo do Tocantins reafirmou o compromisso com a juventude de Mateiros e entregou o Centro Poliesportivo Leide Pereira Nunes. A obra, executada por meio de conv\u00eanio com a Prefeitura Municipal, oferece \u00e0 comunidade novas oportunidades de lazer e inclus\u00e3o social para crian\u00e7as, adolescentes e jovens da regi\u00e3o do Jalap\u00e3o.&nbsp;&nbsp;&nbsp;<\/p>\n\n\n\n<p>No m\u00eas de agosto, o governador do Tocantins, Wanderlei Barbosa, entregou para a popula\u00e7\u00e3o de Dian\u00f3polis o Gin\u00e1sio Poliesportivo S\u00f3lon P\u00f3voa Filho totalmente reformado. A pra\u00e7a esportiva administrada pela Secretaria de Estado dos Esportes e Juventude passou por uma reestrutura\u00e7\u00e3o que incluiu melhorias na acessibilidade, paisagismo, vesti\u00e1rios e banheiros, nivelamento do piso da quadra, adapta\u00e7\u00f5es nas arquibancadas, substitui\u00e7\u00e3o da ilumina\u00e7\u00e3o, drenagem externa, pintura, entre outras adequa\u00e7\u00f5es. Com um investimento total de R$ 1.758.566,81, a obra \u00e9 um resgate do Governo do Tocantins que beneficia a juventude e os desportistas.<\/p>\n","protected":false},"excerpt":{"rendered":"<p>Em 2024, por meio de a\u00e7\u00f5es e projetos, a Secretaria de Estado dos Esportes e Juventude assegurou o desenvolvimento de pol\u00edticas sociais, visando um futuro promissor para os&nbsp;jovens tocantinenses Taianne Moreira\/Governo do Tocantins&nbsp; A pol\u00edtica de juventude \u00e9 intersetorial e est\u00e1 presente em todos os \u00f3rg\u00e3os e \u00e1reas dos setores p\u00fablicos e, de alguma forma, &hellip;<\/p>\n","protected":false},"author":5,"featured_media":9247,"comment_status":"open","ping_status":"open","sticky":false,"template":"","format":"standard","meta":{"footnotes":""},"categories":[1],"tags":[],"class_list":["post-9246","post","type-post","status-publish","format-standard","has-post-thumbnail","","category-sem-categoria"],"_links":{"self":[{"href":"https:\/\/focotocantinense.com.br\/index.php?rest_route=\/wp\/v2\/posts\/9246","targetHints":{"allow":["GET"]}}],"collection":[{"href":"https:\/\/focotocantinense.com.br\/index.php?rest_route=\/wp\/v2\/posts"}],"about":[{"href":"https:\/\/focotocantinense.com.br\/index.php?rest_route=\/wp\/v2\/types\/post"}],"author":[{"embeddable":true,"href":"https:\/\/focotocantinense.com.br\/index.php?rest_route=\/wp\/v2\/users\/5"}],"replies":[{"embeddable":true,"href":"https:\/\/focotocantinense.com.br\/index.php?rest_route=%2Fwp%2Fv2%2Fcomments&post=9246"}],"version-history":[{"count":1,"href":"https:\/\/focotocantinense.com.br\/index.php?rest_route=\/wp\/v2\/posts\/9246\/revisions"}],"predecessor-version":[{"id":9251,"href":"https:\/\/focotocantinense.com.br\/index.php?rest_route=\/wp\/v2\/posts\/9246\/revisions\/9251"}],"wp:featuredmedia":[{"embeddable":true,"href":"https:\/\/focotocantinense.com.br\/index.php?rest_route=\/wp\/v2\/media\/9247"}],"wp:attachment":[{"href":"https:\/\/focotocantinense.com.br\/index.php?rest_route=%2Fwp%2Fv2%2Fmedia&parent=9246"}],"wp:term":[{"taxonomy":"category","embeddable":true,"href":"https:\/\/focotocantinense.com.br\/index.php?rest_route=%2Fwp%2Fv2%2Fcategories&post=9246"},{"taxonomy":"post_tag","embeddable":true,"href":"https:\/\/focotocantinense.com.br\/index.php?rest_route=%2Fwp%2Fv2%2Ftags&post=9246"}],"curies":[{"name":"wp","href":"https:\/\/api.w.org\/{rel}","templated":true}]}}