{"id":9218,"date":"2024-12-17T14:47:03","date_gmt":"2024-12-17T17:47:03","guid":{"rendered":"https:\/\/focotocantinense.com.br\/?p=9218"},"modified":"2024-12-17T14:58:58","modified_gmt":"2024-12-17T17:58:58","slug":"diplomacao-dos-eleitos-em-formoso-do-araguaia-celebra-democracia-e-compromisso-com-o-futuro","status":"publish","type":"post","link":"https:\/\/focotocantinense.com.br\/?p=9218","title":{"rendered":"Diploma\u00e7\u00e3o dos Eleitos em Formoso do Araguaia Celebra Democracia e Compromisso com o Futuro"},"content":{"rendered":"\n<p><strong>Por Jonas Amaral<\/strong><\/p>\n\n\n\n<p>Na manh\u00e3 desta ter\u00e7a-feira (17), o plen\u00e1rio da C\u00e2mara Municipal de Formoso do Araguaia esteve lotado para a cerim\u00f4nia de diploma\u00e7\u00e3o dos eleitos para os mandatos de 2025 a 2028. Organizada pela Justi\u00e7a Eleitoral e conduzida pelo juiz Dr. Valdemir Braga de Aquino Mendon\u00e7a, a solenidade oficializou a posse dos candidatos escolhidos democraticamente pela popula\u00e7\u00e3o de Formoso do Araguaia, marcando o in\u00edcio de um novo ciclo pol\u00edtico para o munic\u00edpio.<\/p>\n\n\n\n<figure class=\"wp-block-image size-large is-resized\"><img loading=\"lazy\" decoding=\"async\" width=\"1024\" height=\"577\" src=\"https:\/\/focotocantinense.com.br\/wp-content\/uploads\/2024\/12\/Diplomacao-Formoso-4-1024x577.jpg\" alt=\"\" class=\"wp-image-9219\" style=\"width:357px;height:auto\" srcset=\"https:\/\/focotocantinense.com.br\/wp-content\/uploads\/2024\/12\/Diplomacao-Formoso-4-1024x577.jpg 1024w, https:\/\/focotocantinense.com.br\/wp-content\/uploads\/2024\/12\/Diplomacao-Formoso-4-300x169.jpg 300w, https:\/\/focotocantinense.com.br\/wp-content\/uploads\/2024\/12\/Diplomacao-Formoso-4-768x432.jpg 768w, https:\/\/focotocantinense.com.br\/wp-content\/uploads\/2024\/12\/Diplomacao-Formoso-4.jpg 1300w\" sizes=\"auto, (max-width: 1024px) 100vw, 1024px\" \/><\/figure>\n\n\n\n<p><\/p>\n\n\n\n<p><strong>A import\u00e2ncia do processo democr\u00e1tico<\/strong><\/p>\n\n\n\n<p>O juiz Dr. Valdemir Braga de Aquino Mendon\u00e7a ressaltou a import\u00e2ncia da democracia e da colabora\u00e7\u00e3o de diversos setores para o \u00eaxito das elei\u00e7\u00f5es<em>. \u201cEste sucesso n\u00e3o se limita apenas \u00e0 Justi\u00e7a Eleitoral, mas \u00e9 fruto da contribui\u00e7\u00e3o de toda a comunidade, das lideran\u00e7as ind\u00edgenas, parlamentares, coliga\u00e7\u00f5es, for\u00e7as policiais e muito mais\u201d<\/em>, destacou, enfatizando a seriedade do processo eleitoral.<\/p>\n\n\n\n<figure class=\"wp-block-image size-large is-resized\"><img loading=\"lazy\" decoding=\"async\" width=\"1024\" height=\"577\" src=\"https:\/\/focotocantinense.com.br\/wp-content\/uploads\/2024\/12\/Diplomacao-Formoso-4-1-1024x577.jpg\" alt=\"\" class=\"wp-image-9222\" style=\"width:373px;height:auto\" srcset=\"https:\/\/focotocantinense.com.br\/wp-content\/uploads\/2024\/12\/Diplomacao-Formoso-4-1-1024x577.jpg 1024w, https:\/\/focotocantinense.com.br\/wp-content\/uploads\/2024\/12\/Diplomacao-Formoso-4-1-300x169.jpg 300w, https:\/\/focotocantinense.com.br\/wp-content\/uploads\/2024\/12\/Diplomacao-Formoso-4-1-768x432.jpg 768w, https:\/\/focotocantinense.com.br\/wp-content\/uploads\/2024\/12\/Diplomacao-Formoso-4-1.jpg 1300w\" sizes=\"auto, (max-width: 1024px) 100vw, 1024px\" \/><\/figure>\n\n\n\n<p><\/p>\n\n\n\n<p><strong>A presen\u00e7a de lideran\u00e7as pol\u00edticas<\/strong><\/p>\n\n\n\n<p>O vice-governador do Tocantins, Laurez Moreira, tamb\u00e9m marcou presen\u00e7a na cerim\u00f4nia. Ele parabenizou os eleitos e refor\u00e7ou o compromisso do governo estadual em colaborar com o desenvolvimento de Formoso do Araguaia e Duer\u00e9.&nbsp;<em>\u201c\u00c9 um momento importante para mim, pois \u00e9 o reconhecimento da decis\u00e3o do povo. O governo do Tocantins estar\u00e1 sempre de portas abertas para apoiar o progresso de nossas cidades\u201d,&nbsp;<\/em>afirmou Moreira, destacando seu desejo de contribuir para a melhoria das condi\u00e7\u00f5es de vida da popula\u00e7\u00e3o.<\/p>\n\n\n\n<figure class=\"wp-block-image size-large\"><img loading=\"lazy\" decoding=\"async\" width=\"1024\" height=\"577\" src=\"https:\/\/focotocantinense.com.br\/wp-content\/uploads\/2024\/12\/Diplomacao-Formoso-9-1024x577.jpg\" alt=\"\" class=\"wp-image-9226\" srcset=\"https:\/\/focotocantinense.com.br\/wp-content\/uploads\/2024\/12\/Diplomacao-Formoso-9-1024x577.jpg 1024w, https:\/\/focotocantinense.com.br\/wp-content\/uploads\/2024\/12\/Diplomacao-Formoso-9-300x169.jpg 300w, https:\/\/focotocantinense.com.br\/wp-content\/uploads\/2024\/12\/Diplomacao-Formoso-9-768x432.jpg 768w, https:\/\/focotocantinense.com.br\/wp-content\/uploads\/2024\/12\/Diplomacao-Formoso-9.jpg 1300w\" sizes=\"auto, (max-width: 1024px) 100vw, 1024px\" \/><\/figure>\n\n\n\n<p><\/p>\n\n\n\n<p><strong>Prioridades para o futuro de Formoso do Araguaia<\/strong><\/p>\n\n\n\n<p>O prefeito reeleito de Formoso do Araguaia, Israel Kaw\u00ea, compartilhou com emo\u00e7\u00e3o suas prioridades para o pr\u00f3ximo mandato.&nbsp;<em>\u201cNosso foco ser\u00e1 o fortalecimento da sa\u00fade, educa\u00e7\u00e3o e a gera\u00e7\u00e3o de empregos para o nosso munic\u00edpio. A popula\u00e7\u00e3o pode contar com uma gest\u00e3o comprometida com o desenvolvimento e o bem-estar de todos\u201d,<\/em>&nbsp;afirmou Kaw\u00ea, agradecendo o apoio dos eleitores e destacando o trabalho conjunto com o vice-prefeito Ronison Parente.<\/p>\n\n\n\n<figure class=\"wp-block-image size-large\"><img loading=\"lazy\" decoding=\"async\" width=\"1024\" height=\"577\" src=\"https:\/\/focotocantinense.com.br\/wp-content\/uploads\/2024\/12\/Diplomacao-Formoso-12-1024x577.jpg\" alt=\"\" class=\"wp-image-9229\" srcset=\"https:\/\/focotocantinense.com.br\/wp-content\/uploads\/2024\/12\/Diplomacao-Formoso-12-1024x577.jpg 1024w, https:\/\/focotocantinense.com.br\/wp-content\/uploads\/2024\/12\/Diplomacao-Formoso-12-300x169.jpg 300w, https:\/\/focotocantinense.com.br\/wp-content\/uploads\/2024\/12\/Diplomacao-Formoso-12-768x432.jpg 768w, https:\/\/focotocantinense.com.br\/wp-content\/uploads\/2024\/12\/Diplomacao-Formoso-12.jpg 1300w\" sizes=\"auto, (max-width: 1024px) 100vw, 1024px\" \/><\/figure>\n\n\n\n<p><\/p>\n\n\n\n<p><strong>Desafios e esperan\u00e7as para o futuro<\/strong><\/p>\n\n\n\n<p>A primeira-dama, Geane Nunes, tamb\u00e9m expressou sua alegria e compromisso com a cidade. \u201cVamos continuar trabalhando com dedica\u00e7\u00e3o para transformar Formoso do Araguaia na melhor cidade do sul do Tocantins. Agradecemos a todos os nossos eleitores e \u00e0 popula\u00e7\u00e3o em geral\u201d, disse, emocionada pela confian\u00e7a recebida.<\/p>\n\n\n\n<figure class=\"wp-block-image size-large\"><img loading=\"lazy\" decoding=\"async\" width=\"1024\" height=\"577\" src=\"https:\/\/focotocantinense.com.br\/wp-content\/uploads\/2024\/12\/Diplomacao-Formoso-12-1-1024x577.jpg\" alt=\"\" class=\"wp-image-9233\" srcset=\"https:\/\/focotocantinense.com.br\/wp-content\/uploads\/2024\/12\/Diplomacao-Formoso-12-1-1024x577.jpg 1024w, https:\/\/focotocantinense.com.br\/wp-content\/uploads\/2024\/12\/Diplomacao-Formoso-12-1-300x169.jpg 300w, https:\/\/focotocantinense.com.br\/wp-content\/uploads\/2024\/12\/Diplomacao-Formoso-12-1-768x432.jpg 768w, https:\/\/focotocantinense.com.br\/wp-content\/uploads\/2024\/12\/Diplomacao-Formoso-12-1.jpg 1300w\" sizes=\"auto, (max-width: 1024px) 100vw, 1024px\" \/><\/figure>\n\n\n\n<p><\/p>\n\n\n\n<p>O vice-prefeito, Ronison Parente, por sua vez, falou sobre os desafios que aguardam a nova gest\u00e3o. \u201cA diploma\u00e7\u00e3o \u00e9 o reconhecimento do esfor\u00e7o e da confian\u00e7a do povo. Agora, com muita responsabilidade, vamos trabalhar para superar os desafios da infraestrutura e promover o desenvolvimento de nossa cidade\u201d, afirmou.<\/p>\n\n\n\n<figure class=\"wp-block-image size-large\"><img loading=\"lazy\" decoding=\"async\" width=\"1024\" height=\"577\" src=\"https:\/\/focotocantinense.com.br\/wp-content\/uploads\/2024\/12\/Laurez-1024x577.jpg\" alt=\"\" class=\"wp-image-9236\" srcset=\"https:\/\/focotocantinense.com.br\/wp-content\/uploads\/2024\/12\/Laurez-1024x577.jpg 1024w, https:\/\/focotocantinense.com.br\/wp-content\/uploads\/2024\/12\/Laurez-300x169.jpg 300w, https:\/\/focotocantinense.com.br\/wp-content\/uploads\/2024\/12\/Laurez-768x432.jpg 768w, https:\/\/focotocantinense.com.br\/wp-content\/uploads\/2024\/12\/Laurez.jpg 1300w\" sizes=\"auto, (max-width: 1024px) 100vw, 1024px\" \/><\/figure>\n\n\n\n<p><\/p>\n\n\n\n<p><strong>Diploma\u00e7\u00e3o dos vereadores: pluralidade e representatividade<\/strong><\/p>\n\n\n\n<p>Durante a cerim\u00f4nia, tamb\u00e9m foram diplomados os 11 vereadores eleitos para a C\u00e2mara Municipal de Formoso do Araguaia. A lista de vereadores inclui representantes de diversos partidos, reafirmando a pluralidade e a representatividade pol\u00edtica da cidade.<\/p>\n\n\n\n<p><em><strong>REPUBLICANOS:<\/strong><\/em>&nbsp;Cacique Micael Jav\u00e1e (388 votos) e Cristina Rezende (359 votos)<\/p>\n\n\n\n<p><em><strong>UNI\u00c3O:<\/strong><\/em>&nbsp;Enfermeiro Gilvan Milhomem (377 votos), Paulo S\u00e9rgio (288 votos) e Professora Isabel Rocha (276 votos)<\/p>\n\n\n\n<p><em><strong>PP:<\/strong>&nbsp;<\/em>Cherim (349 votos) e Sebastian da Gr\u00e1fica (346 votos)<\/p>\n\n\n\n<p><em><strong>PV:<\/strong><\/em>&nbsp;Jo\u00e3o Luiz Bonanza (342 votos)<\/p>\n\n\n\n<p><em><strong>PT:<\/strong><\/em>&nbsp;Dijalma da Vidra\u00e7aria (339 votos)<\/p>\n\n\n\n<p><em><strong>MDB:<\/strong><\/em>&nbsp;Gabriel Bezerra (329 votos)<\/p>\n\n\n\n<p><em><strong>PDT:<\/strong>&nbsp;<\/em>Alessandro Azevedo<\/p>\n\n\n\n<p>A diploma\u00e7\u00e3o foi dividida em duas etapas: a primeira, contemplando os eleitos de Duer\u00e9, e a segunda, os de Formoso do Araguaia.<\/p>\n\n\n\n<figure class=\"wp-block-image size-full\"><img loading=\"lazy\" decoding=\"async\" width=\"843\" height=\"251\" src=\"https:\/\/focotocantinense.com.br\/wp-content\/uploads\/2024\/12\/VINI_181_282-1-6.jpg\" alt=\"\" class=\"wp-image-9214\" srcset=\"https:\/\/focotocantinense.com.br\/wp-content\/uploads\/2024\/12\/VINI_181_282-1-6.jpg 843w, https:\/\/focotocantinense.com.br\/wp-content\/uploads\/2024\/12\/VINI_181_282-1-6-300x89.jpg 300w, https:\/\/focotocantinense.com.br\/wp-content\/uploads\/2024\/12\/VINI_181_282-1-6-768x229.jpg 768w\" sizes=\"auto, (max-width: 843px) 100vw, 843px\" \/><\/figure>\n","protected":false},"excerpt":{"rendered":"<p>Por Jonas Amaral Na manh\u00e3 desta ter\u00e7a-feira (17), o plen\u00e1rio da C\u00e2mara Municipal de Formoso do Araguaia esteve lotado para a cerim\u00f4nia de diploma\u00e7\u00e3o dos eleitos para os mandatos de 2025 a 2028. Organizada pela Justi\u00e7a Eleitoral e conduzida pelo juiz Dr. Valdemir Braga de Aquino Mendon\u00e7a, a solenidade oficializou a posse dos candidatos escolhidos &hellip;<\/p>\n","protected":false},"author":5,"featured_media":9219,"comment_status":"open","ping_status":"open","sticky":false,"template":"","format":"standard","meta":{"footnotes":""},"categories":[51],"tags":[],"class_list":["post-9218","post","type-post","status-publish","format-standard","has-post-thumbnail","","category-formoso-do-araguaia"],"_links":{"self":[{"href":"https:\/\/focotocantinense.com.br\/index.php?rest_route=\/wp\/v2\/posts\/9218","targetHints":{"allow":["GET"]}}],"collection":[{"href":"https:\/\/focotocantinense.com.br\/index.php?rest_route=\/wp\/v2\/posts"}],"about":[{"href":"https:\/\/focotocantinense.com.br\/index.php?rest_route=\/wp\/v2\/types\/post"}],"author":[{"embeddable":true,"href":"https:\/\/focotocantinense.com.br\/index.php?rest_route=\/wp\/v2\/users\/5"}],"replies":[{"embeddable":true,"href":"https:\/\/focotocantinense.com.br\/index.php?rest_route=%2Fwp%2Fv2%2Fcomments&post=9218"}],"version-history":[{"count":13,"href":"https:\/\/focotocantinense.com.br\/index.php?rest_route=\/wp\/v2\/posts\/9218\/revisions"}],"predecessor-version":[{"id":9240,"href":"https:\/\/focotocantinense.com.br\/index.php?rest_route=\/wp\/v2\/posts\/9218\/revisions\/9240"}],"wp:featuredmedia":[{"embeddable":true,"href":"https:\/\/focotocantinense.com.br\/index.php?rest_route=\/wp\/v2\/media\/9219"}],"wp:attachment":[{"href":"https:\/\/focotocantinense.com.br\/index.php?rest_route=%2Fwp%2Fv2%2Fmedia&parent=9218"}],"wp:term":[{"taxonomy":"category","embeddable":true,"href":"https:\/\/focotocantinense.com.br\/index.php?rest_route=%2Fwp%2Fv2%2Fcategories&post=9218"},{"taxonomy":"post_tag","embeddable":true,"href":"https:\/\/focotocantinense.com.br\/index.php?rest_route=%2Fwp%2Fv2%2Ftags&post=9218"}],"curies":[{"name":"wp","href":"https:\/\/api.w.org\/{rel}","templated":true}]}}