{"id":9212,"date":"2024-12-16T13:45:46","date_gmt":"2024-12-16T16:45:46","guid":{"rendered":"https:\/\/focotocantinense.com.br\/?p=9212"},"modified":"2024-12-16T13:46:58","modified_gmt":"2024-12-16T16:46:58","slug":"josi-nunes-e-adailton-fonseca-sao-diplomados-prefeita-reeleita-e-vice-prefeito-de-gurupi-pelo-tre-to","status":"publish","type":"post","link":"https:\/\/focotocantinense.com.br\/?p=9212","title":{"rendered":"Josi Nunes e Adailton Fonseca s\u00e3o diplomados prefeita reeleita e vice-prefeito de Gurupi pelo TRE-TO"},"content":{"rendered":"\n<p>Na manh\u00e3 desta segunda-feira, 16, a prefeita reeleita de Gurupi, Josi Nunes (Uni\u00e3o Brasil), e o vice-prefeito eleito, Adailton Fonseca (PL), foram diplomados durante solenidade realizada no audit\u00f3rio da C\u00e2mara Municipal da cidade. O evento, presidido pelo juiz Adriano Murelli, da 2\u00aa Zona Eleitoral, oficializou o in\u00edcio de mais um mandato da atual gestora \u00e0 frente da administra\u00e7\u00e3o municipal. A solenidade tamb\u00e9m diplomou os vereadores eleitos e reeleitos.<\/p>\n\n\n\n<figure class=\"wp-block-image size-large is-resized\"><img loading=\"lazy\" decoding=\"async\" width=\"1024\" height=\"682\" src=\"https:\/\/focotocantinense.com.br\/wp-content\/uploads\/2024\/12\/1000286541-1-1024x682.jpg\" alt=\"\" class=\"wp-image-9216\" style=\"width:401px;height:auto\" srcset=\"https:\/\/focotocantinense.com.br\/wp-content\/uploads\/2024\/12\/1000286541-1-1024x682.jpg 1024w, https:\/\/focotocantinense.com.br\/wp-content\/uploads\/2024\/12\/1000286541-1-300x200.jpg 300w, https:\/\/focotocantinense.com.br\/wp-content\/uploads\/2024\/12\/1000286541-1-768x512.jpg 768w, https:\/\/focotocantinense.com.br\/wp-content\/uploads\/2024\/12\/1000286541-1-1536x1023.jpg 1536w, https:\/\/focotocantinense.com.br\/wp-content\/uploads\/2024\/12\/1000286541-1-310x205.jpg 310w, https:\/\/focotocantinense.com.br\/wp-content\/uploads\/2024\/12\/1000286541-1.jpg 1600w\" sizes=\"auto, (max-width: 1024px) 100vw, 1024px\" \/><\/figure>\n\n\n\n<p><\/p>\n\n\n\n<p>O ato reuniu autoridades locais e estaduais, al\u00e9m da presen\u00e7a de familiares, amigos e apoiadores dos diplomados.<\/p>\n\n\n\n<p>Reeleita com 25.533 votos (55,47% dos votos v\u00e1lidos), a prefeita Josi Nunes agradeceu \u00e0 popula\u00e7\u00e3o pela confian\u00e7a renovada e destacou sua determina\u00e7\u00e3o em intensificar os trabalhos em prol do desenvolvimento de Gurupi. &#8220;Sou imensamente grata ao povo de Gurupi por acreditar no nosso trabalho e nos dar mais quatro anos para seguir transformando nossa cidade. Essa confian\u00e7a nos motiva a trabalhar ainda mais para fazer de Gurupi um lugar cada vez melhor para todos&#8221;, afirmou.<\/p>\n\n\n\n<p>A prefeita tamb\u00e9m ressaltou que o pr\u00f3ximo mandato ser\u00e1 marcado pela busca de mais parcerias e pela continuidade de grandes obras. &#8220;Nosso compromisso \u00e9 intensificar as grandes obras que j\u00e1 est\u00e3o em andamento e buscar ainda mais parcerias para trazer recursos e investimentos que beneficiar\u00e3o diretamente a nossa popula\u00e7\u00e3o. Gurupi vive um momento de crescimento, e juntos, com dedica\u00e7\u00e3o e trabalho, vamos avan\u00e7ar ainda mais&#8221;, garantiu Josi.<\/p>\n\n\n\n<p>O vice-prefeito eleito, Adailton Fonseca, destacou o significado desse momento e refor\u00e7ou seu compromisso com a popula\u00e7\u00e3o gurupiense. &#8220;\u00c9 um momento de gratid\u00e3o ao povo de Gurupi. Nossa cidade est\u00e1 vivendo um grande momento de desenvolvimento econ\u00f4mico e social, e a reelei\u00e7\u00e3o da prefeita Josi s\u00f3 mostra o quanto a popula\u00e7\u00e3o est\u00e1 satisfeita com o que est\u00e1 acontecendo. \u00c9 um momento \u00edmpar para mim, que venho da iniciativa privada e estou participando pela primeira vez do processo pol\u00edtico. Vou retribuir essa confian\u00e7a com muito trabalho, determina\u00e7\u00e3o e zelo pela coisa p\u00fablica&#8221;, frisou.<\/p>\n\n\n\n<p><strong>Parcerias<\/strong><\/p>\n\n\n\n<p>A prefeita Josi Nunes destacou que as parcerias v\u00e3o continuar norteando a gest\u00e3o municipal, assim como nos \u00faltimos quatro anos. A gestora frisou que os palanques foram desfeitos e que o momento agora \u00e9 de uni\u00e3o por Gurupi. &#8220;Parceria sempre foi nossa palavra-chave e nos pr\u00f3ximos anos n\u00e3o ser\u00e1 diferente. Vamos dar as m\u00e3os a todos que queiram contribuir com Gurupi, somando esfor\u00e7os para atender as demandas da popula\u00e7\u00e3o&#8221;, pontuou.<\/p>\n\n\n\n<p><strong>Diploma\u00e7\u00e3o<\/strong><\/p>\n\n\n\n<p>A diploma\u00e7\u00e3o \u00e9 uma etapa fundamental do processo eleitoral. O ato oficializa os eleitos e comprova que estes est\u00e3o aptos a ocupar seus respectivos cargos e, consequentemente, a tomar posse no pr\u00f3ximo dia 1\u00ba de janeiro de 2025.<\/p>\n\n\n\n<figure class=\"wp-block-image size-full\"><img loading=\"lazy\" decoding=\"async\" width=\"843\" height=\"251\" src=\"https:\/\/focotocantinense.com.br\/wp-content\/uploads\/2024\/12\/VINI_181_282-1-6.jpg\" alt=\"\" class=\"wp-image-9214\" srcset=\"https:\/\/focotocantinense.com.br\/wp-content\/uploads\/2024\/12\/VINI_181_282-1-6.jpg 843w, https:\/\/focotocantinense.com.br\/wp-content\/uploads\/2024\/12\/VINI_181_282-1-6-300x89.jpg 300w, https:\/\/focotocantinense.com.br\/wp-content\/uploads\/2024\/12\/VINI_181_282-1-6-768x229.jpg 768w\" sizes=\"auto, (max-width: 843px) 100vw, 843px\" \/><\/figure>\n","protected":false},"excerpt":{"rendered":"<p>Na manh\u00e3 desta segunda-feira, 16, a prefeita reeleita de Gurupi, Josi Nunes (Uni\u00e3o Brasil), e o vice-prefeito eleito, Adailton Fonseca (PL), foram diplomados durante solenidade realizada no audit\u00f3rio da C\u00e2mara Municipal da cidade. O evento, presidido pelo juiz Adriano Murelli, da 2\u00aa Zona Eleitoral, oficializou o in\u00edcio de mais um mandato da atual gestora \u00e0 &hellip;<\/p>\n","protected":false},"author":5,"featured_media":9213,"comment_status":"open","ping_status":"open","sticky":false,"template":"","format":"standard","meta":{"footnotes":""},"categories":[1],"tags":[],"class_list":["post-9212","post","type-post","status-publish","format-standard","has-post-thumbnail","","category-sem-categoria"],"_links":{"self":[{"href":"https:\/\/focotocantinense.com.br\/index.php?rest_route=\/wp\/v2\/posts\/9212","targetHints":{"allow":["GET"]}}],"collection":[{"href":"https:\/\/focotocantinense.com.br\/index.php?rest_route=\/wp\/v2\/posts"}],"about":[{"href":"https:\/\/focotocantinense.com.br\/index.php?rest_route=\/wp\/v2\/types\/post"}],"author":[{"embeddable":true,"href":"https:\/\/focotocantinense.com.br\/index.php?rest_route=\/wp\/v2\/users\/5"}],"replies":[{"embeddable":true,"href":"https:\/\/focotocantinense.com.br\/index.php?rest_route=%2Fwp%2Fv2%2Fcomments&post=9212"}],"version-history":[{"count":2,"href":"https:\/\/focotocantinense.com.br\/index.php?rest_route=\/wp\/v2\/posts\/9212\/revisions"}],"predecessor-version":[{"id":9217,"href":"https:\/\/focotocantinense.com.br\/index.php?rest_route=\/wp\/v2\/posts\/9212\/revisions\/9217"}],"wp:featuredmedia":[{"embeddable":true,"href":"https:\/\/focotocantinense.com.br\/index.php?rest_route=\/wp\/v2\/media\/9213"}],"wp:attachment":[{"href":"https:\/\/focotocantinense.com.br\/index.php?rest_route=%2Fwp%2Fv2%2Fmedia&parent=9212"}],"wp:term":[{"taxonomy":"category","embeddable":true,"href":"https:\/\/focotocantinense.com.br\/index.php?rest_route=%2Fwp%2Fv2%2Fcategories&post=9212"},{"taxonomy":"post_tag","embeddable":true,"href":"https:\/\/focotocantinense.com.br\/index.php?rest_route=%2Fwp%2Fv2%2Ftags&post=9212"}],"curies":[{"name":"wp","href":"https:\/\/api.w.org\/{rel}","templated":true}]}}