{"id":9200,"date":"2024-12-16T12:59:05","date_gmt":"2024-12-16T15:59:05","guid":{"rendered":"https:\/\/focotocantinense.com.br\/?p=9200"},"modified":"2024-12-16T13:03:58","modified_gmt":"2024-12-16T16:03:58","slug":"alunos-de-jornalismo-da-unirg-lancam-livro-reportagem-e-documentarios","status":"publish","type":"post","link":"https:\/\/focotocantinense.com.br\/?p=9200","title":{"rendered":"Alunos de Jornalismo da UnirG lan\u00e7am livro-reportagem e document\u00e1rios"},"content":{"rendered":"\n<p><\/p>\n\n\n\n<p>Acad\u00eamicos do curso de Jornalismo da Universidade de Gurupi &#8211; UnirG realizaram, na \u00faltima semana, o lan\u00e7amento do livro-reportagem \u201cNarrativas sobre Gurupi (TO)\u201d e de document\u00e1rios audiovisuais promovidos pelos alunos. Os produtos s\u00e3o resultados de aulas pr\u00e1ticas de componentes curriculares do curso ao longo de todo o segundo semestre deste ano.<\/p>\n\n\n\n<figure class=\"wp-block-image size-large is-resized\"><img loading=\"lazy\" decoding=\"async\" width=\"1024\" height=\"682\" src=\"https:\/\/focotocantinense.com.br\/wp-content\/uploads\/2024\/12\/1-JORNALISMO-UNIRG-1024x682.jpg\" alt=\"\" class=\"wp-image-9201\" style=\"width:396px;height:auto\" srcset=\"https:\/\/focotocantinense.com.br\/wp-content\/uploads\/2024\/12\/1-JORNALISMO-UNIRG-1024x682.jpg 1024w, https:\/\/focotocantinense.com.br\/wp-content\/uploads\/2024\/12\/1-JORNALISMO-UNIRG-300x200.jpg 300w, https:\/\/focotocantinense.com.br\/wp-content\/uploads\/2024\/12\/1-JORNALISMO-UNIRG-768x512.jpg 768w, https:\/\/focotocantinense.com.br\/wp-content\/uploads\/2024\/12\/1-JORNALISMO-UNIRG-1536x1023.jpg 1536w, https:\/\/focotocantinense.com.br\/wp-content\/uploads\/2024\/12\/1-JORNALISMO-UNIRG-310x205.jpg 310w, https:\/\/focotocantinense.com.br\/wp-content\/uploads\/2024\/12\/1-JORNALISMO-UNIRG.jpg 1600w\" sizes=\"auto, (max-width: 1024px) 100vw, 1024px\" \/><\/figure>\n\n\n\n<p><br>O livro-reportagem foi desenvolvido pelos alunos das disciplinas de G\u00eaneros, Formatos e Estilos Jornal\u00edsticos e de Reda\u00e7\u00e3o Jornal\u00edstica, coordenado pelo professor Me. Clifton Morais Correia. Houve ainda a colabora\u00e7\u00e3o dos professores Ma. Anette Maria Bento, Ma. Alessandra Gomes Duarte Lima e Me. Rafael Silva Oliveira.<\/p>\n\n\n\n<p>A obra foi dividida em 10 cap\u00edtulos, produzidos pelos acad\u00eamicos do curso, que foram a campo e entrevistaram personagens que fazem parte da hist\u00f3ria de Gurupi.<\/p>\n\n\n\n<p>Durante a leitura, \u00e9 poss\u00edvel conhecer a hist\u00f3ria do Museu Benjamin Rodrigues, as curiosidades sobre os nomes das ruas do Munic\u00edpio, a hist\u00f3ria do bairro Malvinas e a lavanderia comunit\u00e1ria que existia no local, al\u00e9m de outras narrativas importantes.<\/p>\n\n\n\n<figure class=\"wp-block-image size-large\"><img loading=\"lazy\" decoding=\"async\" width=\"1024\" height=\"682\" src=\"https:\/\/focotocantinense.com.br\/wp-content\/uploads\/2024\/12\/3-JORNALISMO-UNIRG-1024x682.jpg\" alt=\"\" class=\"wp-image-9207\" srcset=\"https:\/\/focotocantinense.com.br\/wp-content\/uploads\/2024\/12\/3-JORNALISMO-UNIRG-1024x682.jpg 1024w, https:\/\/focotocantinense.com.br\/wp-content\/uploads\/2024\/12\/3-JORNALISMO-UNIRG-300x200.jpg 300w, https:\/\/focotocantinense.com.br\/wp-content\/uploads\/2024\/12\/3-JORNALISMO-UNIRG-768x512.jpg 768w, https:\/\/focotocantinense.com.br\/wp-content\/uploads\/2024\/12\/3-JORNALISMO-UNIRG-1536x1023.jpg 1536w, https:\/\/focotocantinense.com.br\/wp-content\/uploads\/2024\/12\/3-JORNALISMO-UNIRG-310x205.jpg 310w, https:\/\/focotocantinense.com.br\/wp-content\/uploads\/2024\/12\/3-JORNALISMO-UNIRG.jpg 1600w\" sizes=\"auto, (max-width: 1024px) 100vw, 1024px\" \/><\/figure>\n\n\n\n<p><\/p>\n\n\n\n<p><strong>Contexto hist\u00f3rio <\/strong><\/p>\n\n\n\n<p>\u201cEste foi um semestre muito produtivo, pois desafiamos os alunos a colocarem em pr\u00e1tica tudo que foi discutido teoricamente. Nossa miss\u00e3o foi para que eles pesquisassem sobre personalidades importantes no contexto hist\u00f3rico, econ\u00f4mico e cultural de Gurupi. Cada aluno desenvolveu a pr\u00f3pria pauta, foram dois meses em produ\u00e7\u00e3o nas ruas e revis\u00e3o dos materiais, at\u00e9 que conseguimos deixar tudo pronto para lan\u00e7ar este livro pela editora Veloso\u201d, falou. Morais.<\/p>\n\n\n\n<p><strong>Curtas-metragem<\/strong><\/p>\n\n\n\n<p>Al\u00e9m do lan\u00e7amento do livro-reportagem, os acad\u00eamicos da disciplina de Linguagem de Comunica\u00e7\u00e3o em V\u00eddeo, orientados pela coordenadora do curso, Ma. Anette Maria Bento, tamb\u00e9m divulgaram as recentes produ\u00e7\u00f5es audiovisuais do semestre.<\/p>\n\n\n\n<p>Ao todo, tr\u00eas curtas-metragens foram apresentados: R\u00e1dio em Campo: Vozes da Emo\u00e7\u00e3o, que explora a vida de sete cronistas esportivos de Gurupi; O H\u00e1bito que Transforma, sobre a import\u00e2ncia da leitura; e, por fim, o curta Caminhos da Universidade, que aborda a viv\u00eancia de estar finalizando um curso de gradua\u00e7\u00e3o.<\/p>\n\n\n\n<figure class=\"wp-block-image size-large\"><img loading=\"lazy\" decoding=\"async\" width=\"1024\" height=\"682\" src=\"https:\/\/focotocantinense.com.br\/wp-content\/uploads\/2024\/12\/2-JORNALISMO-UNIRG-1024x682.jpg\" alt=\"\" class=\"wp-image-9210\" srcset=\"https:\/\/focotocantinense.com.br\/wp-content\/uploads\/2024\/12\/2-JORNALISMO-UNIRG-1024x682.jpg 1024w, https:\/\/focotocantinense.com.br\/wp-content\/uploads\/2024\/12\/2-JORNALISMO-UNIRG-300x200.jpg 300w, https:\/\/focotocantinense.com.br\/wp-content\/uploads\/2024\/12\/2-JORNALISMO-UNIRG-768x512.jpg 768w, https:\/\/focotocantinense.com.br\/wp-content\/uploads\/2024\/12\/2-JORNALISMO-UNIRG-1536x1023.jpg 1536w, https:\/\/focotocantinense.com.br\/wp-content\/uploads\/2024\/12\/2-JORNALISMO-UNIRG-310x205.jpg 310w, https:\/\/focotocantinense.com.br\/wp-content\/uploads\/2024\/12\/2-JORNALISMO-UNIRG.jpg 1600w\" sizes=\"auto, (max-width: 1024px) 100vw, 1024px\" \/><\/figure>\n\n\n\n<p><\/p>\n\n\n\n<p>\u201cA pr\u00e1tica em produ\u00e7\u00e3o audiovisual \u00e9 um diferencial na forma\u00e7\u00e3o profissional desses acad\u00eamicos, que, a partir de agora, estar\u00e3o preparados para construir novas narrativas em \u00e1udio e imagem, conquistar pr\u00eamios, editais e assumir essa imensa responsabilidade que \u00e9 contar hist\u00f3rias\u201d, ressaltou a coordenadora do curso.<\/p>\n\n\n\n<p>O livro-reportagem encontra-se dispon\u00edvel na biblioteca do curso de Jornalismo, e os document\u00e1rios est\u00e3o dispon\u00edveis no canal do YouTube do curso<\/p>\n\n\n\n<figure class=\"wp-block-image size-full\"><img loading=\"lazy\" decoding=\"async\" width=\"843\" height=\"251\" src=\"https:\/\/focotocantinense.com.br\/wp-content\/uploads\/2024\/12\/VINI_181_282-1-5.jpg\" alt=\"\" class=\"wp-image-9189\" srcset=\"https:\/\/focotocantinense.com.br\/wp-content\/uploads\/2024\/12\/VINI_181_282-1-5.jpg 843w, https:\/\/focotocantinense.com.br\/wp-content\/uploads\/2024\/12\/VINI_181_282-1-5-300x89.jpg 300w, https:\/\/focotocantinense.com.br\/wp-content\/uploads\/2024\/12\/VINI_181_282-1-5-768x229.jpg 768w\" sizes=\"auto, (max-width: 843px) 100vw, 843px\" \/><\/figure>\n","protected":false},"excerpt":{"rendered":"<p>Acad\u00eamicos do curso de Jornalismo da Universidade de Gurupi &#8211; UnirG realizaram, na \u00faltima semana, o lan\u00e7amento do livro-reportagem \u201cNarrativas sobre Gurupi (TO)\u201d e de document\u00e1rios audiovisuais promovidos pelos alunos. Os produtos s\u00e3o resultados de aulas pr\u00e1ticas de componentes curriculares do curso ao longo de todo o segundo semestre deste ano. O livro-reportagem foi desenvolvido &hellip;<\/p>\n","protected":false},"author":5,"featured_media":9201,"comment_status":"open","ping_status":"open","sticky":false,"template":"","format":"standard","meta":{"footnotes":""},"categories":[38],"tags":[],"class_list":["post-9200","post","type-post","status-publish","format-standard","has-post-thumbnail","","category-gurupi"],"_links":{"self":[{"href":"https:\/\/focotocantinense.com.br\/index.php?rest_route=\/wp\/v2\/posts\/9200","targetHints":{"allow":["GET"]}}],"collection":[{"href":"https:\/\/focotocantinense.com.br\/index.php?rest_route=\/wp\/v2\/posts"}],"about":[{"href":"https:\/\/focotocantinense.com.br\/index.php?rest_route=\/wp\/v2\/types\/post"}],"author":[{"embeddable":true,"href":"https:\/\/focotocantinense.com.br\/index.php?rest_route=\/wp\/v2\/users\/5"}],"replies":[{"embeddable":true,"href":"https:\/\/focotocantinense.com.br\/index.php?rest_route=%2Fwp%2Fv2%2Fcomments&post=9200"}],"version-history":[{"count":6,"href":"https:\/\/focotocantinense.com.br\/index.php?rest_route=\/wp\/v2\/posts\/9200\/revisions"}],"predecessor-version":[{"id":9211,"href":"https:\/\/focotocantinense.com.br\/index.php?rest_route=\/wp\/v2\/posts\/9200\/revisions\/9211"}],"wp:featuredmedia":[{"embeddable":true,"href":"https:\/\/focotocantinense.com.br\/index.php?rest_route=\/wp\/v2\/media\/9201"}],"wp:attachment":[{"href":"https:\/\/focotocantinense.com.br\/index.php?rest_route=%2Fwp%2Fv2%2Fmedia&parent=9200"}],"wp:term":[{"taxonomy":"category","embeddable":true,"href":"https:\/\/focotocantinense.com.br\/index.php?rest_route=%2Fwp%2Fv2%2Fcategories&post=9200"},{"taxonomy":"post_tag","embeddable":true,"href":"https:\/\/focotocantinense.com.br\/index.php?rest_route=%2Fwp%2Fv2%2Ftags&post=9200"}],"curies":[{"name":"wp","href":"https:\/\/api.w.org\/{rel}","templated":true}]}}