{"id":9193,"date":"2024-12-16T10:31:17","date_gmt":"2024-12-16T13:31:17","guid":{"rendered":"https:\/\/focotocantinense.com.br\/?p=9193"},"modified":"2024-12-16T10:31:18","modified_gmt":"2024-12-16T13:31:18","slug":"figueiropolis-recebera-investimento-de-r-1-milhao-do-deputado-federal-antonio-andrade","status":"publish","type":"post","link":"https:\/\/focotocantinense.com.br\/?p=9193","title":{"rendered":"Figueir\u00f3polis receber\u00e1 investimento de R$ 1 milh\u00e3o do deputado federal Antonio Andrade"},"content":{"rendered":"\n<p>An\u00fancio foi feito neste domingo, 15, durante celebra\u00e7\u00e3o da vit\u00f3ria de Fontourinha, prefeito eleito do munic\u00edpio O deputado federal Antonio Andrade (Republicanos), esteve no munic\u00edpio de Figueir\u00f3polis na tarde deste domingo (15) participando de evento em comemora\u00e7\u00e3o pela vit\u00f3ria de Fontourinha e seu vice Fernandinho Fernandes na elei\u00e7\u00e3o municipal para prefeito da cidade.<\/p>\n\n\n\n<figure class=\"wp-block-image size-full is-resized\"><img loading=\"lazy\" decoding=\"async\" width=\"961\" height=\"718\" src=\"https:\/\/focotocantinense.com.br\/wp-content\/uploads\/2024\/12\/WhatsApp-Image-2024-12-15-at-19.10.24.jpeg\" alt=\"\" class=\"wp-image-9194\" style=\"width:392px;height:auto\" srcset=\"https:\/\/focotocantinense.com.br\/wp-content\/uploads\/2024\/12\/WhatsApp-Image-2024-12-15-at-19.10.24.jpeg 961w, https:\/\/focotocantinense.com.br\/wp-content\/uploads\/2024\/12\/WhatsApp-Image-2024-12-15-at-19.10.24-300x224.jpeg 300w, https:\/\/focotocantinense.com.br\/wp-content\/uploads\/2024\/12\/WhatsApp-Image-2024-12-15-at-19.10.24-768x574.jpeg 768w\" sizes=\"auto, (max-width: 961px) 100vw, 961px\" \/><\/figure>\n\n\n\n<p>Na ocasi\u00e3o, o parlamentar anunciou a destina\u00e7\u00e3o de R$ 1 milh\u00e3o em emendas parlamentares que ir\u00e3o viabilizar o atendimento de demandas da popula\u00e7\u00e3o local.<\/p>\n\n\n\n<p>Em sua fala, Antonio Andrade garantiu que dar\u00e1 apoio total ao gestor municipal para a promo\u00e7\u00e3o do desenvolvimento no munic\u00edpio.<\/p>\n\n\n\n<p>\u201cHoje \u00e9 um dia de festa para a popula\u00e7\u00e3o de Figueir\u00f3polis, e na oportunidade quero mais uma vez reiterar meu compromisso com o pleno desenvolvimento desse munic\u00edpio. \u201c\u00c9 com parcerias assertivas que vamos contribuindo com a melhoria da qualidade de vida das pessoas, e gerando oportunidades. Contem com nosso mandato e todo apoio em Bras\u00edlia\u201d, pontuou Andrade.<\/p>\n\n\n\n<p>Cr\u00e9ditos da foto: Portal RR10<\/p>\n\n\n\n<p>Assessoria de Comunica\u00e7\u00e3o \u2013 Deputado Federal Antonio Andrade<\/p>\n","protected":false},"excerpt":{"rendered":"<p>An\u00fancio foi feito neste domingo, 15, durante celebra\u00e7\u00e3o da vit\u00f3ria de Fontourinha, prefeito eleito do munic\u00edpio O deputado federal Antonio Andrade (Republicanos), esteve no munic\u00edpio de Figueir\u00f3polis na tarde deste domingo (15) participando de evento em comemora\u00e7\u00e3o pela vit\u00f3ria de Fontourinha e seu vice Fernandinho Fernandes na elei\u00e7\u00e3o municipal para prefeito da cidade. Na ocasi\u00e3o, &hellip;<\/p>\n","protected":false},"author":5,"featured_media":9194,"comment_status":"open","ping_status":"open","sticky":false,"template":"","format":"standard","meta":{"footnotes":""},"categories":[1],"tags":[],"class_list":["post-9193","post","type-post","status-publish","format-standard","has-post-thumbnail","","category-sem-categoria"],"_links":{"self":[{"href":"https:\/\/focotocantinense.com.br\/index.php?rest_route=\/wp\/v2\/posts\/9193","targetHints":{"allow":["GET"]}}],"collection":[{"href":"https:\/\/focotocantinense.com.br\/index.php?rest_route=\/wp\/v2\/posts"}],"about":[{"href":"https:\/\/focotocantinense.com.br\/index.php?rest_route=\/wp\/v2\/types\/post"}],"author":[{"embeddable":true,"href":"https:\/\/focotocantinense.com.br\/index.php?rest_route=\/wp\/v2\/users\/5"}],"replies":[{"embeddable":true,"href":"https:\/\/focotocantinense.com.br\/index.php?rest_route=%2Fwp%2Fv2%2Fcomments&post=9193"}],"version-history":[{"count":1,"href":"https:\/\/focotocantinense.com.br\/index.php?rest_route=\/wp\/v2\/posts\/9193\/revisions"}],"predecessor-version":[{"id":9195,"href":"https:\/\/focotocantinense.com.br\/index.php?rest_route=\/wp\/v2\/posts\/9193\/revisions\/9195"}],"wp:featuredmedia":[{"embeddable":true,"href":"https:\/\/focotocantinense.com.br\/index.php?rest_route=\/wp\/v2\/media\/9194"}],"wp:attachment":[{"href":"https:\/\/focotocantinense.com.br\/index.php?rest_route=%2Fwp%2Fv2%2Fmedia&parent=9193"}],"wp:term":[{"taxonomy":"category","embeddable":true,"href":"https:\/\/focotocantinense.com.br\/index.php?rest_route=%2Fwp%2Fv2%2Fcategories&post=9193"},{"taxonomy":"post_tag","embeddable":true,"href":"https:\/\/focotocantinense.com.br\/index.php?rest_route=%2Fwp%2Fv2%2Ftags&post=9193"}],"curies":[{"name":"wp","href":"https:\/\/api.w.org\/{rel}","templated":true}]}}