{"id":9172,"date":"2024-12-14T17:04:35","date_gmt":"2024-12-14T20:04:35","guid":{"rendered":"https:\/\/focotocantinense.com.br\/?p=9172"},"modified":"2024-12-14T17:16:23","modified_gmt":"2024-12-14T20:16:23","slug":"prefeito-joao-alberto-realiza-acao-de-natal-na-aldeia-brejo-cumprido-em-tocantinia","status":"publish","type":"post","link":"https:\/\/focotocantinense.com.br\/?p=9172","title":{"rendered":"Prefeito Jo\u00e3o Alberto realiza a\u00e7\u00e3o de Natal na Aldeia Brejo Cumprido, em Tocant\u00ednia"},"content":{"rendered":"\n<p>A Prefeitura Municipal de Tocant\u00ednia sob a gest\u00e3o do nosso prefeito Jo\u00e3o Alberto por meio da Secretaria de Assist\u00eancia Social, em parceria com a Secretaria Municipal de Educa\u00e7\u00e3o &#8211; SEMED, realizou ontem, na aldeia Brejo Cumprido, uma celebra\u00e7\u00e3o de Natal inesquec\u00edvel para as crian\u00e7as.<\/p>\n\n\n\n<figure class=\"wp-block-image size-full is-resized\"><img loading=\"lazy\" decoding=\"async\" width=\"912\" height=\"487\" src=\"https:\/\/focotocantinense.com.br\/wp-content\/uploads\/2024\/12\/1111111111111111.jpg\" alt=\"\" class=\"wp-image-9173\" style=\"width:395px;height:auto\" srcset=\"https:\/\/focotocantinense.com.br\/wp-content\/uploads\/2024\/12\/1111111111111111.jpg 912w, https:\/\/focotocantinense.com.br\/wp-content\/uploads\/2024\/12\/1111111111111111-300x160.jpg 300w, https:\/\/focotocantinense.com.br\/wp-content\/uploads\/2024\/12\/1111111111111111-768x410.jpg 768w, https:\/\/focotocantinense.com.br\/wp-content\/uploads\/2024\/12\/1111111111111111-310x165.jpg 310w\" sizes=\"auto, (max-width: 912px) 100vw, 912px\" \/><\/figure>\n\n\n\n<p><\/p>\n\n\n\n<p>O evento contou com apresenta\u00e7\u00f5es, brincadeiras animadas pela palha\u00e7a Lupita e outros palha\u00e7os, al\u00e9m da presen\u00e7a especial do Papai Noel. As crian\u00e7as tamb\u00e9m receberam brinquedos, brindes e um delicioso lanche preparado com carinho, proporcionando momentos de muita alegria e divers\u00e3o.<\/p>\n\n\n\n<figure class=\"wp-block-image size-full is-resized\"><img loading=\"lazy\" decoding=\"async\" width=\"885\" height=\"481\" src=\"https:\/\/focotocantinense.com.br\/wp-content\/uploads\/2024\/12\/10-tocantinia.jpg\" alt=\"\" class=\"wp-image-9177\" style=\"width:394px;height:auto\" srcset=\"https:\/\/focotocantinense.com.br\/wp-content\/uploads\/2024\/12\/10-tocantinia.jpg 885w, https:\/\/focotocantinense.com.br\/wp-content\/uploads\/2024\/12\/10-tocantinia-300x163.jpg 300w, https:\/\/focotocantinense.com.br\/wp-content\/uploads\/2024\/12\/10-tocantinia-768x417.jpg 768w\" sizes=\"auto, (max-width: 885px) 100vw, 885px\" \/><\/figure>\n\n\n\n<p><\/p>\n\n\n\n<p><\/p>\n\n\n\n<p>A primeira-dama S\u00e2mua Rosa, \u00e0 frente da Secretaria de Assist\u00eancia Social, organizou tudo com excel\u00eancia, garantindo momentos m\u00e1gicos para as crian\u00e7as. O secret\u00e1rio de Educa\u00e7\u00e3o, Andr\u00e9 Gouveia, e a SEMED tamb\u00e9m foram fundamentais para o sucesso dessa a\u00e7\u00e3o.<\/p>\n\n\n\n<figure class=\"wp-block-image size-full\"><img loading=\"lazy\" decoding=\"async\" width=\"833\" height=\"451\" src=\"https:\/\/focotocantinense.com.br\/wp-content\/uploads\/2024\/12\/7-TOCANTINIA.jpg\" alt=\"\" class=\"wp-image-9181\" srcset=\"https:\/\/focotocantinense.com.br\/wp-content\/uploads\/2024\/12\/7-TOCANTINIA.jpg 833w, https:\/\/focotocantinense.com.br\/wp-content\/uploads\/2024\/12\/7-TOCANTINIA-300x162.jpg 300w, https:\/\/focotocantinense.com.br\/wp-content\/uploads\/2024\/12\/7-TOCANTINIA-768x416.jpg 768w\" sizes=\"auto, (max-width: 833px) 100vw, 833px\" \/><\/figure>\n\n\n\n<p><\/p>\n\n\n\n<figure class=\"wp-block-image size-full\"><img loading=\"lazy\" decoding=\"async\" width=\"906\" height=\"500\" src=\"https:\/\/focotocantinense.com.br\/wp-content\/uploads\/2024\/12\/9-tocaninia.jpg\" alt=\"\" class=\"wp-image-9185\" srcset=\"https:\/\/focotocantinense.com.br\/wp-content\/uploads\/2024\/12\/9-tocaninia.jpg 906w, https:\/\/focotocantinense.com.br\/wp-content\/uploads\/2024\/12\/9-tocaninia-300x166.jpg 300w, https:\/\/focotocantinense.com.br\/wp-content\/uploads\/2024\/12\/9-tocaninia-768x424.jpg 768w\" sizes=\"auto, (max-width: 906px) 100vw, 906px\" \/><\/figure>\n\n\n\n<p><\/p>\n\n\n\n<figure class=\"wp-block-image size-full\"><img loading=\"lazy\" decoding=\"async\" width=\"853\" height=\"467\" src=\"https:\/\/focotocantinense.com.br\/wp-content\/uploads\/2024\/12\/5-TOCANTINIA.jpg\" alt=\"\" class=\"wp-image-9186\" srcset=\"https:\/\/focotocantinense.com.br\/wp-content\/uploads\/2024\/12\/5-TOCANTINIA.jpg 853w, https:\/\/focotocantinense.com.br\/wp-content\/uploads\/2024\/12\/5-TOCANTINIA-300x164.jpg 300w, https:\/\/focotocantinense.com.br\/wp-content\/uploads\/2024\/12\/5-TOCANTINIA-768x420.jpg 768w\" sizes=\"auto, (max-width: 853px) 100vw, 853px\" \/><\/figure>\n\n\n\n<p><\/p>\n\n\n\n<figure class=\"wp-block-image size-full\"><img loading=\"lazy\" decoding=\"async\" width=\"865\" height=\"490\" src=\"https:\/\/focotocantinense.com.br\/wp-content\/uploads\/2024\/12\/fffffffffffffffff.jpg\" alt=\"\" class=\"wp-image-9188\" srcset=\"https:\/\/focotocantinense.com.br\/wp-content\/uploads\/2024\/12\/fffffffffffffffff.jpg 865w, https:\/\/focotocantinense.com.br\/wp-content\/uploads\/2024\/12\/fffffffffffffffff-300x170.jpg 300w, https:\/\/focotocantinense.com.br\/wp-content\/uploads\/2024\/12\/fffffffffffffffff-768x435.jpg 768w\" sizes=\"auto, (max-width: 865px) 100vw, 865px\" \/><\/figure>\n\n\n\n<p><\/p>\n\n\n\n<figure class=\"wp-block-image size-full\"><img loading=\"lazy\" decoding=\"async\" width=\"843\" height=\"251\" src=\"https:\/\/focotocantinense.com.br\/wp-content\/uploads\/2024\/12\/VINI_181_282-1-5.jpg\" alt=\"\" class=\"wp-image-9189\" srcset=\"https:\/\/focotocantinense.com.br\/wp-content\/uploads\/2024\/12\/VINI_181_282-1-5.jpg 843w, https:\/\/focotocantinense.com.br\/wp-content\/uploads\/2024\/12\/VINI_181_282-1-5-300x89.jpg 300w, https:\/\/focotocantinense.com.br\/wp-content\/uploads\/2024\/12\/VINI_181_282-1-5-768x229.jpg 768w\" sizes=\"auto, (max-width: 843px) 100vw, 843px\" \/><\/figure>\n","protected":false},"excerpt":{"rendered":"<p>A Prefeitura Municipal de Tocant\u00ednia sob a gest\u00e3o do nosso prefeito Jo\u00e3o Alberto por meio da Secretaria de Assist\u00eancia Social, em parceria com a Secretaria Municipal de Educa\u00e7\u00e3o &#8211; SEMED, realizou ontem, na aldeia Brejo Cumprido, uma celebra\u00e7\u00e3o de Natal inesquec\u00edvel para as crian\u00e7as. O evento contou com apresenta\u00e7\u00f5es, brincadeiras animadas pela palha\u00e7a Lupita e &hellip;<\/p>\n","protected":false},"author":5,"featured_media":9173,"comment_status":"open","ping_status":"open","sticky":false,"template":"","format":"standard","meta":{"footnotes":""},"categories":[1],"tags":[],"class_list":["post-9172","post","type-post","status-publish","format-standard","has-post-thumbnail","","category-sem-categoria"],"_links":{"self":[{"href":"https:\/\/focotocantinense.com.br\/index.php?rest_route=\/wp\/v2\/posts\/9172","targetHints":{"allow":["GET"]}}],"collection":[{"href":"https:\/\/focotocantinense.com.br\/index.php?rest_route=\/wp\/v2\/posts"}],"about":[{"href":"https:\/\/focotocantinense.com.br\/index.php?rest_route=\/wp\/v2\/types\/post"}],"author":[{"embeddable":true,"href":"https:\/\/focotocantinense.com.br\/index.php?rest_route=\/wp\/v2\/users\/5"}],"replies":[{"embeddable":true,"href":"https:\/\/focotocantinense.com.br\/index.php?rest_route=%2Fwp%2Fv2%2Fcomments&post=9172"}],"version-history":[{"count":10,"href":"https:\/\/focotocantinense.com.br\/index.php?rest_route=\/wp\/v2\/posts\/9172\/revisions"}],"predecessor-version":[{"id":9192,"href":"https:\/\/focotocantinense.com.br\/index.php?rest_route=\/wp\/v2\/posts\/9172\/revisions\/9192"}],"wp:featuredmedia":[{"embeddable":true,"href":"https:\/\/focotocantinense.com.br\/index.php?rest_route=\/wp\/v2\/media\/9173"}],"wp:attachment":[{"href":"https:\/\/focotocantinense.com.br\/index.php?rest_route=%2Fwp%2Fv2%2Fmedia&parent=9172"}],"wp:term":[{"taxonomy":"category","embeddable":true,"href":"https:\/\/focotocantinense.com.br\/index.php?rest_route=%2Fwp%2Fv2%2Fcategories&post=9172"},{"taxonomy":"post_tag","embeddable":true,"href":"https:\/\/focotocantinense.com.br\/index.php?rest_route=%2Fwp%2Fv2%2Ftags&post=9172"}],"curies":[{"name":"wp","href":"https:\/\/api.w.org\/{rel}","templated":true}]}}