{"id":917,"date":"2021-03-11T12:19:10","date_gmt":"2021-03-11T15:19:10","guid":{"rendered":"https:\/\/focotocantinense.com.br\/?p=917"},"modified":"2021-03-11T12:19:12","modified_gmt":"2021-03-11T15:19:12","slug":"ats-conhece-projeto-de-instalacao-gratuita-de-caixas-dagua-para-a-populacao-carente-em-belem-do-para","status":"publish","type":"post","link":"https:\/\/focotocantinense.com.br\/?p=917","title":{"rendered":"ATS conhece projeto de instala\u00e7\u00e3o gratuita de caixas d\u2019\u00e1gua para a popula\u00e7\u00e3o carente em Bel\u00e9m do Par\u00e1"},"content":{"rendered":"\n<p><em>Inten\u00e7\u00e3o do Governo do Tocantins \u00e9 contemplar cerca de 14 mil fam\u00edlias de baixa renda com a instala\u00e7\u00e3o gratuita de reservat\u00f3rios de \u00e1gua<\/em><\/p>\n\n\n\n<p><strong>Nielcem Fernandes\/Governo do Tocantins<\/strong><\/p>\n\n\n\n<p>Representando o Governo do Tocantins, uma equipe da Ag\u00eancia Tocantinense de Saneamento (ATS) foi recebida pela diretoria da Companhia de Saneamento do Par\u00e1 (Cosanpa) nessa quarta-feira, 10, para conhecer os detalhes sobre o Programa Caixa D\u2019\u00e1gua Para Todos, desenvolvido de forma pioneira pelo governo do estado do Par\u00e1.<\/p>\n\n\n\n<p>Lan\u00e7ado no segundo semestre de 2020, o Caixa D\u2019\u00e1gua Para Todos j\u00e1 distribuiu e instalou quase 5 mil reservat\u00f3rios para clientes de baixa renda, contemplando mais de 25 mil pessoas que moram em Bel\u00e9m e na regi\u00e3o metropolitana da Capital paraense.<\/p>\n\n\n\n<p>O objetivo do Governo do Tocantins \u00e9 instalar cerca de 14 mil reservat\u00f3rios residenciais com capacidade de armazenamento de 500 litros de \u00e1gua cada um, beneficiando de maneira direta mais de 48 mil tocantinenses.<\/p>\n\n\n\n<p><strong>Qualidade<\/strong><strong>de<\/strong><strong>vida<\/strong><\/p>\n\n\n\n<p>O presidente da ATS, Davi Gouveia J\u00fanior afirmou que o intuito da visita da equipe tocantinense \u00e9 buscar novas pr\u00e1ticas para melhorar a qualidade de vida da popula\u00e7\u00e3o atendida pela Ag\u00eancia.<\/p>\n\n\n\n<p>\u201cAvaliar a viabilidade da implanta\u00e7\u00e3o desse projeto que ir\u00e1 beneficiar as fam\u00edlias carentes atendidas pela ATS, foi uma determina\u00e7\u00e3o do governador Mauro Carlesse. Nosso objetivo \u00e9 melhorar a qualidade de vida da popula\u00e7\u00e3o do nosso Estado por meio do fornecimento de \u00e1gua tratada de qualidade. Com a instala\u00e7\u00e3o desses reservat\u00f3rios, nossos clientes ter\u00e3o mais conforto em suas resid\u00eancias e consequentemente uma melhor qualidade de vida\u201d, argumentou o presidente.<\/p>\n\n\n\n<p><strong>Parceria<\/strong><\/p>\n\n\n\n<p>\u201cRecebemos a visita dos nossos colegas da diretoria da ATS, e com muito orgulho, estamos passando informa\u00e7\u00f5es sobre o Caixa D\u2019\u00e1gua Para Todos, para que eles possam estudar e analisar a viabilidade de um programa como esse l\u00e1 no Tocantins, dentro das caracter\u00edsticas do Estado. O que pudermos fazer para que a popula\u00e7\u00e3o, que usa o abastecimento de \u00e1gua possa ter melhores resultados, para n\u00f3s, ser\u00e1 uma grande satisfa\u00e7\u00e3o\u201d, destacou&nbsp;o presidente da Cosanpa, Jos\u00e9 Ant\u00f4nio De Angelis.<\/p>\n\n\n\n<p><strong>Viabilidade<\/strong><\/p>\n\n\n\n<p>\u201cEsse projeto chamou nossa aten\u00e7\u00e3o principalmente por que traz benef\u00edcios diretos a popula\u00e7\u00e3o de baixa renda que representa um grande percentual dos clientes atendidos pela ATS. \u00c9 um programa que trouxe resultados para a popula\u00e7\u00e3o do Par\u00e1 e n\u00f3s pretendemos levar esse modelo para o Tocantins. Como somos estados vizinhos, essa coopera\u00e7\u00e3o de tecnologia e de projetos, pode beneficiar a popula\u00e7\u00e3o carente que precisa desse benef\u00edcio\u201d, explicou o vice-presidente da ATS Aguinaldo Lima.<\/p>\n\n\n\n<p>\u201cA reuni\u00e3o foi muito proveitosa, tivemos informa\u00e7\u00f5es e trocamos experi\u00eancias em rela\u00e7\u00e3o ao que j\u00e1 foi instalado aqui pela Cosanpa. Vamos tentar viabilizar a implanta\u00e7\u00e3o desse projeto no Tocantins para proporcionar uma melhor reserva\u00e7\u00e3o de \u00e1gua aos nossos clientes e com isso diminuir eventuais problemas de desabastecimento\u201d, ressaltou o diretor de produ\u00e7\u00e3o da Ag\u00eancia, Marcos Ant\u00f4nio da Silva J\u00fanior, diretor de Produ\u00e7\u00e3o da ATS.<\/p>\n\n\n\n<p><strong>Benef\u00edcios<\/strong><\/p>\n\n\n\n<p>Ap\u00f3s a reuni\u00e3o na sede da Cosanpa, a equipe da ATS foi convidada a conhecer in loco a execu\u00e7\u00e3o do projeto. O gerente comercial da Ag\u00eancia, Bruno Queiroz observou que a instala\u00e7\u00e3o dos reservat\u00f3rios trouxe uma melhora significativa para o abastecimento da popula\u00e7\u00e3o assistida.<\/p>\n\n\n\n<p>\u201cVisitando a popula\u00e7\u00e3o contemplada com esse projeto, pudemos perceber a import\u00e2ncia da instala\u00e7\u00e3o desses reservat\u00f3rios para uma fam\u00edlia que n\u00e3o tem condi\u00e7\u00f5es de arcar com esse investimento. Essa reserva\u00e7\u00e3o de \u00e1gua na casa dos nossos clientes \u00e9 de fundamental import\u00e2ncia para aprimorar o atendimento \u00e0 popula\u00e7\u00e3o mais carente atendida pela Ag\u00eancia uma vez que a instala\u00e7\u00e3o ser\u00e1 feita de forma completamente gratuita\u201d, explicou.<\/p>\n\n\n\n<p>Uma das resid\u00eancias visitadas foi a da costureira Maria Jos\u00e9, moradora do bairro da Sacramenta. Ela lembrou do tempo que dependia de um cambur\u00e3o para armazenar \u00e1gua porque nunca teve condi\u00e7\u00f5es de instalar uma caixa d\u2019\u00e1gua em casa. Gra\u00e7as ao programa, ela tem esse benef\u00edcio em casa para atender as necessidades da fam\u00edlia.<\/p>\n\n\n\n<p>\u201cAqui quando faltava, ficava muito dif\u00edcil para carregar baldes de \u00e1gua do vizinho. Agora, ficou muito bom! Tenho \u00e1gua em casa sempre. O servi\u00e7o da Cosanpa est\u00e1 melhorando\u201d, asseverou Maria Jos\u00e9 Ara\u00fajo.<\/p>\n\n\n\n<p>Sugest\u00e3o de legendas:<\/p>\n\n\n\n<p>Cr\u00e9dito fotos: Nielcem Fernandes\\Governo do Tocantins<\/p>\n","protected":false},"excerpt":{"rendered":"<p>Inten\u00e7\u00e3o do Governo do Tocantins \u00e9 contemplar cerca de 14 mil fam\u00edlias de baixa renda com a instala\u00e7\u00e3o gratuita de reservat\u00f3rios de \u00e1gua Nielcem Fernandes\/Governo do Tocantins Representando o Governo do Tocantins, uma equipe da Ag\u00eancia Tocantinense de Saneamento (ATS) foi recebida pela diretoria da Companhia de Saneamento do Par\u00e1 (Cosanpa) nessa quarta-feira, 10, para &hellip;<\/p>\n","protected":false},"author":5,"featured_media":903,"comment_status":"open","ping_status":"open","sticky":false,"template":"","format":"standard","meta":{"footnotes":""},"categories":[1],"tags":[],"class_list":["post-917","post","type-post","status-publish","format-standard","has-post-thumbnail","","category-sem-categoria"],"_links":{"self":[{"href":"https:\/\/focotocantinense.com.br\/index.php?rest_route=\/wp\/v2\/posts\/917","targetHints":{"allow":["GET"]}}],"collection":[{"href":"https:\/\/focotocantinense.com.br\/index.php?rest_route=\/wp\/v2\/posts"}],"about":[{"href":"https:\/\/focotocantinense.com.br\/index.php?rest_route=\/wp\/v2\/types\/post"}],"author":[{"embeddable":true,"href":"https:\/\/focotocantinense.com.br\/index.php?rest_route=\/wp\/v2\/users\/5"}],"replies":[{"embeddable":true,"href":"https:\/\/focotocantinense.com.br\/index.php?rest_route=%2Fwp%2Fv2%2Fcomments&post=917"}],"version-history":[{"count":1,"href":"https:\/\/focotocantinense.com.br\/index.php?rest_route=\/wp\/v2\/posts\/917\/revisions"}],"predecessor-version":[{"id":918,"href":"https:\/\/focotocantinense.com.br\/index.php?rest_route=\/wp\/v2\/posts\/917\/revisions\/918"}],"wp:featuredmedia":[{"embeddable":true,"href":"https:\/\/focotocantinense.com.br\/index.php?rest_route=\/wp\/v2\/media\/903"}],"wp:attachment":[{"href":"https:\/\/focotocantinense.com.br\/index.php?rest_route=%2Fwp%2Fv2%2Fmedia&parent=917"}],"wp:term":[{"taxonomy":"category","embeddable":true,"href":"https:\/\/focotocantinense.com.br\/index.php?rest_route=%2Fwp%2Fv2%2Fcategories&post=917"},{"taxonomy":"post_tag","embeddable":true,"href":"https:\/\/focotocantinense.com.br\/index.php?rest_route=%2Fwp%2Fv2%2Ftags&post=917"}],"curies":[{"name":"wp","href":"https:\/\/api.w.org\/{rel}","templated":true}]}}