{"id":9151,"date":"2024-12-14T13:32:00","date_gmt":"2024-12-14T16:32:00","guid":{"rendered":"https:\/\/focotocantinense.com.br\/?p=9151"},"modified":"2024-12-14T13:41:38","modified_gmt":"2024-12-14T16:41:38","slug":"comite-de-cultura-no-tocantins-e-apresentado-oficialmente-a-sociedade-de-araguaina-e-regiao","status":"publish","type":"post","link":"https:\/\/focotocantinense.com.br\/?p=9151","title":{"rendered":"Comit\u00ea de Cultura no Tocantins \u00e9 apresentado oficialmente \u00e0 sociedade de Aragua\u00edna e regi\u00e3o"},"content":{"rendered":"\n<figure class=\"wp-block-image size-full is-resized\"><img loading=\"lazy\" decoding=\"async\" width=\"740\" height=\"488\" src=\"https:\/\/focotocantinense.com.br\/wp-content\/uploads\/2024\/12\/3-Comite-de-Cultura-no-Tocantins-leva-roda-de-conversa-com-o-poeta-Zacarias-Martins-a-Araguaina-2.jpg\" alt=\"\" class=\"wp-image-9149\" style=\"width:381px;height:auto\" srcset=\"https:\/\/focotocantinense.com.br\/wp-content\/uploads\/2024\/12\/3-Comite-de-Cultura-no-Tocantins-leva-roda-de-conversa-com-o-poeta-Zacarias-Martins-a-Araguaina-2.jpg 740w, https:\/\/focotocantinense.com.br\/wp-content\/uploads\/2024\/12\/3-Comite-de-Cultura-no-Tocantins-leva-roda-de-conversa-com-o-poeta-Zacarias-Martins-a-Araguaina-2-300x198.jpg 300w, https:\/\/focotocantinense.com.br\/wp-content\/uploads\/2024\/12\/3-Comite-de-Cultura-no-Tocantins-leva-roda-de-conversa-com-o-poeta-Zacarias-Martins-a-Araguaina-2-310x205.jpg 310w\" sizes=\"auto, (max-width: 740px) 100vw, 740px\" \/><\/figure>\n\n\n\n<p><\/p>\n\n\n\n<p><strong><em>Por Rodrigo Martins &#8211; Fotos: Divulga\u00e7\u00e3o<\/em><\/strong><\/p>\n\n\n\n<p>Com uma movimentada programa\u00e7\u00e3o, o Comit\u00ea de Cultura no Tocantins foi oficialmente apresentado \u00e0 sociedade de Aragua\u00edna, durante a realiza\u00e7\u00e3o do 4\u00ba Semin\u00e1rio de Pol\u00edticas Culturais, realizado nos dias 12 e 13 de dezembro.<\/p>\n\n\n\n<p>O evento come\u00e7ou&nbsp;&nbsp;na quinta-feira, no per\u00edodo da tarde, com uma roda de conversa com o poeta e jornalista Zacarias Martins, tendo como p\u00fablico-alvo&nbsp;&nbsp;os acad\u00eamicos da&nbsp;&nbsp;UNIIAL &#8211; Universidade de Identidades, Adultez e Longevidade, que \u00e9 um programa de extens\u00e3o da UFNT- Universidade&nbsp;&nbsp;Federal do Norte do Tocantins. Martins abordou o tema \u201cA import\u00e2ncia da melhor idade na centralidade da cultura por meio da literatura\u201d.<\/p>\n\n\n\n<figure class=\"wp-block-image size-large is-resized\"><img loading=\"lazy\" decoding=\"async\" width=\"1024\" height=\"465\" src=\"https:\/\/focotocantinense.com.br\/wp-content\/uploads\/2024\/12\/1-Seminario-de-Politicas-Culturais-em-Araguapina-Foto-Augusto-Rocha-1024x465.jpg\" alt=\"\" class=\"wp-image-9142\" style=\"width:384px;height:auto\" srcset=\"https:\/\/focotocantinense.com.br\/wp-content\/uploads\/2024\/12\/1-Seminario-de-Politicas-Culturais-em-Araguapina-Foto-Augusto-Rocha-1024x465.jpg 1024w, https:\/\/focotocantinense.com.br\/wp-content\/uploads\/2024\/12\/1-Seminario-de-Politicas-Culturais-em-Araguapina-Foto-Augusto-Rocha-300x136.jpg 300w, https:\/\/focotocantinense.com.br\/wp-content\/uploads\/2024\/12\/1-Seminario-de-Politicas-Culturais-em-Araguapina-Foto-Augusto-Rocha-768x349.jpg 768w, https:\/\/focotocantinense.com.br\/wp-content\/uploads\/2024\/12\/1-Seminario-de-Politicas-Culturais-em-Araguapina-Foto-Augusto-Rocha.jpg 1196w\" sizes=\"auto, (max-width: 1024px) 100vw, 1024px\" \/><\/figure>\n\n\n\n<p><\/p>\n\n\n\n<p>J\u00e1 \u00e0 noite, na Pra\u00e7a C\u00e9u, aconteceu a abertura&nbsp;&nbsp;do Semin\u00e1rio, que prosseguiu na sexta-feira, com a realiza\u00e7\u00e3o de oficinas e rodas de conversa para os fazedores de cultura.<\/p>\n\n\n\n<p>O evento contou com a presen\u00e7a&nbsp;&nbsp;do Coordenador do Escrit\u00f3rio Estadual do Minist\u00e9rio da Cultura (MinC) no Tocantins, C\u00edcero Bel\u00e9m, demais autoridades, bem como, do assessor t\u00e9cnico da Secretaria da Cultura do Estado do Tocantins, Du Oliveira, e representou o secret\u00e1rio de Cultura, Ti\u00e3o Pinheiro, al\u00e9m de gestores e agentes culturais.<\/p>\n\n\n\n<figure class=\"wp-block-image size-large\"><img loading=\"lazy\" decoding=\"async\" width=\"1024\" height=\"576\" src=\"https:\/\/focotocantinense.com.br\/wp-content\/uploads\/2024\/12\/2-Cicero-Belem-coordenador-do-Escritorio-do-MinC-no-Tocantins-Foto-Rodrigo-Martins-1024x576.jpg\" alt=\"\" class=\"wp-image-9158\" srcset=\"https:\/\/focotocantinense.com.br\/wp-content\/uploads\/2024\/12\/2-Cicero-Belem-coordenador-do-Escritorio-do-MinC-no-Tocantins-Foto-Rodrigo-Martins-1024x576.jpg 1024w, https:\/\/focotocantinense.com.br\/wp-content\/uploads\/2024\/12\/2-Cicero-Belem-coordenador-do-Escritorio-do-MinC-no-Tocantins-Foto-Rodrigo-Martins-300x169.jpg 300w, https:\/\/focotocantinense.com.br\/wp-content\/uploads\/2024\/12\/2-Cicero-Belem-coordenador-do-Escritorio-do-MinC-no-Tocantins-Foto-Rodrigo-Martins-768x432.jpg 768w, https:\/\/focotocantinense.com.br\/wp-content\/uploads\/2024\/12\/2-Cicero-Belem-coordenador-do-Escritorio-do-MinC-no-Tocantins-Foto-Rodrigo-Martins-1536x864.jpg 1536w, https:\/\/focotocantinense.com.br\/wp-content\/uploads\/2024\/12\/2-Cicero-Belem-coordenador-do-Escritorio-do-MinC-no-Tocantins-Foto-Rodrigo-Martins.jpg 1600w\" sizes=\"auto, (max-width: 1024px) 100vw, 1024px\" \/><\/figure>\n\n\n\n<p><\/p>\n\n\n\n<p><strong>Diretrizes culturais<\/strong><\/p>\n\n\n\n<p>Na oportunidade, o coordenador do escrit\u00f3rio do MinC&nbsp;&nbsp;no Tocantins explanou sobre os principais aspectos e diretrizes do Sistema Nacional de Cultura (SNC), proporcionando um panorama atualizado e aprofundado sobre o tema.<\/p>\n\n\n\n<p>C\u00edcero Bel\u00e9m explicou que o Programa Nacional dos Comit\u00eas de Cultura tem como objetivo principal a organiza\u00e7\u00e3o&nbsp;&nbsp;e articula\u00e7\u00e3o dos diversos agentes culturais para a execu\u00e7\u00e3o e promo\u00e7\u00e3o de pol\u00edticas p\u00fablicas que alcancem as demandas reais da sociedade.<\/p>\n\n\n\n<p>\u201cNo caso do Comit\u00ea&nbsp;&nbsp;de Cultura no Tocantins,&nbsp;&nbsp;seu papel ser\u00e1 primordial para atuar nas \u00e1reas priorit\u00e1rias identificadas por indicadores do IBGE e outros estudos que apontem onde&nbsp;&nbsp;h\u00e1 maior necessidade de investimentos e a\u00e7\u00f5es culturais do estado brasileiro\u201d, detalhou C\u00edcero.<\/p>\n\n\n\n<figure class=\"wp-block-image size-large\"><img loading=\"lazy\" decoding=\"async\" width=\"1024\" height=\"576\" src=\"https:\/\/focotocantinense.com.br\/wp-content\/uploads\/2024\/12\/3-Seminario-de-Politicas-Culturais-em-Araguapina-Foto-Rodrigo-Martins-1024x576.jpg\" alt=\"\" class=\"wp-image-9162\" srcset=\"https:\/\/focotocantinense.com.br\/wp-content\/uploads\/2024\/12\/3-Seminario-de-Politicas-Culturais-em-Araguapina-Foto-Rodrigo-Martins-1024x576.jpg 1024w, https:\/\/focotocantinense.com.br\/wp-content\/uploads\/2024\/12\/3-Seminario-de-Politicas-Culturais-em-Araguapina-Foto-Rodrigo-Martins-300x169.jpg 300w, https:\/\/focotocantinense.com.br\/wp-content\/uploads\/2024\/12\/3-Seminario-de-Politicas-Culturais-em-Araguapina-Foto-Rodrigo-Martins-768x432.jpg 768w, https:\/\/focotocantinense.com.br\/wp-content\/uploads\/2024\/12\/3-Seminario-de-Politicas-Culturais-em-Araguapina-Foto-Rodrigo-Martins-1536x864.jpg 1536w, https:\/\/focotocantinense.com.br\/wp-content\/uploads\/2024\/12\/3-Seminario-de-Politicas-Culturais-em-Araguapina-Foto-Rodrigo-Martins.jpg 1600w\" sizes=\"auto, (max-width: 1024px) 100vw, 1024px\" \/><\/figure>\n\n\n\n<p><\/p>\n\n\n\n<p><strong>Import\u00e2ncia<\/strong><\/p>\n\n\n\n<p>O presidente da Fetac&nbsp;&nbsp;e coordenador geral do Comit\u00ea de Cultura no Tocantins, Kak\u00e1 Nogueira, destacou que a realiza\u00e7\u00e3o desse semin\u00e1rio \u00e9 de grande import\u00e2ncia para Aragua\u00edna e cidades circunvizinhas. \u201c\u00c9 mais uma forma de integrar, fortalecer e unir a equipe que comp\u00f5e esse comit\u00ea, vez que ser\u00e3o desenvolvidas a\u00e7\u00f5es no decorrer&nbsp; de 24 meses consecutivos, expandindo as pol\u00edticas p\u00fablicas culturais em todas essas localidades\u201d, declarou.<\/p>\n\n\n\n<figure class=\"wp-block-image size-large\"><img loading=\"lazy\" decoding=\"async\" width=\"1024\" height=\"576\" src=\"https:\/\/focotocantinense.com.br\/wp-content\/uploads\/2024\/12\/5-Integrantes-da-coordenacao-do-Comite-de-Cultura-se-reuniram-para-tracar-metas-das-acoes-para-2025-1024x576.jpg\" alt=\"\" class=\"wp-image-9167\" srcset=\"https:\/\/focotocantinense.com.br\/wp-content\/uploads\/2024\/12\/5-Integrantes-da-coordenacao-do-Comite-de-Cultura-se-reuniram-para-tracar-metas-das-acoes-para-2025-1024x576.jpg 1024w, https:\/\/focotocantinense.com.br\/wp-content\/uploads\/2024\/12\/5-Integrantes-da-coordenacao-do-Comite-de-Cultura-se-reuniram-para-tracar-metas-das-acoes-para-2025-300x169.jpg 300w, https:\/\/focotocantinense.com.br\/wp-content\/uploads\/2024\/12\/5-Integrantes-da-coordenacao-do-Comite-de-Cultura-se-reuniram-para-tracar-metas-das-acoes-para-2025-768x432.jpg 768w, https:\/\/focotocantinense.com.br\/wp-content\/uploads\/2024\/12\/5-Integrantes-da-coordenacao-do-Comite-de-Cultura-se-reuniram-para-tracar-metas-das-acoes-para-2025-1536x864.jpg 1536w, https:\/\/focotocantinense.com.br\/wp-content\/uploads\/2024\/12\/5-Integrantes-da-coordenacao-do-Comite-de-Cultura-se-reuniram-para-tracar-metas-das-acoes-para-2025-2048x1153.jpg 2048w\" sizes=\"auto, (max-width: 1024px) 100vw, 1024px\" \/><\/figure>\n\n\n\n<p><\/p>\n\n\n\n<p><strong>Democratiza\u00e7\u00e3o das pol\u00edticas culturais<\/strong><\/p>\n\n\n\n<p>O presidente do&nbsp;&nbsp;Instituto Social e Cultural Araguaia e coordenador do Comit\u00ea de Cultura para a regi\u00e3o Norte do estado,&nbsp;&nbsp;George Henrique Silva,&nbsp;&nbsp;afirmou que&nbsp;&nbsp;&nbsp;esse semin\u00e1rio atingiu plenamente o seu objetivo que foi o de&nbsp; levar&nbsp; &nbsp;informa\u00e7\u00f5es sobre&nbsp; as metas pactuadas entre a Fetac e o&nbsp;&nbsp;Minist\u00e9rio da Cultura, especialmente, aquelas relacionadas \u00e0&nbsp; democratiza\u00e7\u00e3o do acesso \u00e0s pol\u00edticas p\u00fablicas de cultura no \u00e2mbito nacional,&nbsp; e a import\u00e2ncia do Sistema Nacional de Cultura (SNC) como agregador de rela\u00e7\u00f5es com os estados em munic\u00edpios, tendo foco no desenvolvimento da cultura em todo territ\u00f3rio nacional.<\/p>\n\n\n\n<figure class=\"wp-block-image size-large\"><img loading=\"lazy\" decoding=\"async\" width=\"1024\" height=\"768\" src=\"https:\/\/focotocantinense.com.br\/wp-content\/uploads\/2024\/12\/dfb766bd-4db8-496d-aaf6-d008bef82619-1024x768.jpg\" alt=\"\" class=\"wp-image-9164\" srcset=\"https:\/\/focotocantinense.com.br\/wp-content\/uploads\/2024\/12\/dfb766bd-4db8-496d-aaf6-d008bef82619-1024x768.jpg 1024w, https:\/\/focotocantinense.com.br\/wp-content\/uploads\/2024\/12\/dfb766bd-4db8-496d-aaf6-d008bef82619-300x225.jpg 300w, https:\/\/focotocantinense.com.br\/wp-content\/uploads\/2024\/12\/dfb766bd-4db8-496d-aaf6-d008bef82619-768x576.jpg 768w, https:\/\/focotocantinense.com.br\/wp-content\/uploads\/2024\/12\/dfb766bd-4db8-496d-aaf6-d008bef82619.jpg 1280w\" sizes=\"auto, (max-width: 1024px) 100vw, 1024px\" \/><\/figure>\n\n\n\n<p><\/p>\n\n\n\n<p><strong>Parceria<\/strong><\/p>\n\n\n\n<p>A Federa\u00e7\u00e3o Tocantinense de Artes C\u00eanicas &#8211; FETAC,&nbsp; conta com a parceria da Associa\u00e7\u00e3o Gurupiense de Artes\u00e3os (AGA) e do Instituto Cultural e Social Araguaia (ISCA). Essas institui\u00e7\u00f5es t\u00eam trabalhado juntas por meio de um termo de colabora\u00e7\u00e3o de dois anos firmado com o MinC, buscando implementar o Programa Nacional de Comit\u00eas de Cultura (PNCC), em diferentes regi\u00f5es do estado.<\/p>\n\n\n\n<figure class=\"wp-block-image size-full\"><img loading=\"lazy\" decoding=\"async\" width=\"843\" height=\"251\" src=\"https:\/\/focotocantinense.com.br\/wp-content\/uploads\/2024\/12\/VINI_181_282-1-4.jpg\" alt=\"\" class=\"wp-image-9137\" srcset=\"https:\/\/focotocantinense.com.br\/wp-content\/uploads\/2024\/12\/VINI_181_282-1-4.jpg 843w, https:\/\/focotocantinense.com.br\/wp-content\/uploads\/2024\/12\/VINI_181_282-1-4-300x89.jpg 300w, https:\/\/focotocantinense.com.br\/wp-content\/uploads\/2024\/12\/VINI_181_282-1-4-768x229.jpg 768w\" sizes=\"auto, (max-width: 843px) 100vw, 843px\" \/><\/figure>\n","protected":false},"excerpt":{"rendered":"<p>Por Rodrigo Martins &#8211; Fotos: Divulga\u00e7\u00e3o Com uma movimentada programa\u00e7\u00e3o, o Comit\u00ea de Cultura no Tocantins foi oficialmente apresentado \u00e0 sociedade de Aragua\u00edna, durante a realiza\u00e7\u00e3o do 4\u00ba Semin\u00e1rio de Pol\u00edticas Culturais, realizado nos dias 12 e 13 de dezembro. O evento come\u00e7ou&nbsp;&nbsp;na quinta-feira, no per\u00edodo da tarde, com uma roda de conversa com o &hellip;<\/p>\n","protected":false},"author":5,"featured_media":9142,"comment_status":"open","ping_status":"open","sticky":false,"template":"","format":"standard","meta":{"footnotes":""},"categories":[45],"tags":[],"class_list":["post-9151","post","type-post","status-publish","format-standard","has-post-thumbnail","","category-araguaina"],"_links":{"self":[{"href":"https:\/\/focotocantinense.com.br\/index.php?rest_route=\/wp\/v2\/posts\/9151","targetHints":{"allow":["GET"]}}],"collection":[{"href":"https:\/\/focotocantinense.com.br\/index.php?rest_route=\/wp\/v2\/posts"}],"about":[{"href":"https:\/\/focotocantinense.com.br\/index.php?rest_route=\/wp\/v2\/types\/post"}],"author":[{"embeddable":true,"href":"https:\/\/focotocantinense.com.br\/index.php?rest_route=\/wp\/v2\/users\/5"}],"replies":[{"embeddable":true,"href":"https:\/\/focotocantinense.com.br\/index.php?rest_route=%2Fwp%2Fv2%2Fcomments&post=9151"}],"version-history":[{"count":11,"href":"https:\/\/focotocantinense.com.br\/index.php?rest_route=\/wp\/v2\/posts\/9151\/revisions"}],"predecessor-version":[{"id":9170,"href":"https:\/\/focotocantinense.com.br\/index.php?rest_route=\/wp\/v2\/posts\/9151\/revisions\/9170"}],"wp:featuredmedia":[{"embeddable":true,"href":"https:\/\/focotocantinense.com.br\/index.php?rest_route=\/wp\/v2\/media\/9142"}],"wp:attachment":[{"href":"https:\/\/focotocantinense.com.br\/index.php?rest_route=%2Fwp%2Fv2%2Fmedia&parent=9151"}],"wp:term":[{"taxonomy":"category","embeddable":true,"href":"https:\/\/focotocantinense.com.br\/index.php?rest_route=%2Fwp%2Fv2%2Fcategories&post=9151"},{"taxonomy":"post_tag","embeddable":true,"href":"https:\/\/focotocantinense.com.br\/index.php?rest_route=%2Fwp%2Fv2%2Ftags&post=9151"}],"curies":[{"name":"wp","href":"https:\/\/api.w.org\/{rel}","templated":true}]}}