{"id":9128,"date":"2024-12-14T09:18:08","date_gmt":"2024-12-14T12:18:08","guid":{"rendered":"https:\/\/focotocantinense.com.br\/?p=9128"},"modified":"2024-12-14T09:21:44","modified_gmt":"2024-12-14T12:21:44","slug":"advogado-e-conselheiro-estadual-da-educacao-mauricio-luz-participa-de-posse-da-nova-reitoria-da-unirg","status":"publish","type":"post","link":"https:\/\/focotocantinense.com.br\/?p=9128","title":{"rendered":"Advogado e Conselheiro Estadual da Educa\u00e7\u00e3o, Mauricio Luz, participa de posse da nova reitoria da UnirG"},"content":{"rendered":"\n<p><\/p>\n\n\n\n<p>A posse da nova gest\u00e3o da reitoria da Universidade de Gurupi (UnirG), aconteceu nesta sexta-feira (13), no audit\u00f3rio do campus Jacinto Nunes da Silva. O advogado e Conselheiro Estadual da Educa\u00e7\u00e3o, Mauricio Luz, prestigiou o evento, e esteve como representante da Presidente do Conselho Estadual, Markes Cristiana.<\/p>\n\n\n\n<figure class=\"wp-block-image size-full is-resized\"><img loading=\"lazy\" decoding=\"async\" width=\"620\" height=\"464\" src=\"https:\/\/focotocantinense.com.br\/wp-content\/uploads\/2024\/12\/iran-1.jpg\" alt=\"\" class=\"wp-image-9131\" style=\"width:391px;height:auto\" srcset=\"https:\/\/focotocantinense.com.br\/wp-content\/uploads\/2024\/12\/iran-1.jpg 620w, https:\/\/focotocantinense.com.br\/wp-content\/uploads\/2024\/12\/iran-1-300x225.jpg 300w\" sizes=\"auto, (max-width: 620px) 100vw, 620px\" \/><\/figure>\n\n\n\n<p><\/p>\n\n\n\n<p>A nova reitora \u00e9 a professora Dr\u00aa Jaqueline de K\u00e1ssia Ribeiro eleita e o vice-reitor, Me. Paulo Henrique Costa Mattos. A Dr\u00aa Samara Tatiele Monteiro Gomes assumiu a Pr\u00f3-Reitoria de Gradua\u00e7\u00e3o; Ma. K\u00e1ttia Ferreira da Silva, a Pr\u00f3-Reitoria de Extens\u00e3o, Cultura Assist\u00eancia Estudantil e o PhD Dr\u00ba Walmirton Bezerra D\u2019Alessandro a Pr\u00f3-Reitoria de Pesquisa e P\u00f3s-Gradua\u00e7\u00e3o.<\/p>\n\n\n\n<p>Durante o discurso, o conselheiro estadual e advogado, Mauricio Luz, destacou a import\u00e2ncia da Universidade UnirG no processo de desenvolvimento pessoal, profissional e regional no Tocantins. Ele relembrou que se formou em direito pela UnirG em 2017 e se tornou servidor da Universidade desde 2018. Para ele, acompanhar o crescimento e fazer parte desse processo \u00e9 um privil\u00e9gio.<\/p>\n\n\n\n<figure class=\"wp-block-image size-large is-resized\"><img loading=\"lazy\" decoding=\"async\" width=\"768\" height=\"1024\" src=\"https:\/\/focotocantinense.com.br\/wp-content\/uploads\/2024\/12\/vvvvvvvv-768x1024.jpg\" alt=\"\" class=\"wp-image-9134\" style=\"width:837px;height:auto\" srcset=\"https:\/\/focotocantinense.com.br\/wp-content\/uploads\/2024\/12\/vvvvvvvv-768x1024.jpg 768w, https:\/\/focotocantinense.com.br\/wp-content\/uploads\/2024\/12\/vvvvvvvv-225x300.jpg 225w, https:\/\/focotocantinense.com.br\/wp-content\/uploads\/2024\/12\/vvvvvvvv-1152x1536.jpg 1152w, https:\/\/focotocantinense.com.br\/wp-content\/uploads\/2024\/12\/vvvvvvvv.jpg 1200w\" sizes=\"auto, (max-width: 768px) 100vw, 768px\" \/><\/figure>\n\n\n\n<p><\/p>\n\n\n\n<p>&#8220;Em todos esses anos da UnirG, o que \u00e9 not\u00f3rio \u00e9 o crescimento em todos os aspectos, e nos \u00faltimos seis anos, sob a gest\u00e3o da professora doutora Sara Falc\u00e3o, vimos avan\u00e7os significativos em termos de expans\u00e3o e moderniza\u00e7\u00e3o da institui\u00e7\u00e3o, abrangendo infraestrutura, oferta de novos cursos e consolida\u00e7\u00e3o de parcerias estrat\u00e9gicas&#8221;, destacou Mauricio.<br>Ainda segundo o representante, \u00e9 importante que a UnirG fa\u00e7a um pacto, com objetivo de fortalecimento das licenciaturas, tendo assim, um compromisso com uma educa\u00e7\u00e3o de qualidade.<\/p>\n\n\n\n<figure class=\"wp-block-image size-large\"><img loading=\"lazy\" decoding=\"async\" width=\"1024\" height=\"768\" src=\"https:\/\/focotocantinense.com.br\/wp-content\/uploads\/2024\/12\/zzzzzzzzzzzzzz-1024x768.jpg\" alt=\"\" class=\"wp-image-9135\" srcset=\"https:\/\/focotocantinense.com.br\/wp-content\/uploads\/2024\/12\/zzzzzzzzzzzzzz-1024x768.jpg 1024w, https:\/\/focotocantinense.com.br\/wp-content\/uploads\/2024\/12\/zzzzzzzzzzzzzz-300x225.jpg 300w, https:\/\/focotocantinense.com.br\/wp-content\/uploads\/2024\/12\/zzzzzzzzzzzzzz-768x576.jpg 768w, https:\/\/focotocantinense.com.br\/wp-content\/uploads\/2024\/12\/zzzzzzzzzzzzzz-1536x1152.jpg 1536w, https:\/\/focotocantinense.com.br\/wp-content\/uploads\/2024\/12\/zzzzzzzzzzzzzz.jpg 1600w\" sizes=\"auto, (max-width: 1024px) 100vw, 1024px\" \/><\/figure>\n\n\n\n<p><\/p>\n\n\n\n<figure class=\"wp-block-image size-full\"><img loading=\"lazy\" decoding=\"async\" width=\"843\" height=\"251\" src=\"https:\/\/focotocantinense.com.br\/wp-content\/uploads\/2024\/12\/VINI_181_282-1-4.jpg\" alt=\"\" class=\"wp-image-9137\" srcset=\"https:\/\/focotocantinense.com.br\/wp-content\/uploads\/2024\/12\/VINI_181_282-1-4.jpg 843w, https:\/\/focotocantinense.com.br\/wp-content\/uploads\/2024\/12\/VINI_181_282-1-4-300x89.jpg 300w, https:\/\/focotocantinense.com.br\/wp-content\/uploads\/2024\/12\/VINI_181_282-1-4-768x229.jpg 768w\" sizes=\"auto, (max-width: 843px) 100vw, 843px\" \/><\/figure>\n","protected":false},"excerpt":{"rendered":"<p>A posse da nova gest\u00e3o da reitoria da Universidade de Gurupi (UnirG), aconteceu nesta sexta-feira (13), no audit\u00f3rio do campus Jacinto Nunes da Silva. O advogado e Conselheiro Estadual da Educa\u00e7\u00e3o, Mauricio Luz, prestigiou o evento, e esteve como representante da Presidente do Conselho Estadual, Markes Cristiana. A nova reitora \u00e9 a professora Dr\u00aa Jaqueline &hellip;<\/p>\n","protected":false},"author":5,"featured_media":9129,"comment_status":"open","ping_status":"open","sticky":false,"template":"","format":"standard","meta":{"footnotes":""},"categories":[38],"tags":[],"class_list":["post-9128","post","type-post","status-publish","format-standard","has-post-thumbnail","","category-gurupi"],"_links":{"self":[{"href":"https:\/\/focotocantinense.com.br\/index.php?rest_route=\/wp\/v2\/posts\/9128","targetHints":{"allow":["GET"]}}],"collection":[{"href":"https:\/\/focotocantinense.com.br\/index.php?rest_route=\/wp\/v2\/posts"}],"about":[{"href":"https:\/\/focotocantinense.com.br\/index.php?rest_route=\/wp\/v2\/types\/post"}],"author":[{"embeddable":true,"href":"https:\/\/focotocantinense.com.br\/index.php?rest_route=\/wp\/v2\/users\/5"}],"replies":[{"embeddable":true,"href":"https:\/\/focotocantinense.com.br\/index.php?rest_route=%2Fwp%2Fv2%2Fcomments&post=9128"}],"version-history":[{"count":5,"href":"https:\/\/focotocantinense.com.br\/index.php?rest_route=\/wp\/v2\/posts\/9128\/revisions"}],"predecessor-version":[{"id":9140,"href":"https:\/\/focotocantinense.com.br\/index.php?rest_route=\/wp\/v2\/posts\/9128\/revisions\/9140"}],"wp:featuredmedia":[{"embeddable":true,"href":"https:\/\/focotocantinense.com.br\/index.php?rest_route=\/wp\/v2\/media\/9129"}],"wp:attachment":[{"href":"https:\/\/focotocantinense.com.br\/index.php?rest_route=%2Fwp%2Fv2%2Fmedia&parent=9128"}],"wp:term":[{"taxonomy":"category","embeddable":true,"href":"https:\/\/focotocantinense.com.br\/index.php?rest_route=%2Fwp%2Fv2%2Fcategories&post=9128"},{"taxonomy":"post_tag","embeddable":true,"href":"https:\/\/focotocantinense.com.br\/index.php?rest_route=%2Fwp%2Fv2%2Ftags&post=9128"}],"curies":[{"name":"wp","href":"https:\/\/api.w.org\/{rel}","templated":true}]}}