{"id":9115,"date":"2024-12-13T16:36:35","date_gmt":"2024-12-13T19:36:35","guid":{"rendered":"https:\/\/focotocantinense.com.br\/?p=9115"},"modified":"2024-12-13T16:45:01","modified_gmt":"2024-12-13T19:45:01","slug":"recital-poetico-de-natal-e-atracao-em-tocantinia","status":"publish","type":"post","link":"https:\/\/focotocantinense.com.br\/?p=9115","title":{"rendered":"Recital Po\u00e9tico de Natal \u00e9 atra\u00e7\u00e3o em Tocant\u00ednia"},"content":{"rendered":"\n<p>Na noite desta quinta-feira, 12, a Prefeitura de Tocant\u00ednia por meio da Secretaria Municipal de Educa\u00e7\u00e3o (Semed), promoveu o Recital Po\u00e9tico de Natal no sal\u00e3o do Cefya Frei Ant\u00f4nio, e&nbsp; que contou com as apresenta\u00e7\u00f5es de alunos da Rede Municipal de Educa\u00e7\u00e3o,&nbsp; agradando muito o p\u00fablico presente.<\/p>\n\n\n\n<figure class=\"wp-block-image size-large is-resized\"><img loading=\"lazy\" decoding=\"async\" width=\"1024\" height=\"460\" src=\"https:\/\/focotocantinense.com.br\/wp-content\/uploads\/2024\/12\/principal-1024x460.jpg\" alt=\"\" class=\"wp-image-9116\" style=\"width:405px;height:auto\" srcset=\"https:\/\/focotocantinense.com.br\/wp-content\/uploads\/2024\/12\/principal-1024x460.jpg 1024w, https:\/\/focotocantinense.com.br\/wp-content\/uploads\/2024\/12\/principal-300x135.jpg 300w, https:\/\/focotocantinense.com.br\/wp-content\/uploads\/2024\/12\/principal-768x345.jpg 768w, https:\/\/focotocantinense.com.br\/wp-content\/uploads\/2024\/12\/principal.jpg 1229w\" sizes=\"auto, (max-width: 1024px) 100vw, 1024px\" \/><\/figure>\n\n\n\n<p><\/p>\n\n\n\n<figure class=\"wp-block-image size-large is-resized\"><img loading=\"lazy\" decoding=\"async\" width=\"1024\" height=\"677\" src=\"https:\/\/focotocantinense.com.br\/wp-content\/uploads\/2024\/12\/2-Recital-Poetico-de-Natal-e-atracao-em-Tocantinia-1024x677.jpg\" alt=\"\" class=\"wp-image-9118\" style=\"width:396px;height:auto\" srcset=\"https:\/\/focotocantinense.com.br\/wp-content\/uploads\/2024\/12\/2-Recital-Poetico-de-Natal-e-atracao-em-Tocantinia-1024x677.jpg 1024w, https:\/\/focotocantinense.com.br\/wp-content\/uploads\/2024\/12\/2-Recital-Poetico-de-Natal-e-atracao-em-Tocantinia-300x198.jpg 300w, https:\/\/focotocantinense.com.br\/wp-content\/uploads\/2024\/12\/2-Recital-Poetico-de-Natal-e-atracao-em-Tocantinia-768x508.jpg 768w, https:\/\/focotocantinense.com.br\/wp-content\/uploads\/2024\/12\/2-Recital-Poetico-de-Natal-e-atracao-em-Tocantinia-1536x1016.jpg 1536w, https:\/\/focotocantinense.com.br\/wp-content\/uploads\/2024\/12\/2-Recital-Poetico-de-Natal-e-atracao-em-Tocantinia-310x205.jpg 310w, https:\/\/focotocantinense.com.br\/wp-content\/uploads\/2024\/12\/2-Recital-Poetico-de-Natal-e-atracao-em-Tocantinia.jpg 1600w\" sizes=\"auto, (max-width: 1024px) 100vw, 1024px\" \/><\/figure>\n\n\n\n<p><\/p>\n\n\n\n<p>O evento teve v\u00e1rias atra\u00e7\u00f5es que abrilhantaram a noite, como apresenta\u00e7\u00e3o da Orquestra Sinf\u00f4nica Municipal Edith da Silva Vieira, vozes natalinas com alunos da Escola Municipal de Educa\u00e7\u00e3o Infantil Ind\u00edgena Simsari, o EMEI Tereza Hil\u00e1rio Ribeiro, Cantata de Natal com a turma do Jardim II e Pr\u00e9-Escolar. Outra atra\u00e7\u00e3o tamb\u00e9m foi a apresenta\u00e7\u00e3o do&nbsp; coral formado por acad\u00eamicos da Universidade da Maturidade (UMA UFT\/Semed).<\/p>\n\n\n\n<figure class=\"wp-block-image size-large\"><img loading=\"lazy\" decoding=\"async\" width=\"1024\" height=\"456\" src=\"https:\/\/focotocantinense.com.br\/wp-content\/uploads\/2024\/12\/coral-da-uma-tocaninia-1024x456.jpg\" alt=\"\" class=\"wp-image-9120\" srcset=\"https:\/\/focotocantinense.com.br\/wp-content\/uploads\/2024\/12\/coral-da-uma-tocaninia-1024x456.jpg 1024w, https:\/\/focotocantinense.com.br\/wp-content\/uploads\/2024\/12\/coral-da-uma-tocaninia-300x134.jpg 300w, https:\/\/focotocantinense.com.br\/wp-content\/uploads\/2024\/12\/coral-da-uma-tocaninia-768x342.jpg 768w, https:\/\/focotocantinense.com.br\/wp-content\/uploads\/2024\/12\/coral-da-uma-tocaninia.jpg 1248w\" sizes=\"auto, (max-width: 1024px) 100vw, 1024px\" \/><\/figure>\n\n\n\n<p><\/p>\n\n\n\n<p>J\u00e1 os alunos da Escola Municipal Professor Pedro de Castro, por meio&nbsp; do Coral Sementes do Amanh\u00e3, tamb\u00e9m encantaram o p\u00fablico.&nbsp;<\/p>\n\n\n\n<p>A primeira-dama e secret\u00e1ria de Assist\u00eancia Social, S\u00e2mua Rosa, representando o prefeito da cidade, Jo\u00e3o Alberto, Coelho Machado, fez quest\u00e3o de prestigiar&nbsp; o evento&nbsp; &nbsp;e se emocionou com as apresenta\u00e7\u00f5es.<\/p>\n\n\n\n<figure class=\"wp-block-image size-large\"><img loading=\"lazy\" decoding=\"async\" width=\"1024\" height=\"566\" src=\"https:\/\/focotocantinense.com.br\/wp-content\/uploads\/2024\/12\/xxxxxxxxxx-1024x566.jpg\" alt=\"\" class=\"wp-image-9122\" srcset=\"https:\/\/focotocantinense.com.br\/wp-content\/uploads\/2024\/12\/xxxxxxxxxx-1024x566.jpg 1024w, https:\/\/focotocantinense.com.br\/wp-content\/uploads\/2024\/12\/xxxxxxxxxx-300x166.jpg 300w, https:\/\/focotocantinense.com.br\/wp-content\/uploads\/2024\/12\/xxxxxxxxxx-768x424.jpg 768w, https:\/\/focotocantinense.com.br\/wp-content\/uploads\/2024\/12\/xxxxxxxxxx.jpg 1100w\" sizes=\"auto, (max-width: 1024px) 100vw, 1024px\" \/><\/figure>\n\n\n\n<p><\/p>\n\n\n\n<p>Exteriorizando a sua veia po\u00e9tica, o&nbsp; secret\u00e1rio de Educa\u00e7\u00e3o, Andr\u00e9 Goveia, recitou poesia de sua autoria e, na ocasi\u00e3o, parabenizou as escolas pelas bel\u00edssimas apresenta\u00e7\u00f5es e agradeceu tamb\u00e9m ao prefeito Jo\u00e3o Alberto que vem realizando um trabalho que tem contribu\u00eddo efetivamente para melhorar ainda mais&nbsp; a educa\u00e7\u00e3o municipal.&nbsp;<\/p>\n\n\n\n<p>A noite encantada com v\u00e1rias apresenta\u00e7\u00f5es natalinas teve o encerramento com apresenta\u00e7\u00e3o do Coral da Luz.<\/p>\n\n\n\n<figure class=\"wp-block-image size-full\"><img loading=\"lazy\" decoding=\"async\" width=\"843\" height=\"251\" src=\"https:\/\/focotocantinense.com.br\/wp-content\/uploads\/2024\/12\/VINI_181_282-1-3.jpg\" alt=\"\" class=\"wp-image-9091\" srcset=\"https:\/\/focotocantinense.com.br\/wp-content\/uploads\/2024\/12\/VINI_181_282-1-3.jpg 843w, https:\/\/focotocantinense.com.br\/wp-content\/uploads\/2024\/12\/VINI_181_282-1-3-300x89.jpg 300w, https:\/\/focotocantinense.com.br\/wp-content\/uploads\/2024\/12\/VINI_181_282-1-3-768x229.jpg 768w\" sizes=\"auto, (max-width: 843px) 100vw, 843px\" \/><\/figure>\n","protected":false},"excerpt":{"rendered":"<p>Na noite desta quinta-feira, 12, a Prefeitura de Tocant\u00ednia por meio da Secretaria Municipal de Educa\u00e7\u00e3o (Semed), promoveu o Recital Po\u00e9tico de Natal no sal\u00e3o do Cefya Frei Ant\u00f4nio, e&nbsp; que contou com as apresenta\u00e7\u00f5es de alunos da Rede Municipal de Educa\u00e7\u00e3o,&nbsp; agradando muito o p\u00fablico presente. O evento teve v\u00e1rias atra\u00e7\u00f5es que abrilhantaram a &hellip;<\/p>\n","protected":false},"author":5,"featured_media":9116,"comment_status":"open","ping_status":"open","sticky":false,"template":"","format":"standard","meta":{"footnotes":""},"categories":[78],"tags":[],"class_list":["post-9115","post","type-post","status-publish","format-standard","has-post-thumbnail","","category-tocantinia"],"_links":{"self":[{"href":"https:\/\/focotocantinense.com.br\/index.php?rest_route=\/wp\/v2\/posts\/9115","targetHints":{"allow":["GET"]}}],"collection":[{"href":"https:\/\/focotocantinense.com.br\/index.php?rest_route=\/wp\/v2\/posts"}],"about":[{"href":"https:\/\/focotocantinense.com.br\/index.php?rest_route=\/wp\/v2\/types\/post"}],"author":[{"embeddable":true,"href":"https:\/\/focotocantinense.com.br\/index.php?rest_route=\/wp\/v2\/users\/5"}],"replies":[{"embeddable":true,"href":"https:\/\/focotocantinense.com.br\/index.php?rest_route=%2Fwp%2Fv2%2Fcomments&post=9115"}],"version-history":[{"count":8,"href":"https:\/\/focotocantinense.com.br\/index.php?rest_route=\/wp\/v2\/posts\/9115\/revisions"}],"predecessor-version":[{"id":9127,"href":"https:\/\/focotocantinense.com.br\/index.php?rest_route=\/wp\/v2\/posts\/9115\/revisions\/9127"}],"wp:featuredmedia":[{"embeddable":true,"href":"https:\/\/focotocantinense.com.br\/index.php?rest_route=\/wp\/v2\/media\/9116"}],"wp:attachment":[{"href":"https:\/\/focotocantinense.com.br\/index.php?rest_route=%2Fwp%2Fv2%2Fmedia&parent=9115"}],"wp:term":[{"taxonomy":"category","embeddable":true,"href":"https:\/\/focotocantinense.com.br\/index.php?rest_route=%2Fwp%2Fv2%2Fcategories&post=9115"},{"taxonomy":"post_tag","embeddable":true,"href":"https:\/\/focotocantinense.com.br\/index.php?rest_route=%2Fwp%2Fv2%2Ftags&post=9115"}],"curies":[{"name":"wp","href":"https:\/\/api.w.org\/{rel}","templated":true}]}}