{"id":9095,"date":"2024-12-09T19:52:59","date_gmt":"2024-12-09T22:52:59","guid":{"rendered":"https:\/\/focotocantinense.com.br\/?p=9095"},"modified":"2024-12-09T20:06:42","modified_gmt":"2024-12-09T23:06:42","slug":"academia-palmense-de-letras-elege-nova-diretoria","status":"publish","type":"post","link":"https:\/\/focotocantinense.com.br\/?p=9095","title":{"rendered":"Academia Palmense de Letras elege nova diretoria"},"content":{"rendered":"\n<p>A Academia Palmense de Letras \u2013 APL elegeu nesta segunda-feira (09) a sua nova Diretoria Executiva, que representar\u00e1 a entidade pelo pr\u00f3ximo tri\u00eanio (2025\/2027). Foi eleita a chapa \u201cAPL Participativa\u201d, que tem como presidente o escritor Orion Milhomem, como vice-presidente o escritor M\u00facio Breckenfeld, como tesoureira a escritora Francisquinha Laranjeira e como secret\u00e1ria a escritora Luciana Aglantzakis. A chapa eleita foi a \u00fanica inscrita no pleito, pois \u00e9 tradi\u00e7\u00e3o da academia eleger a sua diretoria de maneira consensual entre os membros.<\/p>\n\n\n\n<p>Segundo o presidente eleito, Orion Milhomem, a nova gest\u00e3o pretende ampliar a visibilidade institucional da APL e valorizar os escritores palmenses. \u201cFaremos gest\u00e3o para que suas obras sejam adquiridas pelo poder p\u00fablico para prover as escolas e bibliotecas p\u00fablicas, bem como exigidas nos vestibulares de nossas universidades\u201d, afirmou. A nova diretoria tamb\u00e9m pretende realizar concursos e saraus liter\u00e1rios, fomentando a participa\u00e7\u00e3o de estudantes e jovens escritores, al\u00e9m de promover palestras liter\u00e1rias nas escolas.<\/p>\n\n\n\n<p>A elei\u00e7\u00e3o ocorreu das 9h \u00e0s 17h de forma virtual (atrav\u00e9s de um link de vota\u00e7\u00e3o). Foram 22 acad\u00eamicos votantes e a chapa recebeu 100% dos votos. Todo o processo eleitoral foi conduzido pela Comiss\u00e3o Eleitoral formada pelos acad\u00eamicos D\u00eddimo Heleno P\u00f3voa Aires, Lu\u00eds Ot\u00e1vio de Queiroz Fraz e M\u00e1rcio Gon\u00e7alves Moreira.<\/p>\n\n\n\n<p>A nova diretoria tomar\u00e1 posse formalmente no dia 12 de dezembro e, posteriormente, organizar\u00e1 a solenidade de posse aberta ao p\u00fablico, em data a ser programada.<\/p>\n\n\n\n<p><strong>Quem s\u00e3o os eleitos?<\/strong><\/p>\n\n\n\n<p><strong>Orion Milhomem Ribeiro<\/strong>&nbsp;\u00e9 poeta, escritor e palestrante. \u00c9 formado em Direito e p\u00f3s-graduado em Direito P\u00fablico. \u00c9 autor dos livros&nbsp;<em>Ess\u00eancia Po\u00e9tica&nbsp;<\/em>(Editora Diplomata, 2007),&nbsp;<em>Em Ritmo de Amor &amp; Poesia&nbsp;<\/em>(Editora Dial\u00e9tica, 2022) e&nbsp;<em>No Embalo do Cora\u00e7\u00e3o&nbsp;<\/em>(Editora Dial\u00e9tica, 2024). Tem participa\u00e7\u00e3o nas antologias po\u00e9ticas Sarau Brasil 2016 e 2017 (Concurso Nacional Novos Poetas). Venceu o 1\u00ba Concurso de Poesias e Contos Dalva Lucas Kertesz, com o poema&nbsp;<em>\u201cTeus Olhos\u201d<\/em>. \u00c9 membro da APL, cadeira 25, cujo patrono \u00e9 Olavo Bilac. J\u00e1 foi presidente do Diret\u00f3rio Central dos Estudantes da Unitins, Oficial de Justi\u00e7a, Secret\u00e1rio de Juventude e Esportes da capital e Vereador na C\u00e2mara Municipal de Palmas. Atualmente \u00e9 Analista Judici\u00e1rio do Tribunal de Justi\u00e7a do Tocantins.<\/p>\n\n\n\n<p><strong>M\u00facio Jos\u00e9 Breckenfeld Fernandes<\/strong>&nbsp;\u00e9 m\u00e9dico, fil\u00f3sofo, advogado, poeta e escritor. \u00c9 vice-presidente da Academia Tocantinense de Letras e fundador e idealizador da Academia Palmense de Letras. Escreveu&nbsp;<em>Folhas de um vento espalhado<\/em>,&nbsp;<em>Caleidosc\u00f3pio de Emo\u00e7\u00f5es, Poesia Peregrina<\/em>&nbsp;e o&nbsp;<em>Teatro de M\u00facio Breckenfeld,<\/em>&nbsp;volume I. \u00c9 membro efetivo da cadeira n\u00ba&nbsp;01 da APL. Foi o primeiro presidente da APL (tri\u00eanio 2002-2005).<\/p>\n\n\n\n<p><strong>Francisquinha Laranjeira Carvalho&nbsp;<\/strong>\u00e9 historiadora mestre, p\u00f3s-graduada em gest\u00e3o de cidades e especialista em Conserva\u00e7\u00e3o de Patrim\u00f4nio Hist\u00f3rico e Cultural da Am\u00e9rica Latina. Escreveu as obras hist\u00f3ricas:&nbsp;<em>Fronteiras e Conquistas pelo Araguaia -s\u00e9culo XIX;<\/em>&nbsp;<em>Nas \u00c1guas do Araguaia &#8211; a hibridez e a navega\u00e7\u00e3o pelo Araguaia;<\/em>&nbsp;<em>Taquaru\u00e7u.<\/em>&nbsp;\u00c9 autora de v\u00e1rios artigos, dentre eles: Rio Araguaia: o caminho dos sert\u00f5es. Cientista cultural e apreciadora das artes e das pr\u00e1ticas culturais. \u00c9 membro efetivo da cadeira n\u2070 7 da APL. Foi presidente da entidade (tri\u00eanio 2019-2022), sendo autora do projeto Ter\u00e7a Liter\u00e1ria, que promoveu apresenta\u00e7\u00f5es teatrais das obras dos escritores da APL.<\/p>\n\n\n\n<figure class=\"wp-block-image size-full is-resized\"><img loading=\"lazy\" decoding=\"async\" width=\"552\" height=\"397\" src=\"https:\/\/focotocantinense.com.br\/wp-content\/uploads\/2024\/12\/bbbb.jpg\" alt=\"\" class=\"wp-image-9096\" style=\"width:840px;height:auto\" srcset=\"https:\/\/focotocantinense.com.br\/wp-content\/uploads\/2024\/12\/bbbb.jpg 552w, https:\/\/focotocantinense.com.br\/wp-content\/uploads\/2024\/12\/bbbb-300x216.jpg 300w\" sizes=\"auto, (max-width: 552px) 100vw, 552px\" \/><\/figure>\n\n\n\n<p><strong><em>Orion Milhomem \u00e9 o novo  presidente da Academia Palmense de Letras<\/em><\/strong><\/p>\n\n\n\n<p><strong>Luciana Costa Aglantzakis&nbsp;<\/strong>\u00e9 poetisa e escritora. \u00c9 formada em direito, em comunica\u00e7\u00e3o social e tamb\u00e9m graduada em letras e portugu\u00eas. Possui diversas p\u00f3s-gradua\u00e7\u00f5es em direito, al\u00e9m de mestrado em Ci\u00eancias Jur\u00eddicas pela Universidade de Lisboa. Atualmente, \u00e9 ju\u00edza estadual do Tribunal de Justi\u00e7a do Estado do Tocantins. \u00c9 membro efetivo da cadeira n\u00ba 08 da APL.&nbsp;<\/p>\n\n\n\n<figure class=\"wp-block-image size-full\"><img loading=\"lazy\" decoding=\"async\" width=\"843\" height=\"251\" src=\"https:\/\/focotocantinense.com.br\/wp-content\/uploads\/2024\/12\/VINI_181_282-1-3.jpg\" alt=\"\" class=\"wp-image-9091\" srcset=\"https:\/\/focotocantinense.com.br\/wp-content\/uploads\/2024\/12\/VINI_181_282-1-3.jpg 843w, https:\/\/focotocantinense.com.br\/wp-content\/uploads\/2024\/12\/VINI_181_282-1-3-300x89.jpg 300w, https:\/\/focotocantinense.com.br\/wp-content\/uploads\/2024\/12\/VINI_181_282-1-3-768x229.jpg 768w\" sizes=\"auto, (max-width: 843px) 100vw, 843px\" \/><\/figure>\n","protected":false},"excerpt":{"rendered":"<p>A Academia Palmense de Letras \u2013 APL elegeu nesta segunda-feira (09) a sua nova Diretoria Executiva, que representar\u00e1 a entidade pelo pr\u00f3ximo tri\u00eanio (2025\/2027). Foi eleita a chapa \u201cAPL Participativa\u201d, que tem como presidente o escritor Orion Milhomem, como vice-presidente o escritor M\u00facio Breckenfeld, como tesoureira a escritora Francisquinha Laranjeira e como secret\u00e1ria a escritora &hellip;<\/p>\n","protected":false},"author":5,"featured_media":9096,"comment_status":"open","ping_status":"open","sticky":false,"template":"","format":"standard","meta":{"footnotes":""},"categories":[104],"tags":[],"class_list":["post-9095","post","type-post","status-publish","format-standard","has-post-thumbnail","","category-cultura"],"_links":{"self":[{"href":"https:\/\/focotocantinense.com.br\/index.php?rest_route=\/wp\/v2\/posts\/9095","targetHints":{"allow":["GET"]}}],"collection":[{"href":"https:\/\/focotocantinense.com.br\/index.php?rest_route=\/wp\/v2\/posts"}],"about":[{"href":"https:\/\/focotocantinense.com.br\/index.php?rest_route=\/wp\/v2\/types\/post"}],"author":[{"embeddable":true,"href":"https:\/\/focotocantinense.com.br\/index.php?rest_route=\/wp\/v2\/users\/5"}],"replies":[{"embeddable":true,"href":"https:\/\/focotocantinense.com.br\/index.php?rest_route=%2Fwp%2Fv2%2Fcomments&post=9095"}],"version-history":[{"count":4,"href":"https:\/\/focotocantinense.com.br\/index.php?rest_route=\/wp\/v2\/posts\/9095\/revisions"}],"predecessor-version":[{"id":9103,"href":"https:\/\/focotocantinense.com.br\/index.php?rest_route=\/wp\/v2\/posts\/9095\/revisions\/9103"}],"wp:featuredmedia":[{"embeddable":true,"href":"https:\/\/focotocantinense.com.br\/index.php?rest_route=\/wp\/v2\/media\/9096"}],"wp:attachment":[{"href":"https:\/\/focotocantinense.com.br\/index.php?rest_route=%2Fwp%2Fv2%2Fmedia&parent=9095"}],"wp:term":[{"taxonomy":"category","embeddable":true,"href":"https:\/\/focotocantinense.com.br\/index.php?rest_route=%2Fwp%2Fv2%2Fcategories&post=9095"},{"taxonomy":"post_tag","embeddable":true,"href":"https:\/\/focotocantinense.com.br\/index.php?rest_route=%2Fwp%2Fv2%2Ftags&post=9095"}],"curies":[{"name":"wp","href":"https:\/\/api.w.org\/{rel}","templated":true}]}}