{"id":9089,"date":"2024-12-09T19:24:18","date_gmt":"2024-12-09T22:24:18","guid":{"rendered":"https:\/\/focotocantinense.com.br\/?p=9089"},"modified":"2024-12-09T19:25:31","modified_gmt":"2024-12-09T22:25:31","slug":"seminario-de-politicas-culturais-sera-realizado-em-araguaina-nos-dias-12-e-13-de-dezembro","status":"publish","type":"post","link":"https:\/\/focotocantinense.com.br\/?p=9089","title":{"rendered":"Semin\u00e1rio de Pol\u00edticas Culturais ser\u00e1 realizado em Aragua\u00edna nos dias 12 e 13 de dezembro"},"content":{"rendered":"\n<p><strong>Por Rodrigo Martins<\/strong><\/p>\n\n\n\n<p>A Pra\u00e7a C\u00e9u, em Aragua\u00edna\/TO, ser\u00e1 o palco do\u00a04\u00ba Semin\u00e1rio de Pol\u00edticas Culturais, promovido pelo Comit\u00ea de Cultura no Tocantins, nos dias 12 e 13 de dezembro. Sob a coordena\u00e7\u00e3o da Federa\u00e7\u00e3o Tocantinense de Artes C\u00eanicas (FETAC) e execu\u00e7\u00e3o do Instituto Social e Cultural\u00a0 Araguaia (ISCA), o evento ter\u00e1 sua abertura oficial \u00e0s 19h do dia 12, dando in\u00edcio a uma programa\u00e7\u00e3o diversificada que inclui\u00a0apresenta\u00e7\u00e3o do Comit\u00ea de Cultura, palestras, apresenta\u00e7\u00f5es art\u00edsticas, rodas de conversa e oficinas.<\/p>\n\n\n\n<figure class=\"wp-block-image size-large is-resized\"><img loading=\"lazy\" decoding=\"async\" width=\"1024\" height=\"655\" src=\"https:\/\/focotocantinense.com.br\/wp-content\/uploads\/2024\/12\/Comite-de-Cultura-do-Tocantins-1024x655.jpg\" alt=\"\" class=\"wp-image-9090\" style=\"width:363px;height:auto\" srcset=\"https:\/\/focotocantinense.com.br\/wp-content\/uploads\/2024\/12\/Comite-de-Cultura-do-Tocantins-1024x655.jpg 1024w, https:\/\/focotocantinense.com.br\/wp-content\/uploads\/2024\/12\/Comite-de-Cultura-do-Tocantins-300x192.jpg 300w, https:\/\/focotocantinense.com.br\/wp-content\/uploads\/2024\/12\/Comite-de-Cultura-do-Tocantins-768x492.jpg 768w, https:\/\/focotocantinense.com.br\/wp-content\/uploads\/2024\/12\/Comite-de-Cultura-do-Tocantins-1536x983.jpg 1536w, https:\/\/focotocantinense.com.br\/wp-content\/uploads\/2024\/12\/Comite-de-Cultura-do-Tocantins.jpg 1600w\" sizes=\"auto, (max-width: 1024px) 100vw, 1024px\" \/><\/figure>\n\n\n\n<p><\/p>\n\n\n\n<p>Entre os destaques da programa\u00e7\u00e3o, est\u00e1 a presen\u00e7a de&nbsp;C\u00edcero Bel\u00e9m, Coordenador do Escrit\u00f3rio Estadual do Minist\u00e9rio da Cultura no Tocantins, que ministrar\u00e1 a palestra&nbsp;&#8220;Pol\u00edtica Nacional do Sistema de Cultura e seus componentes&#8221;. A palestra abordar\u00e1 os principais aspectos e diretrizes do Sistema Nacional de Cultura (SNC), proporcionando um panorama atualizado e aprofundado sobre o tema para gestores e agentes culturais.<\/p>\n\n\n\n<p>O semin\u00e1rio faz parte do&nbsp;Programa Nacional dos Comit\u00eas de Cultura (PNCC)&nbsp;e do Sistema Nacional de Cultura (SNC), com o objetivo de promover a coopera\u00e7\u00e3o federativa e dar mais visibilidade \u00e0 cultura como pol\u00edtica p\u00fablica. &#8220;Queremos criar um espa\u00e7o para o di\u00e1logo entre a sociedade e o poder p\u00fablico, ajudando a qualificar gestores e a expandir o acesso \u00e0 cultura em todas as comunidades do Tocantins&#8221;, destacou George Henrique, Coordenador Regional Norte do Comit\u00ea de Cultura no Tocantins e Diretor Regional Norte da FETAC.<\/p>\n\n\n\n<p>A organiza\u00e7\u00e3o do semin\u00e1rio conta com a parceria do Minist\u00e9rio da Cultura (MinC), da&nbsp;Associa\u00e7\u00e3o Gurupiense de Artes\u00e3os (AGA)&nbsp;e do&nbsp;Instituto Social e Cultural Araguaia (ISCA). Essas institui\u00e7\u00f5es t\u00eam trabalhado juntas por meio de um termo de colabora\u00e7\u00e3o de dois anos firmado com o MinC, buscando implementar o PNCC em diferentes regi\u00f5es do Estado.<\/p>\n\n\n\n<p>&#8220;Esse evento faz parte de uma s\u00e9rie de semin\u00e1rios que j\u00e1 percorreu v\u00e1rias cidades tocantinenses, promovendo encontros valiosos entre representantes locais e o Comit\u00ea de Cultura. Regi\u00f5es como Gurupi, no sul do estado, e Dian\u00f3polis, no sudeste, j\u00e1 receberam iniciativas semelhantes, e agora \u00e9 a vez de Aragua\u00edna refor\u00e7ar sua import\u00e2ncia no cen\u00e1rio cultural do Tocantins&#8221;, explicou Kak\u00e1 Nogueira, presidente da FETAC.<\/p>\n\n\n\n<p><strong>COMIT\u00ca DE CULTURA<\/strong><\/p>\n\n\n\n<p>O Comit\u00ea de Cultura no Tocantins, com sede em Palmas, conta com coordena\u00e7\u00e3o geral de Kak\u00e1 Nogueira, Coordena\u00e7\u00e3o Executiva de Wanderson Ramos, Coordena\u00e7\u00e3o Metodol\u00f3gica de Luara Aquino, Coordena\u00e7\u00e3o de Comunica\u00e7\u00e3o de Bell Gama, al\u00e9m de dezenas de outros trabalhadores e representa\u00e7\u00f5es regionais em Gurupi e Aragua\u00edna, que articulam as a\u00e7\u00f5es em suas respectivas \u00e1reas. O trabalho em Aragua\u00edna refor\u00e7a o compromisso de expandir a atua\u00e7\u00e3o cultural no norte do estado.<\/p>\n\n\n\n<p>Com uma programa\u00e7\u00e3o rica e diversa, o semin\u00e1rio em Aragua\u00edna busca ser um marco para os agentes culturais locais, incentivando o debate e fortalecendo o cen\u00e1rio cultural no Tocantins.<\/p>\n\n\n\n<figure class=\"wp-block-image size-full\"><img loading=\"lazy\" decoding=\"async\" width=\"843\" height=\"251\" src=\"https:\/\/focotocantinense.com.br\/wp-content\/uploads\/2024\/12\/VINI_181_282-1-3.jpg\" alt=\"\" class=\"wp-image-9091\" srcset=\"https:\/\/focotocantinense.com.br\/wp-content\/uploads\/2024\/12\/VINI_181_282-1-3.jpg 843w, https:\/\/focotocantinense.com.br\/wp-content\/uploads\/2024\/12\/VINI_181_282-1-3-300x89.jpg 300w, https:\/\/focotocantinense.com.br\/wp-content\/uploads\/2024\/12\/VINI_181_282-1-3-768x229.jpg 768w\" sizes=\"auto, (max-width: 843px) 100vw, 843px\" \/><\/figure>\n","protected":false},"excerpt":{"rendered":"<p>Por Rodrigo Martins A Pra\u00e7a C\u00e9u, em Aragua\u00edna\/TO, ser\u00e1 o palco do\u00a04\u00ba Semin\u00e1rio de Pol\u00edticas Culturais, promovido pelo Comit\u00ea de Cultura no Tocantins, nos dias 12 e 13 de dezembro. Sob a coordena\u00e7\u00e3o da Federa\u00e7\u00e3o Tocantinense de Artes C\u00eanicas (FETAC) e execu\u00e7\u00e3o do Instituto Social e Cultural\u00a0 Araguaia (ISCA), o evento ter\u00e1 sua abertura oficial &hellip;<\/p>\n","protected":false},"author":5,"featured_media":9090,"comment_status":"open","ping_status":"open","sticky":false,"template":"","format":"standard","meta":{"footnotes":""},"categories":[45],"tags":[],"class_list":["post-9089","post","type-post","status-publish","format-standard","has-post-thumbnail","","category-araguaina"],"_links":{"self":[{"href":"https:\/\/focotocantinense.com.br\/index.php?rest_route=\/wp\/v2\/posts\/9089","targetHints":{"allow":["GET"]}}],"collection":[{"href":"https:\/\/focotocantinense.com.br\/index.php?rest_route=\/wp\/v2\/posts"}],"about":[{"href":"https:\/\/focotocantinense.com.br\/index.php?rest_route=\/wp\/v2\/types\/post"}],"author":[{"embeddable":true,"href":"https:\/\/focotocantinense.com.br\/index.php?rest_route=\/wp\/v2\/users\/5"}],"replies":[{"embeddable":true,"href":"https:\/\/focotocantinense.com.br\/index.php?rest_route=%2Fwp%2Fv2%2Fcomments&post=9089"}],"version-history":[{"count":3,"href":"https:\/\/focotocantinense.com.br\/index.php?rest_route=\/wp\/v2\/posts\/9089\/revisions"}],"predecessor-version":[{"id":9094,"href":"https:\/\/focotocantinense.com.br\/index.php?rest_route=\/wp\/v2\/posts\/9089\/revisions\/9094"}],"wp:featuredmedia":[{"embeddable":true,"href":"https:\/\/focotocantinense.com.br\/index.php?rest_route=\/wp\/v2\/media\/9090"}],"wp:attachment":[{"href":"https:\/\/focotocantinense.com.br\/index.php?rest_route=%2Fwp%2Fv2%2Fmedia&parent=9089"}],"wp:term":[{"taxonomy":"category","embeddable":true,"href":"https:\/\/focotocantinense.com.br\/index.php?rest_route=%2Fwp%2Fv2%2Fcategories&post=9089"},{"taxonomy":"post_tag","embeddable":true,"href":"https:\/\/focotocantinense.com.br\/index.php?rest_route=%2Fwp%2Fv2%2Ftags&post=9089"}],"curies":[{"name":"wp","href":"https:\/\/api.w.org\/{rel}","templated":true}]}}