{"id":9081,"date":"2024-12-08T11:59:57","date_gmt":"2024-12-08T14:59:57","guid":{"rendered":"https:\/\/focotocantinense.com.br\/?p=9081"},"modified":"2024-12-08T12:03:12","modified_gmt":"2024-12-08T15:03:12","slug":"comite-de-cultura-no-tocantins-faz-uma-avaliacao-positiva-das-realizacoes-na-regiao-sul-do-estado","status":"publish","type":"post","link":"https:\/\/focotocantinense.com.br\/?p=9081","title":{"rendered":"Comit\u00ea de Cultura no Tocantins faz uma avalia\u00e7\u00e3o positiva das realiza\u00e7\u00f5es na regi\u00e3o sul do estado"},"content":{"rendered":"\n<p><\/p>\n\n\n\n<p><em><strong>Por Zacarias Martins<\/strong><\/em><\/p>\n\n\n\n<p>A coordena\u00e7\u00e3o do Comit\u00ea de Cultura no Tocantins &#8211; Regi\u00e3o Sul, com sede em Gurupi, realizou uma reu8ni\u00e3o de trabalho na manh\u00e3 desta s\u00e1bado, dia 07, nas depend\u00eancias do Clube dos Banc\u00e1rios, para fazer uma avalia\u00e7\u00e3o das atividades realizadas durante este ano, bem como, tra\u00e7a as estrat\u00e9gias que ser\u00e3o colocada em pr\u00e1tica a partir de janeiro de 2025.<\/p>\n\n\n\n<figure class=\"wp-block-image size-large is-resized\"><img loading=\"lazy\" decoding=\"async\" width=\"1024\" height=\"576\" src=\"https:\/\/focotocantinense.com.br\/wp-content\/uploads\/2024\/12\/Reuniao-do-Comkite-de-Cultura-em-Gurupi-Foto-Letticia-Japiassu-1-1024x576.jpg\" alt=\"\" class=\"wp-image-9086\" style=\"width:385px;height:auto\" srcset=\"https:\/\/focotocantinense.com.br\/wp-content\/uploads\/2024\/12\/Reuniao-do-Comkite-de-Cultura-em-Gurupi-Foto-Letticia-Japiassu-1-1024x576.jpg 1024w, https:\/\/focotocantinense.com.br\/wp-content\/uploads\/2024\/12\/Reuniao-do-Comkite-de-Cultura-em-Gurupi-Foto-Letticia-Japiassu-1-300x169.jpg 300w, https:\/\/focotocantinense.com.br\/wp-content\/uploads\/2024\/12\/Reuniao-do-Comkite-de-Cultura-em-Gurupi-Foto-Letticia-Japiassu-1-768x432.jpg 768w, https:\/\/focotocantinense.com.br\/wp-content\/uploads\/2024\/12\/Reuniao-do-Comkite-de-Cultura-em-Gurupi-Foto-Letticia-Japiassu-1-1536x864.jpg 1536w, https:\/\/focotocantinense.com.br\/wp-content\/uploads\/2024\/12\/Reuniao-do-Comkite-de-Cultura-em-Gurupi-Foto-Letticia-Japiassu-1-2048x1152.jpg 2048w\" sizes=\"auto, (max-width: 1024px) 100vw, 1024px\" \/><\/figure>\n\n\n\n<p><\/p>\n\n\n\n<p>A presidente da Associa\u00e7\u00e3o Gurupiense dos Artes\u00e3os (AGA) e coordenadora do Comit\u00ea de Cultura para a regi\u00e3o &nbsp;sul do Tocantins, Maria do Socorro Barros, &nbsp;comemorou os bons resultados do trabalho colocado em pr\u00e1tica at\u00e9 este momento, citando como exemplos, a realiza\u00e7\u00e3o dos Semin\u00e1rios de &nbsp;Cultura realizados em Gurupi e Dian\u00f3polis, bem como, a realiza\u00e7\u00e3o de importantes parcerias com v\u00e1rias institui\u00e7\u00f5es, possibilitando assim, &nbsp;que o Comit\u00ea de Cultura &nbsp;ampliasse o leque de atua\u00e7\u00e3o, tanto no fomento cultural, como na capacita\u00e7\u00e3o e profissionaliza\u00e7\u00e3o dos fazedores de cultura da regi\u00e3o.<br>Sobre o Comit\u00ea<br>&nbsp;<br>O Comit\u00ea de Cultura no Tocantins \u00e9 fruto de uma parceria entre a Federa\u00e7\u00e3o Tocantinense de Artes C\u00eanicas (FETAC), Associa\u00e7\u00e3o Gurupiense de Artes\u00e3os (AGA), e o Instituto Social Cultural Araguaia (ISCA). Al\u00e9m da sede que fica em Palmas, sob a com a coordena\u00e7\u00e3o geral de Kak\u00e1 Nogueira, Wanderson Ramos e de uma equipe gestora, o \u00f3rg\u00e3o que &nbsp;integra o Programa Nacional de Comit\u00eas de Cultura do Minist\u00e9rio da Cultura, conta com &nbsp;representa\u00e7\u00e3o em Gurupi, com atua\u00e7\u00e3o para as regi\u00f5es sul e sudeste, bem como, &nbsp;em Aragua\u00edna, com atua\u00e7\u00e3o em todo o norte do Tocantins.<\/p>\n\n\n\n<figure class=\"wp-block-image size-full\"><img loading=\"lazy\" decoding=\"async\" width=\"843\" height=\"251\" src=\"https:\/\/focotocantinense.com.br\/wp-content\/uploads\/2024\/12\/VINI_181_282-1-2.jpg\" alt=\"\" class=\"wp-image-9084\" srcset=\"https:\/\/focotocantinense.com.br\/wp-content\/uploads\/2024\/12\/VINI_181_282-1-2.jpg 843w, https:\/\/focotocantinense.com.br\/wp-content\/uploads\/2024\/12\/VINI_181_282-1-2-300x89.jpg 300w, https:\/\/focotocantinense.com.br\/wp-content\/uploads\/2024\/12\/VINI_181_282-1-2-768x229.jpg 768w\" sizes=\"auto, (max-width: 843px) 100vw, 843px\" \/><\/figure>\n\n\n\n<p><\/p>\n","protected":false},"excerpt":{"rendered":"<p>Por Zacarias Martins A coordena\u00e7\u00e3o do Comit\u00ea de Cultura no Tocantins &#8211; Regi\u00e3o Sul, com sede em Gurupi, realizou uma reu8ni\u00e3o de trabalho na manh\u00e3 desta s\u00e1bado, dia 07, nas depend\u00eancias do Clube dos Banc\u00e1rios, para fazer uma avalia\u00e7\u00e3o das atividades realizadas durante este ano, bem como, tra\u00e7a as estrat\u00e9gias que ser\u00e3o colocada em pr\u00e1tica &hellip;<\/p>\n","protected":false},"author":5,"featured_media":9082,"comment_status":"open","ping_status":"open","sticky":false,"template":"","format":"standard","meta":{"footnotes":""},"categories":[38,1],"tags":[],"class_list":["post-9081","post","type-post","status-publish","format-standard","has-post-thumbnail","","category-gurupi","category-sem-categoria"],"_links":{"self":[{"href":"https:\/\/focotocantinense.com.br\/index.php?rest_route=\/wp\/v2\/posts\/9081","targetHints":{"allow":["GET"]}}],"collection":[{"href":"https:\/\/focotocantinense.com.br\/index.php?rest_route=\/wp\/v2\/posts"}],"about":[{"href":"https:\/\/focotocantinense.com.br\/index.php?rest_route=\/wp\/v2\/types\/post"}],"author":[{"embeddable":true,"href":"https:\/\/focotocantinense.com.br\/index.php?rest_route=\/wp\/v2\/users\/5"}],"replies":[{"embeddable":true,"href":"https:\/\/focotocantinense.com.br\/index.php?rest_route=%2Fwp%2Fv2%2Fcomments&post=9081"}],"version-history":[{"count":4,"href":"https:\/\/focotocantinense.com.br\/index.php?rest_route=\/wp\/v2\/posts\/9081\/revisions"}],"predecessor-version":[{"id":9088,"href":"https:\/\/focotocantinense.com.br\/index.php?rest_route=\/wp\/v2\/posts\/9081\/revisions\/9088"}],"wp:featuredmedia":[{"embeddable":true,"href":"https:\/\/focotocantinense.com.br\/index.php?rest_route=\/wp\/v2\/media\/9082"}],"wp:attachment":[{"href":"https:\/\/focotocantinense.com.br\/index.php?rest_route=%2Fwp%2Fv2%2Fmedia&parent=9081"}],"wp:term":[{"taxonomy":"category","embeddable":true,"href":"https:\/\/focotocantinense.com.br\/index.php?rest_route=%2Fwp%2Fv2%2Fcategories&post=9081"},{"taxonomy":"post_tag","embeddable":true,"href":"https:\/\/focotocantinense.com.br\/index.php?rest_route=%2Fwp%2Fv2%2Ftags&post=9081"}],"curies":[{"name":"wp","href":"https:\/\/api.w.org\/{rel}","templated":true}]}}